{"id":1315,"date":"2024-02-22T12:58:19","date_gmt":"2024-02-22T11:58:19","guid":{"rendered":"https:\/\/cafeprensa.com.ar\/?p=1315"},"modified":"2024-02-22T12:58:19","modified_gmt":"2024-02-22T11:58:19","slug":"mas-de-120-000-beneficiarios-de-planes-sociales-viajaron-al-exterior-entre-2020-y-2023-segun-una-denuncia-del-gobierno-ante-la-justicia","status":"publish","type":"post","link":"https:\/\/cafeprensa.com.ar\/index.php\/2024\/02\/22\/mas-de-120-000-beneficiarios-de-planes-sociales-viajaron-al-exterior-entre-2020-y-2023-segun-una-denuncia-del-gobierno-ante-la-justicia\/","title":{"rendered":"M\u00e1s de 120.000 beneficiarios de planes sociales viajaron al exterior entre 2020 y 2023, seg\u00fan una denuncia del Gobierno ante la Justicia"},"content":{"rendered":"<div class=\"lay --apertura\">\n<div class=\"row\">\n<div class=\"col-12\">\n<div class=\"hidden\">\n<p class=\"com-title --font-primary --sixxl --font-extra\"><span style=\"font-size: 12pt;\">En ese per\u00edodo casi 3000 beneficiarios del Potenciar Trabajo viajaron en avi\u00f3n o en crucero; la presentaci\u00f3n la hizo el ministerio que dirige Sandra Pettovello; hace foco en irregularidades de la gesti\u00f3n anterior.<\/span><\/p>\n<\/div>\n<\/div>\n<\/div>\n<\/div>\n<div class=\"lay-sidebar\">\n<div class=\"sidebar__main\">\n<div class=\"row\">\n<div class=\"col-12 \">\n<div class=\"hidden\">\n<section class=\"mod-opening\">\n<div class=\"content-media\">\n<section id=\"MY4ZNJW4NBCNXAAYU654MFFXH4\" class=\"mod-media   \" role=\"button\">\n<figure class=\"mod-figure --horizontal\" role=\"button\">\n<div class=\"placeholder \">\n<div class=\"com-image\"><picture><source srcset=\"https:\/\/www.lanacion.com.ar\/resizer\/v2\/las-marchas-por-el-plan-potenciar-trabajo-son-MY4ZNJW4NBCNXAAYU654MFFXH4.jpg?auth=20441801954a85da7d05f27aa8894813fe6004e1c67d6957c118bc4e71e40958&amp;width=880&amp;height=586&amp;quality=70&amp;smart=true\" media=\"(min-width: 768px)\" \/><img loading=\"lazy\" decoding=\"async\" class=\"image flex com-image --cover\" src=\"https:\/\/www.lanacion.com.ar\/resizer\/v2\/las-marchas-por-el-plan-potenciar-trabajo-son-MY4ZNJW4NBCNXAAYU654MFFXH4.jpg?auth=20441801954a85da7d05f27aa8894813fe6004e1c67d6957c118bc4e71e40958&amp;width=420&amp;height=280&amp;quality=70&amp;smart=true\" alt=\"Las marchas por el plan Potenciar Trabajo son recurrentes en la avenida 9 de Julio\" width=\"768\" height=\"513\" \/><\/picture><\/div>\n<\/div><figcaption class=\"mod-figcaption\"><span class=\"com-text --caption --twoxs\">Las marchas por el plan Potenciar Trabajo son recurrentes en la avenida 9 de Julio<\/span><\/figcaption><\/figure>\n<\/section>\n<\/div>\n<\/section>\n<\/div>\n<\/div>\n<\/div>\n<section class=\"cuerpo__nota\" data-mrf-recirculation=\"n_links\">\n<div class=\"row\">\n<div class=\"col-deskxl-10 offset-deskxl-1 col-desksm-11\">\n<div class=\"row\">\n<div class=\"col-12\">\n<p class=\"com-paragraph  --capital --s\">El Gobierno denunci\u00f3 ante la Justicia a miles de beneficiarios del plan\u00a0<strong>Potenciar Trabajo<\/strong>\u00a0porque viajaron fuera de Latinoam\u00e9rica, en cruceros o aviones, y estuvieron m\u00e1s de un mes fuera del pa\u00eds. La presentaci\u00f3n -a la que accedi\u00f3 LA NACION- la realiz\u00f3 el ministerio de Capital Humano que dirige<strong>\u00a0Sandra Pettovello\u00a0<\/strong>ante el fiscal Eduardo Taiano, que viene reuniendo esta informaci\u00f3n desde la gesti\u00f3n de Alberto Fern\u00e1ndez, en una causa que le deleg\u00f3 el juez federal Juli\u00e1n Ercolini.<\/p>\n<p class=\"com-paragraph   --s\">En el expediente se present\u00f3 Leila Daniela Gianni, subsecretaria Legal del Ministerio de Capital Humano, y adjunt\u00f3 un informe producto de cruzar las bases de datos de Migraciones con la de beneficiarios del Potenciar Trabajo. El trabajo concluy\u00f3 que entre marzo de 2020 -cuando se cre\u00f3 el programa- y diciembre de 2023 hubo\u00a0<strong>122.600 titulares activos<\/strong>\u00a0que aparecieron en los<strong> registros migratorios. <\/strong>Unos 85 titulares viajaron a destinos fuera de Latinoam\u00e9rica,\u00a0<strong>2939<\/strong>\u00a0titulares viajaron en avi\u00f3n o crucero,\u00a0<strong>14.695\u00a0<\/strong>titulares viajaron por un per\u00edodo mayor a 30 d\u00edas. Y<strong>\u00a04782\u00a0<\/strong>beneficiarios registraron m\u00e1s de un criterio analizado. En total, son<strong>\u00a022.501\u00a0<\/strong>los titulares activos del plan Potenciar Trabajo que aparecen en al menos alguno de los tres criterios analizados, se indic\u00f3 en el documento que el gobierno present\u00f3 ante la Justicia.<\/p>\n<div class=\"content-media\">\n<section class=\"mod-media --zoom  \" role=\"button\">\n<figure class=\"mod-figure \" role=\"button\">\n<div class=\"placeholder \">\n<div class=\"com-image\"><picture><source srcset=\"https:\/\/resizer.glanacion.com\/resizer\/v2\/la-ministra-de-capital-humano-sandra-DCHLJDQSLNH5XAPHDD634MI3HY.JPG?auth=689f704f24d371d33e670bba05b74c2df3c23aaeff877d4147cc03eec84b47f4&amp;width=780&amp;height=517&amp;quality=70&amp;smart=true\" media=\"(min-width: 768px)\" \/><img loading=\"lazy\" decoding=\"async\" class=\"image flex com-image --cover\" src=\"https:\/\/resizer.glanacion.com\/resizer\/v2\/la-ministra-de-capital-humano-sandra-DCHLJDQSLNH5XAPHDD634MI3HY.JPG?auth=689f704f24d371d33e670bba05b74c2df3c23aaeff877d4147cc03eec84b47f4&amp;width=420&amp;height=278&amp;quality=70&amp;smart=true\" alt=\"La ministra de Capital Humano Sandra Pettovello\" width=\"2000\" height=\"1325\" \/><\/picture><\/div>\n<\/div><figcaption class=\"mod-figcaption\"><span class=\"com-text --caption --twoxs\">La ministra de Capital Humano Sandra Pettovello<\/span><\/figcaption><\/figure>\n<\/section>\n<\/div>\n<p class=\"com-paragraph   --s\">En febrero de 2024, los montos del programa del Potenciar Trabajo -que paga el ANSES- se mantienen en 78.000 pesos por cada beneficiario. Es la misma suma que percibieron en diciembre de 2023 y enero de 2024. El fiscal federal\u00a0<strong>Guillermo Mariju\u00e1n<\/strong>\u00a0comenz\u00f3 el a\u00f1o pasado haciendo un entrecruzamiento de informaci\u00f3n de la base de beneficiarios del plan con la AFIP y radic\u00f3 una denuncia que qued\u00f3 en el juzgado de\u00a0<strong>Juli\u00e1n Ercolini<\/strong>.<\/p>\n<p class=\"com-paragraph   --s\">Ercolini deleg\u00f3 la investigaci\u00f3n en el fiscal<strong>\u00a0Eduardo Taiano<\/strong>, quien tom\u00f3 tambi\u00e9n la denuncia realizada por el diputado\u00a0<strong>Waldo Wolf<\/strong>, ahora ministro de Seguridad porte\u00f1o. Las mayores sospechas son que gente que tiene empleo formal registrado, algunos pr\u00f3fugos de la Justicia o bien titulares de locales comerciales, as\u00ed como arrendatarios, percib\u00edan el Potenciar Trabajo.<\/p>\n<p class=\"com-paragraph   --s\">El fiscal Taiano solicit\u00f3 a la AFIP un informe y al Banco Central pidi\u00f3 que notifique \u201ccu\u00e1l es la cantidad de beneficiarios que cobran por transferencia y qu\u00e9 otros lo hacen por cajero\u201d. El 29 de diciembre pasado, Pettovello dio de baja 4.588 planes porque los beneficiarios eran empleados p\u00fablicos en 14 provincias que fueron analizadas.<\/p>\n<div class=\"content-media\">\n<section class=\"mod-media --zoom  \" role=\"button\">\n<figure class=\"mod-figure \" role=\"button\">\n<div class=\"placeholder \">\n<div class=\"com-image\"><picture><source srcset=\"https:\/\/resizer.glanacion.com\/resizer\/v2\/la-diputada-victoria-tolosa-paz-exministra-de-O6R5HKHIMFEH5O5UUNCMKS7T3I.JPG?auth=d3a36e41033772024bcf74730d40b8da208500f3badc8df914a9646dfbf9e5a6&amp;width=780&amp;height=520&amp;quality=70&amp;smart=true\" media=\"(min-width: 768px)\" \/><img loading=\"lazy\" decoding=\"async\" class=\"image flex com-image --cover\" src=\"https:\/\/resizer.glanacion.com\/resizer\/v2\/la-diputada-victoria-tolosa-paz-exministra-de-O6R5HKHIMFEH5O5UUNCMKS7T3I.JPG?auth=d3a36e41033772024bcf74730d40b8da208500f3badc8df914a9646dfbf9e5a6&amp;width=420&amp;height=280&amp;quality=70&amp;smart=true\" alt=\"La diputada Victoria Tolosa Paz, exministra de Desarrollo Social\" width=\"1999\" height=\"1333\" \/><\/picture><\/div>\n<\/div><figcaption class=\"mod-figcaption\"><span class=\"com-text --caption --twoxs\">La diputada Victoria Tolosa Paz, exministra de Desarrollo Social <\/span><span class=\"com-text --credit --twoxs\">Santiago Filipuzzi<\/span><\/figcaption><\/figure>\n<\/section>\n<\/div>\n<p class=\"com-paragraph   --s\">El programa depend\u00eda en el gobierno anterior de\u00a0<strong>Emilio P\u00e9rsico<\/strong>\u00a0y la ministra era la actual diputada\u00a0<strong>Victoria Tolosa Paz<\/strong>. Ambos quedaron imputados por Marijuan el a\u00f1o pasado por no dar de baja a los beneficiarios que cobraban ese plan social por fuera de las normas establecidas. Por ejemplo, s<mark class=\"hl_underline\">e descubri\u00f3 entonces que 160.000 personas viajaron al exterior en aviones privados, yates, autos y aerol\u00edneas<\/mark>.<\/p>\n<p class=\"com-paragraph   --s\">Es incompatible con el plan \u201cla existencia de empleo formal registrado, a excepci\u00f3n de los trabajadores temporarios o estacionales conforme lo contemplado\u201d o las personas que \u201crealicen alguna prestaci\u00f3n social y\/o de empleo en el estado provincial, municipal o en organizaciones no gubernamentales cuyas tareas suplante la actividad propia de los empleados de los mismos\u201d.<\/p>\n<\/div>\n<\/div>\n<\/div>\n<\/div>\n<\/section>\n<\/div>\n<\/div>\n","protected":false},"excerpt":{"rendered":"<p>En ese per\u00edodo casi 3000 beneficiarios del Potenciar Trabajo viajaron en avi\u00f3n o en crucero; la presentaci\u00f3n la hizo el ministerio que dirige Sandra Pettovello; hace foco en irregularidades de la gesti\u00f3n anterior. Las marchas por el plan Potenciar Trabajo son recurrentes en la avenida 9 de Julio El Gobierno denunci\u00f3 ante la Justicia a &hellip;<\/p>\n","protected":false},"author":2,"featured_media":1316,"comment_status":"open","ping_status":"open","sticky":false,"template":"","format":"standard","meta":{"footnotes":""},"categories":[54,33],"tags":[125,126],"class_list":["post-1315","post","type-post","status-publish","format-standard","has-post-thumbnail","hentry","category-interes-ganeral","category-nacionales","tag-planes","tag-viajes"],"_links":{"self":[{"href":"https:\/\/cafeprensa.com.ar\/index.php\/wp-json\/wp\/v2\/posts\/1315","targetHints":{"allow":["GET"]}}],"collection":[{"href":"https:\/\/cafeprensa.com.ar\/index.php\/wp-json\/wp\/v2\/posts"}],"about":[{"href":"https:\/\/cafeprensa.com.ar\/index.php\/wp-json\/wp\/v2\/types\/post"}],"author":[{"embeddable":true,"href":"https:\/\/cafeprensa.com.ar\/index.php\/wp-json\/wp\/v2\/users\/2"}],"replies":[{"embeddable":true,"href":"https:\/\/cafeprensa.com.ar\/index.php\/wp-json\/wp\/v2\/comments?post=1315"}],"version-history":[{"count":1,"href":"https:\/\/cafeprensa.com.ar\/index.php\/wp-json\/wp\/v2\/posts\/1315\/revisions"}],"predecessor-version":[{"id":1317,"href":"https:\/\/cafeprensa.com.ar\/index.php\/wp-json\/wp\/v2\/posts\/1315\/revisions\/1317"}],"wp:featuredmedia":[{"embeddable":true,"href":"https:\/\/cafeprensa.com.ar\/index.php\/wp-json\/wp\/v2\/media\/1316"}],"wp:attachment":[{"href":"https:\/\/cafeprensa.com.ar\/index.php\/wp-json\/wp\/v2\/media?parent=1315"}],"wp:term":[{"taxonomy":"category","embeddable":true,"href":"https:\/\/cafeprensa.com.ar\/index.php\/wp-json\/wp\/v2\/categories?post=1315"},{"taxonomy":"post_tag","embeddable":true,"href":"https:\/\/cafeprensa.com.ar\/index.php\/wp-json\/wp\/v2\/tags?post=1315"}],"curies":[{"name":"wp","href":"https:\/\/api.w.org\/{rel}","templated":true}]}}