{"id":1338,"date":"2024-02-23T13:20:27","date_gmt":"2024-02-23T12:20:27","guid":{"rendered":"https:\/\/cafeprensa.com.ar\/?p=1338"},"modified":"2024-02-23T13:20:27","modified_gmt":"2024-02-23T12:20:27","slug":"el-concejal-arnedo-pidio-una-auditoria-externa-para-las-empresas-de-colectivos","status":"publish","type":"post","link":"https:\/\/cafeprensa.com.ar\/index.php\/2024\/02\/23\/el-concejal-arnedo-pidio-una-auditoria-externa-para-las-empresas-de-colectivos\/","title":{"rendered":"El concejal Arnedo pidi\u00f3 una auditor\u00eda externa para las empresas de colectivos"},"content":{"rendered":"<div class=\"col-xl-10 col-lg-10 col-md-10\">\n<div class=\"articleHead \">\n<p id=\"spksumary\">\u00abEl objetivo es hacer p\u00fablico el estado general de las empresas\u00bb, sostuvo el concejal.<\/p>\n<p>En medio de la creciente crisis que afecta al sector del transporte p\u00fablico de pasajeros en Tucum\u00e1n, el concejal <a href=\"https:\/\/www.lagaceta.com.ar\/tags\/3404\/carlos-arnedo\" target=\"_blank\" rel=\"noopener noreferrer\" data-mrf-link=\"https:\/\/www.lagaceta.com.ar\/tags\/3404\/carlos-arnedo\"><strong>Carlos Arnedo<\/strong><\/a>\u00a0present\u00f3 un proyecto de ordenanza que busca una exhaustiva auditor\u00eda para todas las l\u00edneas de colectivo que operan en la capital.<\/p>\n<\/div>\n<\/div>\n<div class=\"col-xl-9 col-lg-10 col-md-12\">\n<div id=\"articleContent\" class=\"row justify-content-center\">\n<div class=\"col-xl-10\">\n<div class=\"articleBody\" data-mrf-recirculation=\"articleBody\">\n<p><em><strong>\u00abImpulsamos desde el concejo una auditor\u00eda externa para las diferentes l\u00edneas de colectivos que transitan nuestra ciudad. Hay que auditar todo lo referente a log\u00edstica, estados contables, financieros y jur\u00eddicos, recursos humanos, t\u00e9cnicos y administrativos, infraestructura y gesti\u00f3n ambiental\u00bb, afirm\u00f3. Y explic\u00f3 que \u00abel objetivo es transparentar y hacer p\u00fablico el estado general en que se encuentran dichas empresas prestatarias del servicio\u00bb.<\/strong><\/em><\/p>\n<\/div>\n<\/div>\n<div class=\"col-xl-10\">\n<div class=\"articleBody\" data-mrf-recirculation=\"articleBody\">\n<p>Arnedo tambi\u00e9n propone un enfoque colaborativo al sugerir que el Ejecutivo municipal establezca convenios con universidades p\u00fablicas y privadas. Estas instituciones ser\u00edan responsables de llevar a cabo las auditor\u00edas. \u00abDe esta manera, podemos garantizar que los controles se realicen de manera clara y transparente\u00bb, a\u00f1adi\u00f3.<\/p>\n<\/div>\n<\/div>\n<div class=\"col-xl-10\">\n<div class=\"articleBody\" data-mrf-recirculation=\"articleBody\">\n<p>El concejal destac\u00f3 la necesidad de apoyo del Concejo Deliberante para que la intendenta\u00a0<strong>Rossana Chahla<\/strong>\u00a0pueda llevar a cabo estos controles. Seg\u00fan Arnedo, las empresas no est\u00e1n cumpliendo con las exigencias del Ejecutivo en cuanto a la presentaci\u00f3n de documentaci\u00f3n necesaria para el funcionamiento del servicio. \u00abDesde el Concejo vamos a acompa\u00f1ar al Ejecutivo Municipal para garantizar la transparencia de las empresas de transporte y el bienestar de los usuarios. Por eso tambi\u00e9n estamos a favor de la implementaci\u00f3n de la tarjeta SUBE, para subsidiar el pasaje a quienes m\u00e1s lo necesitan y utilizan con frecuencia el servicio\u00bb, concluy\u00f3.<\/p>\n<\/div>\n<\/div>\n<\/div>\n<\/div>\n","protected":false},"excerpt":{"rendered":"<p>\u00abEl objetivo es hacer p\u00fablico el estado general de las empresas\u00bb, sostuvo el concejal. En medio de la creciente crisis que afecta al sector del transporte p\u00fablico de pasajeros en Tucum\u00e1n, el concejal Carlos Arnedo\u00a0present\u00f3 un proyecto de ordenanza que busca una exhaustiva auditor\u00eda para todas las l\u00edneas de colectivo que operan en la capital. &hellip;<\/p>\n","protected":false},"author":2,"featured_media":1339,"comment_status":"open","ping_status":"open","sticky":false,"template":"","format":"standard","meta":{"footnotes":""},"categories":[34,25],"tags":[136,127],"class_list":["post-1338","post","type-post","status-publish","format-standard","has-post-thumbnail","hentry","category-locales","category-politica","tag-concela-arnedo","tag-uta"],"_links":{"self":[{"href":"https:\/\/cafeprensa.com.ar\/index.php\/wp-json\/wp\/v2\/posts\/1338","targetHints":{"allow":["GET"]}}],"collection":[{"href":"https:\/\/cafeprensa.com.ar\/index.php\/wp-json\/wp\/v2\/posts"}],"about":[{"href":"https:\/\/cafeprensa.com.ar\/index.php\/wp-json\/wp\/v2\/types\/post"}],"author":[{"embeddable":true,"href":"https:\/\/cafeprensa.com.ar\/index.php\/wp-json\/wp\/v2\/users\/2"}],"replies":[{"embeddable":true,"href":"https:\/\/cafeprensa.com.ar\/index.php\/wp-json\/wp\/v2\/comments?post=1338"}],"version-history":[{"count":1,"href":"https:\/\/cafeprensa.com.ar\/index.php\/wp-json\/wp\/v2\/posts\/1338\/revisions"}],"predecessor-version":[{"id":1340,"href":"https:\/\/cafeprensa.com.ar\/index.php\/wp-json\/wp\/v2\/posts\/1338\/revisions\/1340"}],"wp:featuredmedia":[{"embeddable":true,"href":"https:\/\/cafeprensa.com.ar\/index.php\/wp-json\/wp\/v2\/media\/1339"}],"wp:attachment":[{"href":"https:\/\/cafeprensa.com.ar\/index.php\/wp-json\/wp\/v2\/media?parent=1338"}],"wp:term":[{"taxonomy":"category","embeddable":true,"href":"https:\/\/cafeprensa.com.ar\/index.php\/wp-json\/wp\/v2\/categories?post=1338"},{"taxonomy":"post_tag","embeddable":true,"href":"https:\/\/cafeprensa.com.ar\/index.php\/wp-json\/wp\/v2\/tags?post=1338"}],"curies":[{"name":"wp","href":"https:\/\/api.w.org\/{rel}","templated":true}]}}