{"id":1341,"date":"2024-02-26T12:25:47","date_gmt":"2024-02-26T11:25:47","guid":{"rendered":"https:\/\/cafeprensa.com.ar\/?p=1341"},"modified":"2024-02-26T13:10:24","modified_gmt":"2024-02-26T12:10:24","slug":"una-nueva-edicion-del-premio-binacional-rio-de-los-pajaros","status":"publish","type":"post","link":"https:\/\/cafeprensa.com.ar\/index.php\/2024\/02\/26\/una-nueva-edicion-del-premio-binacional-rio-de-los-pajaros\/","title":{"rendered":"Una nueva edici\u00f3n del Premio Binacional R\u00edo de los P\u00e1jaros en Concordia"},"content":{"rendered":"<header>\n<section class=\"bajada\">Los organizadores del premio, estiman que ser\u00e1n m\u00e1s de<em><strong> 200 periodistas<\/strong><\/em> de casi todas las provincias argentinas y del Uruguay los que llegar\u00e1n a Concordia, en el mes de abril, para participar de una Gala de Premiaci\u00f3n, al mejor estilo <em><strong>Mart\u00edn Fierro<\/strong><\/em>.<\/section>\n<\/header>\n<div id=\"main\" class=\"column\">\n<div id=\"main-squeeze\">\n<div id=\"content\" role=\"main\">\n<div id=\"content-content\">\n<div class=\"post-interior\">\n<div class=\"cont-nota\">\n<article class=\"cont-cuerpo confoto conpie\">\n<section class=\"texto\">La Fundaci\u00f3n Paralelo Tur\u00edstico se encuentra trabajando activamente en la organizaci\u00f3n del mayor encuentro de medios de comunicaci\u00f3n de <em><strong>Argentina y Uruguay<\/strong><\/em>.<br \/>\nLa caracter\u00edstica fundamental de este encuentro es su impronta tur\u00edstica, con excursiones durante 3 d\u00edas, paseos, y visitas a parques termales de la zona, para que los comunicadores puedan conocer y disfrutar de las bondades de este destino que los recibe.<br \/>\nDesde el equipo organizador se subraya que el <em><strong>Premio Binacional R\u00edo de los P\u00e1jaros<\/strong><\/em> \u201ces uno de los mejores ejemplos de lo que se genera a trav\u00e9s del turismo de reuniones, pero con efecto multiplicador; ya que los que participan son profesionales de la comunicaci\u00f3n. Todo lo vivido se replica a lo largo y ancho de ambos pa\u00edses, y se amplifica exponencialmente a trav\u00e9s del p\u00fablico seguidor de cada medio participante\u201d.<\/p>\n<figure class=\"embed\"><img decoding=\"async\" title=\"\" src=\"https:\/\/www.diarioriouruguay.com.ar\/galeria\/fotos\/2024\/02\/25\/o_1708871325.jpg\" alt=\"\" width=\"640\" \/><\/figure>\n<p>La Gala de Premiaci\u00f3n se realizar\u00e1 el viernes 19 de abril, en el hist\u00f3rico edificio de la Bodega Robinson, y contar\u00e1 con reconocidas personalidades, entre ellas el <em><strong>periodista Alfredo Cacho Rubio, fundador de A.P.T.R.A.<\/strong> <\/em>y los Premios Mart\u00edn Fierro, quien llegar\u00e1 en compa\u00f1\u00eda de su hija la periodista Alejandra Rubio y su nieto Nehu\u00e9n Rubio, 3 generaciones de comunicadores muy queridos dentro del medio.<\/p>\n<figure class=\"embed\"><img decoding=\"async\" title=\"\" src=\"https:\/\/www.diarioriouruguay.com.ar\/galeria\/fotos\/2024\/02\/25\/o_1708871327.jpg\" alt=\"\" width=\"640\" \/><\/figure>\n<p>Las estatuillas representan cada a\u00f1o a una especie diferente de aves del R\u00edo Uruguay, y est\u00e1n confeccionadas por el ceramista Leandro Salvini, que desde 2013 es el encargado de su elaboraci\u00f3n.<\/p>\n<p><img loading=\"lazy\" decoding=\"async\" class=\"alignnone size-medium wp-image-1352\" src=\"https:\/\/cafeprensa.com.ar\/wp-content\/uploads\/2024\/02\/Screenshot_20240226_090143_Facebook-266x300.jpg\" alt=\"\" width=\"266\" height=\"300\" srcset=\"https:\/\/cafeprensa.com.ar\/wp-content\/uploads\/2024\/02\/Screenshot_20240226_090143_Facebook-266x300.jpg 266w, https:\/\/cafeprensa.com.ar\/wp-content\/uploads\/2024\/02\/Screenshot_20240226_090143_Facebook-907x1024.jpg 907w, https:\/\/cafeprensa.com.ar\/wp-content\/uploads\/2024\/02\/Screenshot_20240226_090143_Facebook-768x867.jpg 768w, https:\/\/cafeprensa.com.ar\/wp-content\/uploads\/2024\/02\/Screenshot_20240226_090143_Facebook.jpg 1080w\" sizes=\"auto, (max-width: 266px) 100vw, 266px\" \/><\/p>\n<p>El evento ser\u00e1 televisado, y retransmitido por numerosos medios participantes. En dicha transmisi\u00f3n no solo se podr\u00e1 apreciar la gala de premiaci\u00f3n, sino tambi\u00e9n revivir im\u00e1genes de los paseos y videos tur\u00edsticos de los principales atractivos de la zona, con el sello est\u00e9tico del programa televisivo regional Paralelo Tur\u00edstico, con 21 a\u00f1os de trayectoria ininterrumpida.<\/p>\n<\/section>\n<section><img loading=\"lazy\" decoding=\"async\" class=\"alignnone size-medium wp-image-1349\" src=\"https:\/\/cafeprensa.com.ar\/wp-content\/uploads\/2024\/02\/341630453_913688439899137_7948313750799299455_n-225x300.jpg\" alt=\"\" width=\"225\" height=\"300\" srcset=\"https:\/\/cafeprensa.com.ar\/wp-content\/uploads\/2024\/02\/341630453_913688439899137_7948313750799299455_n-225x300.jpg 225w, https:\/\/cafeprensa.com.ar\/wp-content\/uploads\/2024\/02\/341630453_913688439899137_7948313750799299455_n-768x1024.jpg 768w, https:\/\/cafeprensa.com.ar\/wp-content\/uploads\/2024\/02\/341630453_913688439899137_7948313750799299455_n-1152x1536.jpg 1152w, https:\/\/cafeprensa.com.ar\/wp-content\/uploads\/2024\/02\/341630453_913688439899137_7948313750799299455_n.jpg 1200w\" sizes=\"auto, (max-width: 225px) 100vw, 225px\" \/><\/section>\n<\/article>\n<\/div>\n<\/div>\n<\/div>\n<\/div>\n<\/div>\n<\/div>\n","protected":false},"excerpt":{"rendered":"<p>Los organizadores del premio, estiman que ser\u00e1n m\u00e1s de 200 periodistas de casi todas las provincias argentinas y del Uruguay los que llegar\u00e1n a Concordia, en el mes de abril, para participar de una Gala de Premiaci\u00f3n, al mejor estilo Mart\u00edn Fierro. La Fundaci\u00f3n Paralelo Tur\u00edstico se encuentra trabajando activamente en la organizaci\u00f3n del mayor &hellip;<\/p>\n","protected":false},"author":2,"featured_media":1343,"comment_status":"open","ping_status":"open","sticky":false,"template":"","format":"standard","meta":{"footnotes":""},"categories":[30,33],"tags":[137],"class_list":["post-1341","post","type-post","status-publish","format-standard","has-post-thumbnail","hentry","category-cultura-y-espectaculos","category-nacionales","tag-premio-binacional-rio-de-los-pajaros"],"_links":{"self":[{"href":"https:\/\/cafeprensa.com.ar\/index.php\/wp-json\/wp\/v2\/posts\/1341","targetHints":{"allow":["GET"]}}],"collection":[{"href":"https:\/\/cafeprensa.com.ar\/index.php\/wp-json\/wp\/v2\/posts"}],"about":[{"href":"https:\/\/cafeprensa.com.ar\/index.php\/wp-json\/wp\/v2\/types\/post"}],"author":[{"embeddable":true,"href":"https:\/\/cafeprensa.com.ar\/index.php\/wp-json\/wp\/v2\/users\/2"}],"replies":[{"embeddable":true,"href":"https:\/\/cafeprensa.com.ar\/index.php\/wp-json\/wp\/v2\/comments?post=1341"}],"version-history":[{"count":4,"href":"https:\/\/cafeprensa.com.ar\/index.php\/wp-json\/wp\/v2\/posts\/1341\/revisions"}],"predecessor-version":[{"id":1353,"href":"https:\/\/cafeprensa.com.ar\/index.php\/wp-json\/wp\/v2\/posts\/1341\/revisions\/1353"}],"wp:featuredmedia":[{"embeddable":true,"href":"https:\/\/cafeprensa.com.ar\/index.php\/wp-json\/wp\/v2\/media\/1343"}],"wp:attachment":[{"href":"https:\/\/cafeprensa.com.ar\/index.php\/wp-json\/wp\/v2\/media?parent=1341"}],"wp:term":[{"taxonomy":"category","embeddable":true,"href":"https:\/\/cafeprensa.com.ar\/index.php\/wp-json\/wp\/v2\/categories?post=1341"},{"taxonomy":"post_tag","embeddable":true,"href":"https:\/\/cafeprensa.com.ar\/index.php\/wp-json\/wp\/v2\/tags?post=1341"}],"curies":[{"name":"wp","href":"https:\/\/api.w.org\/{rel}","templated":true}]}}