{"id":13533,"date":"2026-01-02T20:54:57","date_gmt":"2026-01-02T19:54:57","guid":{"rendered":"https:\/\/cafeprensa.com.ar\/?p=13533"},"modified":"2026-01-02T20:54:57","modified_gmt":"2026-01-02T19:54:57","slug":"redecu-pide-suspender-la-audiencia-publica-del-5-de-enero-y-denuncia-un-intento-de-aumento-tarifario-a-escondidas","status":"publish","type":"post","link":"https:\/\/cafeprensa.com.ar\/index.php\/2026\/01\/02\/redecu-pide-suspender-la-audiencia-publica-del-5-de-enero-y-denuncia-un-intento-de-aumento-tarifario-a-escondidas\/","title":{"rendered":"REDECU pide suspender la audiencia p\u00fablica del 5 de enero y denuncia un intento de aumento tarifario \u201ca escondidas\u201d"},"content":{"rendered":"<div class=\"space-y-3\">\n<div class=\"max-w-4xl\">\n<p class=\"__className_c59aa5 text-lg pt-2\">La entidad cuestion\u00f3 la convocatoria del ERSEPT para revisar la tarifa el\u00e9ctrica y advirti\u00f3 que se realiza en plena feria judicial, con plazos acotados y sin informaci\u00f3n t\u00e9cnica completa. Present\u00f3 un amparo para frenar el procedimiento. <strong>La Asociaci\u00f3n Civil Red de Defensa de Usuarios y Consumidores (REDECU) solicit\u00f3 la suspensi\u00f3n inmediata de la Audiencia P\u00fablica convocada por el Ente Regulador de Servicios P\u00fablicos de Tucum\u00e1n (ERSEPT) para el pr\u00f3ximo 5 de enero, en la que se prev\u00e9 tratar la revisi\u00f3n tarifaria del servicio el\u00e9ctrico que presta la empresa EDET.\u00a0 <img loading=\"lazy\" decoding=\"async\" class=\"alignnone wp-image-13536 size-full\" src=\"https:\/\/cafeprensa.com.ar\/wp-content\/uploads\/2026\/01\/oyd8gaq0dgfu6hckyfqj.jpg\" alt=\"\" width=\"633\" height=\"422\" srcset=\"https:\/\/cafeprensa.com.ar\/wp-content\/uploads\/2026\/01\/oyd8gaq0dgfu6hckyfqj.jpg 633w, https:\/\/cafeprensa.com.ar\/wp-content\/uploads\/2026\/01\/oyd8gaq0dgfu6hckyfqj-300x200.jpg 300w\" sizes=\"auto, (max-width: 633px) 100vw, 633px\" \/><\/strong><\/p>\n<\/div>\n<\/div>\n<div class=\"flex flex-col md:flex-row mt-3 gap-4 relative\">\n<div class=\"grow md:w-[856px] relative\">\n<div class=\"md:flex md:items-start md:justify-between md:gap-8 relative \">\n<div class=\"pb-7 font-thin\">\n<p class=\"text-lg\">Desde la entidad -vinculada a la Asociaci\u00f3n Bancaria y que tiene como referente al diputado nacional\u00a0<strong>Carlos Cisneros<\/strong>&#8211; calificaron la convocatoria como \u201cirrazonable, inoportuna y contraria al derecho de los usuarios\u201d, al se\u00f1alar que se realiza en plena feria judicial y en per\u00edodo de vacaciones, con plazos expr\u00e9s y sin la publicaci\u00f3n completa de la informaci\u00f3n t\u00e9cnica necesaria.<\/p>\n<p class=\"text-lg\"><strong>\u201c\u00bfPor qu\u00e9 una audiencia tan sensible se hace un 5 de enero, cuando la gente est\u00e1 de vacaciones y la Justicia est\u00e1 de feria? La respuesta es evidente: no buscan proteger a los ciudadanos, buscan que pase desapercibida\u201d, afirm\u00f3\u00a0Cecilia S\u00e1nchez Blas, secretaria general de La Bancaria en Tucum\u00e1n e integrante de REDECU.<\/strong><\/p>\n<p><img decoding=\"async\" class=\"max-w-full h-auto object-contain\" title=\"TQGZFKNMDKOEZPCXZLDVU.webp\" src=\"https:\/\/res.cloudinary.com\/dut4yhfgk\/image\/upload\/v1767368936\/Noticias\/general\/imagen-contenido\/content\/content-image-TQGZFKNM-1767368935481.jpg\" alt=\"TQGZFKNMDKOEZPCXZLDVU.webp\" \/><\/p>\n<p class=\"text-lg\">La asociaci\u00f3n record\u00f3 que la audiencia tiene como objetivo definir un aumento de la tarifa el\u00e9ctrica y las condiciones del servicio por los pr\u00f3ximos cinco a\u00f1os, pero advirti\u00f3 que fue convocada sin garantizar una participaci\u00f3n real de los usuarios, sin tiempo razonable para analizar expedientes t\u00e9cnicos de gran volumen y con documentaci\u00f3n clave incompleta o publicada fuera de t\u00e9rmino. <strong>\u201cEsto no es casualidad ni desprolijidad administrativa. Es apuro. Es hacer todo a escondidas para meterle la mano en el bolsillo a los tucumanos\u201d, sostuvo\u00a0Eduardo Bourl\u00e9, miembro de la organizaci\u00f3n. En ese marco, REDECU subray\u00f3 que no existe ninguna urgencia objetiva que justifique la realizaci\u00f3n de la audiencia en esa fecha y cuestion\u00f3 que no se convoque en un per\u00edodo de actividad normal, con la ciudadan\u00eda debidamente informada y la Justicia plenamente operativa.<img loading=\"lazy\" decoding=\"async\" class=\"alignnone wp-image-13534 size-large\" src=\"https:\/\/cafeprensa.com.ar\/wp-content\/uploads\/2026\/01\/EDET1-1080x675-1-1024x640.jpeg\" alt=\"\" width=\"1024\" height=\"640\" srcset=\"https:\/\/cafeprensa.com.ar\/wp-content\/uploads\/2026\/01\/EDET1-1080x675-1-1024x640.jpeg 1024w, https:\/\/cafeprensa.com.ar\/wp-content\/uploads\/2026\/01\/EDET1-1080x675-1-300x188.jpeg 300w, https:\/\/cafeprensa.com.ar\/wp-content\/uploads\/2026\/01\/EDET1-1080x675-1-768x480.jpeg 768w, https:\/\/cafeprensa.com.ar\/wp-content\/uploads\/2026\/01\/EDET1-1080x675-1.jpeg 1080w\" sizes=\"auto, (max-width: 1024px) 100vw, 1024px\" \/><\/strong><\/p>\n<p class=\"text-lg\">\u201cSi el aumento de tarifa fuera razonable y transparente, no necesitar\u00edan hacerlo un 5 de enero. Lo grave no es solo la fecha: lo grave es que quieren avanzar sin control social ni judicial\u201d, agreg\u00f3 Bourl\u00e9.<\/p>\n<p class=\"text-lg\">Finalmente, la ONG inform\u00f3 que present\u00f3 una acci\u00f3n de amparo con pedido de medida cautelar para frenar la audiencia, al considerar que el procedimiento vulnera el debido proceso, el derecho a la informaci\u00f3n y la participaci\u00f3n efectiva de los usuarios, derechos consagrados en la Constituci\u00f3n Nacional.<\/p>\n<p class=\"text-lg\"><strong>Desde la entidad advirtieron que, hasta tanto la Justicia no se expida, la audiencia no deber\u00eda llevarse a cabo y ratificaron que continuar\u00e1n reclamando transparencia, participaci\u00f3n real y respeto por los usuarios, frente a lo que definieron como un intento de imponer aumentos tarifarios \u201cpor la ventana\u201d.<\/strong><\/p>\n<\/div>\n<\/div>\n<\/div>\n<\/div>\n","protected":false},"excerpt":{"rendered":"<p>La entidad cuestion\u00f3 la convocatoria del ERSEPT para revisar la tarifa el\u00e9ctrica y advirti\u00f3 que se realiza en plena feria judicial, con plazos acotados y sin informaci\u00f3n t\u00e9cnica completa. Present\u00f3 un amparo para frenar el procedimiento. La Asociaci\u00f3n Civil Red de Defensa de Usuarios y Consumidores (REDECU) solicit\u00f3 la suspensi\u00f3n inmediata de la Audiencia P\u00fablica &hellip;<\/p>\n","protected":false},"author":2,"featured_media":13537,"comment_status":"open","ping_status":"open","sticky":false,"template":"","format":"standard","meta":{"footnotes":""},"categories":[54,34],"tags":[2199,311,2845],"class_list":["post-13533","post","type-post","status-publish","format-standard","has-post-thumbnail","hentry","category-interes-ganeral","category-locales","tag-carlos-cisnero","tag-edet","tag-redecu"],"_links":{"self":[{"href":"https:\/\/cafeprensa.com.ar\/index.php\/wp-json\/wp\/v2\/posts\/13533","targetHints":{"allow":["GET"]}}],"collection":[{"href":"https:\/\/cafeprensa.com.ar\/index.php\/wp-json\/wp\/v2\/posts"}],"about":[{"href":"https:\/\/cafeprensa.com.ar\/index.php\/wp-json\/wp\/v2\/types\/post"}],"author":[{"embeddable":true,"href":"https:\/\/cafeprensa.com.ar\/index.php\/wp-json\/wp\/v2\/users\/2"}],"replies":[{"embeddable":true,"href":"https:\/\/cafeprensa.com.ar\/index.php\/wp-json\/wp\/v2\/comments?post=13533"}],"version-history":[{"count":1,"href":"https:\/\/cafeprensa.com.ar\/index.php\/wp-json\/wp\/v2\/posts\/13533\/revisions"}],"predecessor-version":[{"id":13538,"href":"https:\/\/cafeprensa.com.ar\/index.php\/wp-json\/wp\/v2\/posts\/13533\/revisions\/13538"}],"wp:featuredmedia":[{"embeddable":true,"href":"https:\/\/cafeprensa.com.ar\/index.php\/wp-json\/wp\/v2\/media\/13537"}],"wp:attachment":[{"href":"https:\/\/cafeprensa.com.ar\/index.php\/wp-json\/wp\/v2\/media?parent=13533"}],"wp:term":[{"taxonomy":"category","embeddable":true,"href":"https:\/\/cafeprensa.com.ar\/index.php\/wp-json\/wp\/v2\/categories?post=13533"},{"taxonomy":"post_tag","embeddable":true,"href":"https:\/\/cafeprensa.com.ar\/index.php\/wp-json\/wp\/v2\/tags?post=13533"}],"curies":[{"name":"wp","href":"https:\/\/api.w.org\/{rel}","templated":true}]}}