{"id":13556,"date":"2026-01-03T20:49:57","date_gmt":"2026-01-03T19:49:57","guid":{"rendered":"https:\/\/cafeprensa.com.ar\/?p=13556"},"modified":"2026-01-03T20:49:57","modified_gmt":"2026-01-03T19:49:57","slug":"tucuman-la-provincia-que-todavia-trata-los-residuos-como-un-problema","status":"publish","type":"post","link":"https:\/\/cafeprensa.com.ar\/index.php\/2026\/01\/03\/tucuman-la-provincia-que-todavia-trata-los-residuos-como-un-problema\/","title":{"rendered":"Tucum\u00e1n: la provincia que todav\u00eda trata los residuos como un problema"},"content":{"rendered":"<div class=\"td_block_wrap tdb_title tdi_59 tdb-single-title td-pb-border-top td_block_template_1\" data-td-block-uid=\"tdi_59\">\n<div class=\"tdb-block-inner td-fix-index\"><\/div>\n<\/div>\n<div class=\"vc_row_inner tdi_62  vc_row vc_inner wpb_row td-pb-row\">\n<div class=\"vc_column_inner tdi_68  wpb_column vc_column_container tdc-inner-column td-pb-span6\">\n<div class=\"vc_column-inner\">\n<div class=\"wpb_wrapper\">\n<div class=\"td_block_wrap tdb_single_post_share tdi_69  td-pb-border-top td_block_template_1\" data-td-block-uid=\"tdi_69\">\n<div id=\"tdi_69\" class=\"td-post-sharing tdb-block td-ps-bg td-ps-notext td-post-sharing-style1 \">\n<div class=\"td-post-sharing-visible\"><\/div>\n<\/div>\n<\/div>\n<\/div>\n<\/div>\n<\/div>\n<\/div>\n<div class=\"vc_row_inner tdi_72  vc_row vc_inner wpb_row td-pb-row\">\n<div class=\"vc_column_inner tdi_74  wpb_column vc_column_container tdc-inner-column td-pb-span4 td-is-sticky\">\n<div class=\"vc_column-inner\">\n<div class=\"wpb_wrapper\" data-sticky-offset=\"20\" data-sticky-is-width-auto=\"W2ZhbHNlLGZhbHNlLGZhbHNlLGZhbHNlXQ==\">\n<p class=\"clearfix\"><span style=\"font-size: 12pt;\"><span style=\"font-weight: bold;\">Mientras otras provincias convierten residuos agroindustriales en energ\u00eda, fertilidad y empleo, <\/span><a style=\"font-weight: bold;\" href=\"chatgpt:\/\/generic-entity?number=0\">Tucum\u00e1n<\/a><span style=\"font-weight: bold;\">\u00a0sigue gestion\u00e1ndolos como pasivos ambientales. <\/span><\/span><\/p>\n<p class=\"clearfix\"><span style=\"font-size: 12pt;\"><span style=\"font-weight: bold;\">El contraste con\u00a0<\/span><a style=\"font-weight: bold;\" href=\"chatgpt:\/\/generic-entity?number=1\">C\u00f3rdoba<\/a><span style=\"font-weight: bold;\">\u00a0deja en evidencia una oportunidad productiva que a\u00fan no se decide a tomar.<\/span><\/span><\/p>\n<\/div>\n<\/div>\n<\/div>\n<div class=\"vc_column_inner tdi_79  wpb_column vc_column_container tdc-inner-column td-pb-span8\">\n<div class=\"vc_column-inner\">\n<div class=\"wpb_wrapper\">\n<div class=\"td_block_wrap tdb_single_content tdi_80 td-pb-border-top td_block_template_1 td-post-content tagdiv-type\" data-td-block-uid=\"tdi_80\">\n<div class=\"tdb-block-inner td-fix-index\">\n<p>Tucum\u00e1n produce enormes vol\u00famenes de residuos: vinaza de ingenios, efluentes citr\u00edcolas, subproductos ganaderos y org\u00e1nicos urbanos. Durante d\u00e9cadas, el debate gir\u00f3 en torno a\u00a0<strong>c\u00f3mo mitigar el da\u00f1o<\/strong>: d\u00f3nde disponerlos, c\u00f3mo diluirlos, c\u00f3mo evitar el conflicto social. Rara vez se discuti\u00f3 lo esencial:\u00a0<strong>c\u00f3mo transformarlos en valor.<\/strong><\/p>\n<p><strong>En C\u00f3rdoba, esa discusi\u00f3n ya qued\u00f3 atr\u00e1s. All\u00ed, residuos similares alimentan plantas de biog\u00e1s que generan energ\u00eda, biometano y biofertilizantes. El residuo deja de ser un costo y se convierte en insumo: electricidad para producir, gas renovable para transporte o industria, fertilidad que vuelve al suelo y reduce la dependencia de insumos importados.<img loading=\"lazy\" decoding=\"async\" class=\"alignnone wp-image-13558 size-full\" src=\"https:\/\/cafeprensa.com.ar\/wp-content\/uploads\/2026\/01\/818x460_230619173343_71277.jpg\" alt=\"\" width=\"818\" height=\"460\" srcset=\"https:\/\/cafeprensa.com.ar\/wp-content\/uploads\/2026\/01\/818x460_230619173343_71277.jpg 818w, https:\/\/cafeprensa.com.ar\/wp-content\/uploads\/2026\/01\/818x460_230619173343_71277-300x169.jpg 300w, https:\/\/cafeprensa.com.ar\/wp-content\/uploads\/2026\/01\/818x460_230619173343_71277-768x432.jpg 768w, https:\/\/cafeprensa.com.ar\/wp-content\/uploads\/2026\/01\/818x460_230619173343_71277-390x220.jpg 390w\" sizes=\"auto, (max-width: 818px) 100vw, 818px\" \/><\/strong><\/p>\n<h3>La paradoja tucumana<\/h3>\n<p>La provincia tiene todo para replicar ese modelo: escala agroindustrial, concentraci\u00f3n territorial y demanda energ\u00e9tica. Sin embargo, la articulaci\u00f3n entre ingenios, citr\u00edcolas, ganader\u00eda y municipios sigue siendo fragmentaria. Falta previsibilidad, reglas claras y, sobre todo,\u00a0<strong>decisi\u00f3n estrat\u00e9gica sostenida<\/strong>.<\/p>\n<p><strong>El costo de no avanzar no es neutro. Cada campa\u00f1a que pasa, Tucum\u00e1n entierra o diluye recursos que podr\u00edan generar empleo local, reducir emisiones y fortalecer su matriz productiva. No es un problema tecnol\u00f3gico: las soluciones existen y funcionan. Es un problema de enfoque.<\/strong><\/p>\n<p>Mientras algunas provincias ya convierten residuos en energ\u00eda y fertilidad, Tucum\u00e1n contin\u00faa discutiendo c\u00f3mo administrar el problema. La transici\u00f3n pendiente no es verde ni ideol\u00f3gica:\u00a0<strong>es productiva y econ\u00f3mica<\/strong>. La pregunta ya no es si se puede, sino\u00a0<strong>cu\u00e1nto m\u00e1s va a tardar en decidirlo.<\/strong><\/p>\n<\/div>\n<\/div>\n<\/div>\n<\/div>\n<\/div>\n<\/div>\n","protected":false},"excerpt":{"rendered":"<p>Mientras otras provincias convierten residuos agroindustriales en energ\u00eda, fertilidad y empleo, Tucum\u00e1n\u00a0sigue gestion\u00e1ndolos como pasivos ambientales. El contraste con\u00a0C\u00f3rdoba\u00a0deja en evidencia una oportunidad productiva que a\u00fan no se decide a tomar. Tucum\u00e1n produce enormes vol\u00famenes de residuos: vinaza de ingenios, efluentes citr\u00edcolas, subproductos ganaderos y org\u00e1nicos urbanos. Durante d\u00e9cadas, el debate gir\u00f3 en torno a\u00a0c\u00f3mo &hellip;<\/p>\n","protected":false},"author":2,"featured_media":13557,"comment_status":"open","ping_status":"open","sticky":false,"template":"","format":"standard","meta":{"footnotes":""},"categories":[54,34],"tags":[2797],"class_list":["post-13556","post","type-post","status-publish","format-standard","has-post-thumbnail","hentry","category-interes-ganeral","category-locales","tag-basura-en-tucuman"],"_links":{"self":[{"href":"https:\/\/cafeprensa.com.ar\/index.php\/wp-json\/wp\/v2\/posts\/13556","targetHints":{"allow":["GET"]}}],"collection":[{"href":"https:\/\/cafeprensa.com.ar\/index.php\/wp-json\/wp\/v2\/posts"}],"about":[{"href":"https:\/\/cafeprensa.com.ar\/index.php\/wp-json\/wp\/v2\/types\/post"}],"author":[{"embeddable":true,"href":"https:\/\/cafeprensa.com.ar\/index.php\/wp-json\/wp\/v2\/users\/2"}],"replies":[{"embeddable":true,"href":"https:\/\/cafeprensa.com.ar\/index.php\/wp-json\/wp\/v2\/comments?post=13556"}],"version-history":[{"count":1,"href":"https:\/\/cafeprensa.com.ar\/index.php\/wp-json\/wp\/v2\/posts\/13556\/revisions"}],"predecessor-version":[{"id":13559,"href":"https:\/\/cafeprensa.com.ar\/index.php\/wp-json\/wp\/v2\/posts\/13556\/revisions\/13559"}],"wp:featuredmedia":[{"embeddable":true,"href":"https:\/\/cafeprensa.com.ar\/index.php\/wp-json\/wp\/v2\/media\/13557"}],"wp:attachment":[{"href":"https:\/\/cafeprensa.com.ar\/index.php\/wp-json\/wp\/v2\/media?parent=13556"}],"wp:term":[{"taxonomy":"category","embeddable":true,"href":"https:\/\/cafeprensa.com.ar\/index.php\/wp-json\/wp\/v2\/categories?post=13556"},{"taxonomy":"post_tag","embeddable":true,"href":"https:\/\/cafeprensa.com.ar\/index.php\/wp-json\/wp\/v2\/tags?post=13556"}],"curies":[{"name":"wp","href":"https:\/\/api.w.org\/{rel}","templated":true}]}}