{"id":13583,"date":"2026-01-05T15:07:41","date_gmt":"2026-01-05T14:07:41","guid":{"rendered":"https:\/\/cafeprensa.com.ar\/?p=13583"},"modified":"2026-01-05T15:07:41","modified_gmt":"2026-01-05T14:07:41","slug":"suiza-bloqueo-cuentas-de-maduro-tras-su-detencion-para-evitar-fuga-de-capitales","status":"publish","type":"post","link":"https:\/\/cafeprensa.com.ar\/index.php\/2026\/01\/05\/suiza-bloqueo-cuentas-de-maduro-tras-su-detencion-para-evitar-fuga-de-capitales\/","title":{"rendered":"Suiza bloque\u00f3 cuentas de Maduro tras su detenci\u00f3n para evitar fuga de capitales"},"content":{"rendered":"<p class=\"bajada\">El Consejo Federal suizo aplic\u00f3 la medida de forma inmediata tras la captura del exmandatario a manos de fuerzas estadounidenses. El <strong>Gobierno de Suiza<\/strong>, a trav\u00e9s de su\u00a0<strong>Consejo Federal<\/strong>,\u00a0<strong>orden\u00f3 este lunes el congelamiento inmediato de todos los activos financieros que Nicol\u00e1s Maduro<\/strong>\u00a0y su c\u00edrculo cercano posean en territorio helv\u00e9tico.<\/p>\n<div class=\"overflow-hidden\">\n<div id=\"contenedor-nota\">\n<div id=\"cuerpo-nota\">\n<p>La medida\u00a0<strong>busca prevenir cualquier intento de transferencia de fondos al extranjero<\/strong>\u00a0en medio de la acefal\u00eda y la inestabilidad pol\u00edtica que atraviesa\u00a0<strong>Venezuela<\/strong>\u00a0tras la captura del l\u00edder chavista el pasado s\u00e1bado en\u00a0<strong>Caracas<\/strong>, supo la\u00a0<strong>Agencia Noticias Argentinas<\/strong>.<img loading=\"lazy\" decoding=\"async\" class=\"alignnone wp-image-13274 size-full\" src=\"https:\/\/cafeprensa.com.ar\/wp-content\/uploads\/2025\/12\/publicidades.imagen.afdf453de9248d2c.aW1hZ2VuLmdpZg.gif\" alt=\"\" width=\"728\" height=\"90\" \/><\/p>\n<p>La decisi\u00f3n se ampara en la\u00a0<strong>Ley Federal sobre el Congelamiento y la Restituci\u00f3n de Activos Il\u00edcitos (FIAA)<\/strong>, un instrumento dise\u00f1ado para actuar ante cambios abruptos de poder en el extranjero.<\/p>\n<p>Seg\u00fan el comunicado oficial de\u00a0<strong>Berna<\/strong>, si las investigaciones posteriores demuestran que el capital fue obtenido de manera irregular,\u00a0<strong>Suiza se compromete a garantizar que dichos recursos sean restituidos en beneficio directo del pueblo venezolano.<\/strong><\/p>\n<div id=\"nota-embebida\" class=\"nota-embebida bloque-notas\">\n<article><iframe loading=\"lazy\" id=\"5c088843-1c27-4633-b74a-b685fb6fb45a\" src=\"https:\/\/www.youtube.com\/embed\/pCyTSUvGW4M?mute=1&amp;rel=0&amp;autoplay=1&amp;wmode=transparent&amp;showinfo=0&amp;enablejsapi=1\" width=\"410\" height=\"320\" frameborder=\"0\" allowfullscreen=\"allowfullscreen\" data-mce-fragment=\"1\"><\/iframe><\/p>\n<div class=\"etiquetas\">\n<p class=\"etiqueta-en-vivo\">En vivo<\/p>\n<p class=\"etiqueta-en-vivo\">Las autoridades suizas aclararon que esta acci\u00f3n es de car\u00e1cter preventivo y cautelar, independientemente de las circunstancias legales internacionales que rodearon la extracci\u00f3n de Maduro por parte de la administraci\u00f3n <strong>Trump<\/strong>.<\/p>\n<\/div>\n<\/article>\n<\/div>\n<p>Al producirse un cambio de mando de facto, Suiza\u00a0<strong>habilita el mecanismo para que las futuras autoridades leg\u00edtimas de Venezuela puedan iniciar procesos de asistencia judicial rec\u00edproca para recuperar el patrimonio nacional.<\/strong><\/p>\n<p>Mientras Maduro aguarda su comparecencia ante un tribunal federal en\u00a0<strong>Nueva York<\/strong>\u00a0por cargos de narcoterrorismo, Suiza reafirm\u00f3 su compromiso con el derecho internacional y record\u00f3 que mantiene sus\u00a0<strong>\u00abbuenos oficios\u00bb a disposici\u00f3n de todas las partes para alcanzar una soluci\u00f3n pac\u00edfica.<\/strong><\/p>\n<p>Actualmente, el sistema bancario suizo se encuentra bajo estricta vigilancia para detectar movimientos sospechosos vinculados a la jerarqu\u00eda del r\u00e9gimen saliente.<\/p>\n<\/div>\n<\/div>\n<\/div>\n","protected":false},"excerpt":{"rendered":"<p>El Consejo Federal suizo aplic\u00f3 la medida de forma inmediata tras la captura del exmandatario a manos de fuerzas estadounidenses. El Gobierno de Suiza, a trav\u00e9s de su\u00a0Consejo Federal,\u00a0orden\u00f3 este lunes el congelamiento inmediato de todos los activos financieros que Nicol\u00e1s Maduro\u00a0y su c\u00edrculo cercano posean en territorio helv\u00e9tico. La medida\u00a0busca prevenir cualquier intento de &hellip;<\/p>\n","protected":false},"author":2,"featured_media":13584,"comment_status":"open","ping_status":"open","sticky":false,"template":"","format":"standard","meta":{"footnotes":""},"categories":[35,25],"tags":[341,1013,2855],"class_list":["post-13583","post","type-post","status-publish","format-standard","has-post-thumbnail","hentry","category-internacionales","category-politica","tag-cuentas","tag-maduro","tag-suiza"],"_links":{"self":[{"href":"https:\/\/cafeprensa.com.ar\/index.php\/wp-json\/wp\/v2\/posts\/13583","targetHints":{"allow":["GET"]}}],"collection":[{"href":"https:\/\/cafeprensa.com.ar\/index.php\/wp-json\/wp\/v2\/posts"}],"about":[{"href":"https:\/\/cafeprensa.com.ar\/index.php\/wp-json\/wp\/v2\/types\/post"}],"author":[{"embeddable":true,"href":"https:\/\/cafeprensa.com.ar\/index.php\/wp-json\/wp\/v2\/users\/2"}],"replies":[{"embeddable":true,"href":"https:\/\/cafeprensa.com.ar\/index.php\/wp-json\/wp\/v2\/comments?post=13583"}],"version-history":[{"count":1,"href":"https:\/\/cafeprensa.com.ar\/index.php\/wp-json\/wp\/v2\/posts\/13583\/revisions"}],"predecessor-version":[{"id":13585,"href":"https:\/\/cafeprensa.com.ar\/index.php\/wp-json\/wp\/v2\/posts\/13583\/revisions\/13585"}],"wp:featuredmedia":[{"embeddable":true,"href":"https:\/\/cafeprensa.com.ar\/index.php\/wp-json\/wp\/v2\/media\/13584"}],"wp:attachment":[{"href":"https:\/\/cafeprensa.com.ar\/index.php\/wp-json\/wp\/v2\/media?parent=13583"}],"wp:term":[{"taxonomy":"category","embeddable":true,"href":"https:\/\/cafeprensa.com.ar\/index.php\/wp-json\/wp\/v2\/categories?post=13583"},{"taxonomy":"post_tag","embeddable":true,"href":"https:\/\/cafeprensa.com.ar\/index.php\/wp-json\/wp\/v2\/tags?post=13583"}],"curies":[{"name":"wp","href":"https:\/\/api.w.org\/{rel}","templated":true}]}}