{"id":13644,"date":"2026-01-07T15:19:44","date_gmt":"2026-01-07T14:19:44","guid":{"rendered":"https:\/\/cafeprensa.com.ar\/?p=13644"},"modified":"2026-01-07T15:21:17","modified_gmt":"2026-01-07T14:21:17","slug":"anses-explico-como-acceder-a-la-ayuda-escolar-2026","status":"publish","type":"post","link":"https:\/\/cafeprensa.com.ar\/index.php\/2026\/01\/07\/anses-explico-como-acceder-a-la-ayuda-escolar-2026\/","title":{"rendered":"ANSES explic\u00f3 c\u00f3mo acceder a la Ayuda Escolar 2026"},"content":{"rendered":"<header class=\"article-top\">\n<p class=\"title full padding-lr fsize-xl\">Requisitos y pasos: El organismo detall\u00f3 qui\u00e9nes pueden cobrar la Ayuda Escolar Anual y c\u00f3mo hacer el tr\u00e1mite online para recibir el pago por cada hijo en edad escolar.<\/p>\n<div class=\"image-container img-wide padding-b\"><picture><source srcset=\"https:\/\/resizer.iproimg.com\/unsafe\/384x\/filters:format(webp):quality(75):max_bytes(102400)\/https:\/\/assets.iprofesional.com\/assets\/jpg\/2022\/02\/530647.jpg 384w, https:\/\/resizer.iproimg.com\/unsafe\/512x\/filters:format(webp):quality(75):max_bytes(102400)\/https:\/\/assets.iprofesional.com\/assets\/jpg\/2022\/02\/530647.jpg 512w, https:\/\/resizer.iproimg.com\/unsafe\/640x\/filters:format(webp):quality(75):max_bytes(102400)\/https:\/\/assets.iprofesional.com\/assets\/jpg\/2022\/02\/530647.jpg 640w\" type=\"image\/webp\" media=\"(max-width: 642px)\" sizes=\"100vw\" \/><source srcset=\"https:\/\/resizer.iproimg.com\/unsafe\/614x\/filters:format(webp):quality(75):max_bytes(102400)\/https:\/\/assets.iprofesional.com\/assets\/jpg\/2022\/02\/530647.jpg 614w\" type=\"image\/webp\" media=\"(min-width: 642.01px) and (max-width: 1270px)\" sizes=\"614px\" \/><source srcset=\"https:\/\/resizer.iproimg.com\/unsafe\/928x\/filters:format(webp):quality(75):max_bytes(102400)\/https:\/\/assets.iprofesional.com\/assets\/jpg\/2022\/02\/530647.jpg 928w\" type=\"image\/webp\" media=\"(min-width: 1270.01px) and (max-width: 1898px)\" sizes=\"928px\" \/><source srcset=\"https:\/\/resizer.iproimg.com\/unsafe\/1270x\/filters:format(webp):quality(75):max_bytes(102400)\/https:\/\/assets.iprofesional.com\/assets\/jpg\/2022\/02\/530647.jpg 1270w\" type=\"image\/webp\" media=\"(min-width: 1898.01px)\" sizes=\"1270px\" \/><img loading=\"lazy\" decoding=\"async\" class=\"\" src=\"https:\/\/resizer.iproimg.com\/unsafe\/768x\/filters:format(webp):quality(75):max_bytes(102400)\/https:\/\/assets.iprofesional.com\/assets\/jpg\/2022\/02\/530647.jpg\" sizes=\"auto, 100vw\" alt=\"anses\" width=\"768\" height=\"432\" \/><\/picture><\/div>\n<\/header>\n<div class=\"article-content full padding-lr\">\n<p data-mrf-recirculation=\"Links art\u00edculo\">La\u00a0<strong>Administraci\u00f3n Nacional de la Seguridad Social (Anses)\u00a0<\/strong>actualiz\u00f3 los requisitos\u00a0para acceder a la\u00a0<strong>Ayuda Escolar Anual<\/strong>, un refuerzo econ\u00f3mico que se paga una vez al a\u00f1o y est\u00e1 destinado a acompa\u00f1ar los gastos vinculados al inicio del ciclo lectivo.<\/p>\n<p data-mrf-recirculation=\"Links art\u00edculo\">La prestaci\u00f3n apunta a los hogares que cobran la\u00a0<strong>Asignaci\u00f3n Universal por Hijo (AUH)<\/strong>\u00a0y tienen ni\u00f1os, ni\u00f1as o adolescentes en edad escolar.\u00a0Con los valores vigentes,\u00a0<strong>el monto es de $85.000 por cada hijo<\/strong>, y resulta un apoyo clave para cubrir la\u00a0<strong>compra de \u00fatiles, uniformes y materiales educativos.<\/strong><\/p>\n<p data-mrf-recirculation=\"Links art\u00edculo\"><strong>Para asegurar el cobro en 2026, es fundamental cumplir con las condiciones establecidas y realizar el tr\u00e1mite correspondiente en tiempo y forma.<\/strong><\/p>\n<p><strong>Qui\u00e9nes pueden recibir la Ayuda Escolar<\/strong><\/p>\n<p data-mrf-recirculation=\"Links art\u00edculo\">Para acceder al pago, es necesario que los hijos cumplan con determinadas condiciones vinculadas a la edad y a la escolaridad.<\/p>\n<p data-mrf-recirculation=\"Links art\u00edculo\"><strong>En el caso de ni\u00f1os y adolescentes sin discapacidad:<\/strong><\/p>\n<ul>\n<li>Deben tener desde 45 d\u00edas de vida y no haber cumplido los 18 a\u00f1os.<\/li>\n<li>Es obligatorio que concurran a una instituci\u00f3n educativa oficial de nivel inicial, primario o secundario.<\/li>\n<\/ul>\n<p data-mrf-recirculation=\"Links art\u00edculo\"><strong>Para hijos con discapacidad:<\/strong><\/p>\n<ul>\n<li>No existe tope de edad.<\/li>\n<li>Se admite la asistencia a\u00a0<a title=\"Escuela destinada a chicos con trastornos del espectro autista y otras condiciones necesita ayuda para seguir funcionando\" href=\"https:\/\/www.iprofesional.com\/actualidad\/424834-escuela-destinada-a-chicos-con-trastornos-del-espectro-autista-necesita-ayuda\" target=\"_blank\" rel=\"noopener noreferrer\">escuelas especiales<\/a>, talleres protegidos, centros de rehabilitaci\u00f3n o espacios de apoyo educativo reconocidos por Anses.<\/li>\n<\/ul>\n<p><strong>C\u00f3mo se gestiona la Ayuda Escolar<\/strong><\/p>\n<p data-mrf-recirculation=\"Links art\u00edculo\"><a title=\"ANSES: C\u00f3mo solicitar la PUAM de forma digital en 2026\" href=\"https:\/\/www.iprofesional.com\/impuestos\/443602-anses-como-solicitar-la-puam-de-forma-digital-en-2026\" target=\"_blank\" rel=\"noopener noreferrer\" data-mrf-link=\"https:\/\/www.iprofesional.com\/impuestos\/443602-anses-como-solicitar-la-puam-de-forma-digital-en-2026\">La solicitud se realiza de forma digital<\/a>, es gratuita y debe repetirse cada a\u00f1o para habilitar el cobro correspondiente al siguiente ciclo lectivo.<\/p>\n<p data-mrf-recirculation=\"Links art\u00edculo\">El procedimiento incluye los siguientes pasos:<\/p>\n<p data-mrf-recirculation=\"Links art\u00edculo\">Ingresar a\u00a0<strong>Mi Anses\u00a0<\/strong>con Cuil y Clave de la Seguridad Social.<\/p>\n<ul>\n<li>Acceder a la secci\u00f3n \u00ab<strong>Hijos<\/strong>\u00ab.<\/li>\n<li>Seleccionar \u00ab<strong>Presentar certificado escolar<\/strong>\u00bb y generar el formulario por cada menor.<\/li>\n<li>Imprimir el documento y llevarlo al establecimiento educativo para su completado y firma.<\/li>\n<li>Sacar una foto o escanear el formulario.<\/li>\n<li>Volver a cargarlo en Mi Anses, dentro de\u00a0<strong>Hijos \u2192 Presentar certificado escolar.<\/strong><\/li>\n<\/ul>\n<p><strong>Cu\u00e1ndo se cobra la Ayuda Escolar 2026<\/strong><\/p>\n<p data-mrf-recirculation=\"Links art\u00edculo\">Anses suele liquidar el pago masivo al comienzo del ciclo lectivo, generalmente\u00a0<strong>en febrero o marzo<\/strong>. Sin embargo,\u00a0quienes presenten el certificado con posterioridad podr\u00e1n cobrar el beneficio meses despu\u00e9s, una vez que el tr\u00e1mite sea aprobado.<\/p>\n<p><strong>Qu\u00e9 pasa si no se presenta el certificado\u00a0<\/strong><\/p>\n<p data-mrf-recirculation=\"Links art\u00edculo\">En el caso de la AUH,\u00a0<strong>la falta de presentaci\u00f3n del Certificado Escolar puede derivar en la suspensi\u00f3n del pago anual y<\/strong>, en algunos casos, afectar la continuidad de la asignaci\u00f3n. Por eso, se recomienda realizar el tr\u00e1mite apenas comienza el a\u00f1o lectivo.<\/p>\n<p><strong>La fecha clave para no perder el beneficio<\/strong><\/p>\n<p data-mrf-recirculation=\"Links art\u00edculo\">Desde el organismo remarcan que la acreditaci\u00f3n de la escolaridad es un requisito indispensable.\u00a0Para cobrar la Ayuda Escolar del pr\u00f3ximo a\u00f1o, el certificado debe presentarse<strong>\u00a0antes del 31 de diciembre<\/strong>. De no cumplir con ese plazo, el pago no se efectiviza.<\/p>\n<\/div>\n","protected":false},"excerpt":{"rendered":"<p>Requisitos y pasos: El organismo detall\u00f3 qui\u00e9nes pueden cobrar la Ayuda Escolar Anual y c\u00f3mo hacer el tr\u00e1mite online para recibir el pago por cada hijo en edad escolar. La\u00a0Administraci\u00f3n Nacional de la Seguridad Social (Anses)\u00a0actualiz\u00f3 los requisitos\u00a0para acceder a la\u00a0Ayuda Escolar Anual, un refuerzo econ\u00f3mico que se paga una vez al a\u00f1o y est\u00e1 &hellip;<\/p>\n","protected":false},"author":2,"featured_media":13647,"comment_status":"open","ping_status":"open","sticky":false,"template":"","format":"standard","meta":{"footnotes":""},"categories":[54,33],"tags":[50],"class_list":["post-13644","post","type-post","status-publish","format-standard","has-post-thumbnail","hentry","category-interes-ganeral","category-nacionales","tag-anses"],"_links":{"self":[{"href":"https:\/\/cafeprensa.com.ar\/index.php\/wp-json\/wp\/v2\/posts\/13644","targetHints":{"allow":["GET"]}}],"collection":[{"href":"https:\/\/cafeprensa.com.ar\/index.php\/wp-json\/wp\/v2\/posts"}],"about":[{"href":"https:\/\/cafeprensa.com.ar\/index.php\/wp-json\/wp\/v2\/types\/post"}],"author":[{"embeddable":true,"href":"https:\/\/cafeprensa.com.ar\/index.php\/wp-json\/wp\/v2\/users\/2"}],"replies":[{"embeddable":true,"href":"https:\/\/cafeprensa.com.ar\/index.php\/wp-json\/wp\/v2\/comments?post=13644"}],"version-history":[{"count":2,"href":"https:\/\/cafeprensa.com.ar\/index.php\/wp-json\/wp\/v2\/posts\/13644\/revisions"}],"predecessor-version":[{"id":13648,"href":"https:\/\/cafeprensa.com.ar\/index.php\/wp-json\/wp\/v2\/posts\/13644\/revisions\/13648"}],"wp:featuredmedia":[{"embeddable":true,"href":"https:\/\/cafeprensa.com.ar\/index.php\/wp-json\/wp\/v2\/media\/13647"}],"wp:attachment":[{"href":"https:\/\/cafeprensa.com.ar\/index.php\/wp-json\/wp\/v2\/media?parent=13644"}],"wp:term":[{"taxonomy":"category","embeddable":true,"href":"https:\/\/cafeprensa.com.ar\/index.php\/wp-json\/wp\/v2\/categories?post=13644"},{"taxonomy":"post_tag","embeddable":true,"href":"https:\/\/cafeprensa.com.ar\/index.php\/wp-json\/wp\/v2\/tags?post=13644"}],"curies":[{"name":"wp","href":"https:\/\/api.w.org\/{rel}","templated":true}]}}