{"id":13649,"date":"2026-01-08T12:50:28","date_gmt":"2026-01-08T11:50:28","guid":{"rendered":"https:\/\/cafeprensa.com.ar\/?p=13649"},"modified":"2026-01-08T12:50:28","modified_gmt":"2026-01-08T11:50:28","slug":"exigen-informes-ante-graves-falencias-en-el-servicio-de-agua-potable-en-el-interior-provincial","status":"publish","type":"post","link":"https:\/\/cafeprensa.com.ar\/index.php\/2026\/01\/08\/exigen-informes-ante-graves-falencias-en-el-servicio-de-agua-potable-en-el-interior-provincial\/","title":{"rendered":"Exigen informes ante graves falencias en el servicio de agua potable en el Interior provincial"},"content":{"rendered":"<div class=\"space-y-3\">\n<div class=\"max-w-4xl\">\n<p class=\"__className_c59aa5 text-lg pt-2\"><strong>La legisladora Silvia El\u00edas de P\u00e9rez impuls\u00f3 ante la C\u00e1mara una serie de requerimientos de informaci\u00f3n dirigidos al Servicio Provincial de Agua Potable y Saneamiento (Se.P.A.P.Y.S.) con el fin de transparentar la situaci\u00f3n cr\u00edtica que atraviesan diversas comunidades del interior tucumano.<img loading=\"lazy\" decoding=\"async\" class=\"alignnone wp-image-13653 size-full\" src=\"https:\/\/cafeprensa.com.ar\/wp-content\/uploads\/2026\/01\/WhatsApp-Image-2024-05-11-at-11.19.26-780x470-2.jpeg\" alt=\"\" width=\"780\" height=\"470\" srcset=\"https:\/\/cafeprensa.com.ar\/wp-content\/uploads\/2026\/01\/WhatsApp-Image-2024-05-11-at-11.19.26-780x470-2.jpeg 780w, https:\/\/cafeprensa.com.ar\/wp-content\/uploads\/2026\/01\/WhatsApp-Image-2024-05-11-at-11.19.26-780x470-2-300x181.jpeg 300w, https:\/\/cafeprensa.com.ar\/wp-content\/uploads\/2026\/01\/WhatsApp-Image-2024-05-11-at-11.19.26-780x470-2-768x463.jpeg 768w\" sizes=\"auto, (max-width: 780px) 100vw, 780px\" \/><\/strong><\/p>\n<\/div>\n<\/div>\n<div class=\"flex flex-col md:flex-row mt-3 gap-4 relative\">\n<div class=\"grow md:w-[856px] relative\">\n<div class=\"md:flex md:items-start md:justify-between md:gap-8 relative \">\n<div class=\"pb-7 font-thin\">\n<p class=\"text-lg\">Los proyectos surgen como respuesta a los constantes reclamos de vecinos y autoridades comunales de los departamentos Leales y Burruyacu, quienes denuncian interrupciones, falta de mantenimiento de la infraestructura y registros oficiales que no coinciden con la realidad operativa de los pozos.<img loading=\"lazy\" decoding=\"async\" class=\"alignnone wp-image-13284 size-full\" src=\"https:\/\/cafeprensa.com.ar\/wp-content\/uploads\/2025\/12\/publicidades.imagen.afdf453de9248d2c.aW1hZ2VuLmdpZg-1.gif\" alt=\"\" width=\"728\" height=\"90\" \/><\/p>\n<p class=\"text-lg\"><strong>La iniciativa parlamentaria busca \u00abcanalizar el reclamo de los vecinos, fortalecer el control institucional y promover la efectiva garant\u00eda de un servicio b\u00e1sico indispensable para el bienestar y la salud de la poblaci\u00f3n\u00bb. Uno de los ejes principales de la solicitud de informes se centra en las localidades de Agua Dulce, La Soledad y Los Puestos, donde los habitantes manifestaron una honda preocupaci\u00f3n por la \u00abfalta de acceso regular y efectivo al servicio\u00bb. <\/strong><\/p>\n<p class=\"text-lg\">Seg\u00fan los fundamentos de la legisladora, esta situaci\u00f3n \u00abafecta de manera directa las condiciones de vida, higiene y salubridad de la poblaci\u00f3n\u00bb, adquiriendo una \u00abespecial gravedad en comunidades del interior provincial, donde no existen alternativas de abastecimiento seguras y sostenidas\u00bb.<\/p>\n<p class=\"text-lg\"><strong>Espec\u00edficamente en Esquina y Mancopa, el reclamo se dirige al estado de la infraestructura de almacenamiento. El\u00edas de P\u00e9rez solicit\u00f3 conocer el \u00abestado de funcionamiento, condiciones de limpieza y mantenimiento, estado estructural y presupuesto asignado\u00bb del tanque de agua de la zona. <\/strong><\/p>\n<p class=\"text-lg\">El documento advierte que vecinos y autoridades locales alertaron sobre el \u00abdeficiente estado de funcionamiento, la falta de mantenimiento y limpieza, y el deterioro estructural visible del mismo\u00bb, lo cual pone en riesgo la provisi\u00f3n de agua segura, definida como una \u00abresponsabilidad ineludible del Estado\u00bb.<\/p>\n<p><strong><em>El\u00edas de P\u00e9rez, en sus recorridas por el interior, donde recab\u00f3 las quejas de los vecinos.<\/em><\/strong><\/p>\n<p class=\"text-lg\">La problem\u00e1tica se extiende al departamento Burruyacu, con situaciones particulares en la comuna de Gobernador Piedrabuena y la localidad de La Ca\u00f1ada de la Cruz. En Piedrabuena, la referente radical requiere informaci\u00f3n detallada ante la <strong>\u00abfalta de provisi\u00f3n de agua potable\u00bb que impacta en la vida cotidiana y sanitaria de la comunidad. El proyecto remarca que, ante la ausencia de informaci\u00f3n p\u00fablica clara, es pertinente evaluar \u00abeventuales medidas correctivas\u00bb.<\/strong><img loading=\"lazy\" decoding=\"async\" class=\"alignnone wp-image-13651 size-large\" src=\"https:\/\/cafeprensa.com.ar\/wp-content\/uploads\/2026\/01\/asas-1100013-130811-1024x683.jpg\" alt=\"\" width=\"1024\" height=\"683\" srcset=\"https:\/\/cafeprensa.com.ar\/wp-content\/uploads\/2026\/01\/asas-1100013-130811-1024x683.jpg 1024w, https:\/\/cafeprensa.com.ar\/wp-content\/uploads\/2026\/01\/asas-1100013-130811-300x200.jpg 300w, https:\/\/cafeprensa.com.ar\/wp-content\/uploads\/2026\/01\/asas-1100013-130811-768x512.jpg 768w, https:\/\/cafeprensa.com.ar\/wp-content\/uploads\/2026\/01\/asas-1100013-130811.jpg 1200w\" sizes=\"auto, (max-width: 1024px) 100vw, 1024px\" \/><\/p>\n<p class=\"text-lg\"><strong>Un caso llamativo se presenta en La Ca\u00f1ada de la Cruz (perteneciente a la comuna de La Ramada y La Cruz), donde la legisladora solicita informes sobre \u00abla existencia de un pozo de agua que figura como operativo en los registros correspondientes, pero que en la pr\u00e1ctica no se encontrar\u00eda en funcionamiento\u00bb. Esta discrepancia administrativa estar\u00eda \u00abafectando el normal acceso al servicio por parte de los vecinos del lugar\u00bb, quienes no cuentan con sistemas alternativos de abastecimiento.<\/strong><\/p>\n<p class=\"text-lg\">A lo largo de todos los proyectos presentados, El\u00edas de P\u00e9rez sostiene una postura firme sobre el marco legal que debe amparar a estas comunidades. En sus fundamentos, recalca de manera reiterada que <strong>\u00abel acceso al agua potable constituye un servicio p\u00fablico esencial y un derecho humano fundamental, cuya garant\u00eda recae de manera indelegable en el Estado\u00bb.<\/strong><img loading=\"lazy\" decoding=\"async\" class=\"alignnone wp-image-13282 size-large\" src=\"https:\/\/cafeprensa.com.ar\/wp-content\/uploads\/2025\/12\/IMG-20250731-WA0040-1-1024x533.jpg\" alt=\"\" width=\"1024\" height=\"533\" srcset=\"https:\/\/cafeprensa.com.ar\/wp-content\/uploads\/2025\/12\/IMG-20250731-WA0040-1-1024x533.jpg 1024w, https:\/\/cafeprensa.com.ar\/wp-content\/uploads\/2025\/12\/IMG-20250731-WA0040-1-300x156.jpg 300w, https:\/\/cafeprensa.com.ar\/wp-content\/uploads\/2025\/12\/IMG-20250731-WA0040-1-768x400.jpg 768w, https:\/\/cafeprensa.com.ar\/wp-content\/uploads\/2025\/12\/IMG-20250731-WA0040-1.jpg 1134w\" sizes=\"auto, (max-width: 1024px) 100vw, 1024px\" \/><\/p>\n<p class=\"text-lg\"><strong>Ante lo que considera una \u00abausencia de informaci\u00f3n p\u00fablica suficiente respecto de las causas de esta situaci\u00f3n\u00bb, la parlamentaria insta al Se.P.A.P.Y.S. a brindar un panorama real para poder impulsar acciones que contribuyan a la soluci\u00f3n definitiva del problema en el interior rural. Las presentaciones parlamentarias concluyen destacando la necesidad de proteger el bienestar de los habitantes y \u00abasegurar el acceso equitativo a los servicios esenciales\u00bb en todo el territorio provincial.<\/strong><\/p>\n<\/div>\n<\/div>\n<\/div>\n<\/div>\n","protected":false},"excerpt":{"rendered":"<p>La legisladora Silvia El\u00edas de P\u00e9rez impuls\u00f3 ante la C\u00e1mara una serie de requerimientos de informaci\u00f3n dirigidos al Servicio Provincial de Agua Potable y Saneamiento (Se.P.A.P.Y.S.) con el fin de transparentar la situaci\u00f3n cr\u00edtica que atraviesan diversas comunidades del interior tucumano. Los proyectos surgen como respuesta a los constantes reclamos de vecinos y autoridades comunales &hellip;<\/p>\n","protected":false},"author":2,"featured_media":13652,"comment_status":"open","ping_status":"open","sticky":false,"template":"","format":"standard","meta":{"footnotes":""},"categories":[1611,34],"tags":[92],"class_list":["post-13649","post","type-post","status-publish","format-standard","has-post-thumbnail","hentry","category-legislatura-de-tucuman","category-locales","tag-silvia-elias-de-perez"],"_links":{"self":[{"href":"https:\/\/cafeprensa.com.ar\/index.php\/wp-json\/wp\/v2\/posts\/13649","targetHints":{"allow":["GET"]}}],"collection":[{"href":"https:\/\/cafeprensa.com.ar\/index.php\/wp-json\/wp\/v2\/posts"}],"about":[{"href":"https:\/\/cafeprensa.com.ar\/index.php\/wp-json\/wp\/v2\/types\/post"}],"author":[{"embeddable":true,"href":"https:\/\/cafeprensa.com.ar\/index.php\/wp-json\/wp\/v2\/users\/2"}],"replies":[{"embeddable":true,"href":"https:\/\/cafeprensa.com.ar\/index.php\/wp-json\/wp\/v2\/comments?post=13649"}],"version-history":[{"count":1,"href":"https:\/\/cafeprensa.com.ar\/index.php\/wp-json\/wp\/v2\/posts\/13649\/revisions"}],"predecessor-version":[{"id":13654,"href":"https:\/\/cafeprensa.com.ar\/index.php\/wp-json\/wp\/v2\/posts\/13649\/revisions\/13654"}],"wp:featuredmedia":[{"embeddable":true,"href":"https:\/\/cafeprensa.com.ar\/index.php\/wp-json\/wp\/v2\/media\/13652"}],"wp:attachment":[{"href":"https:\/\/cafeprensa.com.ar\/index.php\/wp-json\/wp\/v2\/media?parent=13649"}],"wp:term":[{"taxonomy":"category","embeddable":true,"href":"https:\/\/cafeprensa.com.ar\/index.php\/wp-json\/wp\/v2\/categories?post=13649"},{"taxonomy":"post_tag","embeddable":true,"href":"https:\/\/cafeprensa.com.ar\/index.php\/wp-json\/wp\/v2\/tags?post=13649"}],"curies":[{"name":"wp","href":"https:\/\/api.w.org\/{rel}","templated":true}]}}