{"id":1369,"date":"2024-02-26T11:29:30","date_gmt":"2024-02-26T10:29:30","guid":{"rendered":"https:\/\/cafeprensa.com.ar\/?p=1369"},"modified":"2024-02-26T15:25:17","modified_gmt":"2024-02-26T14:25:17","slug":"absurdo-quieren-expropiar-un-local-comercial-para-hacer-oficinas-publicas","status":"publish","type":"post","link":"https:\/\/cafeprensa.com.ar\/index.php\/2024\/02\/26\/absurdo-quieren-expropiar-un-local-comercial-para-hacer-oficinas-publicas\/","title":{"rendered":"Absurdo: quieren expropiar un local comercial para hacer oficinas p\u00fablicas"},"content":{"rendered":"<div class=\"the-post-header s-head-modern s-head-modern-a has-share-meta-right\">\n<div class=\"post-meta post-meta-a post-meta-left post-meta-single has-below\">\n<div class=\"meta-below-has-right\">\n<div class=\"post-share post-share-b spc-social-colors post-share-b3 post-share-b-circles post-share-b3-circles\"><em>La <strong>familia Rocchia<\/strong> plante\u00f3 la inconstitucionalidad de la expropiaci\u00f3n y dijo que el Gobierno tiene otros inmuebles en la zona para instalar oficinas del Estado.<\/em><\/div>\n<div><img loading=\"lazy\" decoding=\"async\" class=\"alignnone size-medium wp-image-1374\" src=\"https:\/\/cafeprensa.com.ar\/wp-content\/uploads\/2024\/02\/multimedia.normal.9bc5ce2799f1eded.53414e5449204d414e5a5552204f4b5f6e6f726d616c2e6a7067-300x169.jpg\" alt=\"\" width=\"300\" height=\"169\" srcset=\"https:\/\/cafeprensa.com.ar\/wp-content\/uploads\/2024\/02\/multimedia.normal.9bc5ce2799f1eded.53414e5449204d414e5a5552204f4b5f6e6f726d616c2e6a7067-300x169.jpg 300w, https:\/\/cafeprensa.com.ar\/wp-content\/uploads\/2024\/02\/multimedia.normal.9bc5ce2799f1eded.53414e5449204d414e5a5552204f4b5f6e6f726d616c2e6a7067-768x432.jpg 768w, https:\/\/cafeprensa.com.ar\/wp-content\/uploads\/2024\/02\/multimedia.normal.9bc5ce2799f1eded.53414e5449204d414e5a5552204f4b5f6e6f726d616c2e6a7067-390x220.jpg 390w, https:\/\/cafeprensa.com.ar\/wp-content\/uploads\/2024\/02\/multimedia.normal.9bc5ce2799f1eded.53414e5449204d414e5a5552204f4b5f6e6f726d616c2e6a7067.jpg 800w\" sizes=\"auto, (max-width: 300px) 100vw, 300px\" \/><\/div>\n<\/div>\n<\/div>\n<\/div>\n<div class=\"the-post s-post-modern\">\n<article id=\"post-61178\" class=\"post-61178 post type-post status-publish format-standard has-post-thumbnail category-tucumangob category-z4-destacada tag-expropiacion tag-gerf tag-local-comercial tag-ministerio-de-la-defensa\">\n<div class=\"post-content-wrap has-share-float\">\n<div class=\"post-content cf entry-content content-spacious\">\n<p>El Gobierno de Tucum\u00e1n est\u00e1 a punto de cometer una decisi\u00f3n absurda desde todo punto de vista y que, incluso podr\u00eda ser inconstitucional: la Legislatura aprob\u00f3 una ley en 2021 que declara la expropiaci\u00f3n de un inmueble donde funciona la primera sucursal de la marca <em><strong>Gerf<\/strong><\/em> para instalar una oficina del Ministerio P\u00fablico de la Defensa, que conduce Washington Navarro D\u00e1vila. Para que se entienda claro: cerrar una empresa privada para poner m\u00e1s oficinas del Estado. A contramano con la disminuci\u00f3n del gasto p\u00fablico que se pregona a nivel nacional.<\/p>\n<p>El 14 de febrero la Justicia notific\u00f3 a la familia Rocchia que el 29 de febrero debe abandonar la propiedad donde funciona el primer local de <em><strong>Gerf, ubicado en Nasif Est\u00e9fano 168, de Concepci\u00f3n<\/strong><\/em>. Es la sucursal que m\u00e1s vende y por la \u00fanica que no deben pagar un alquiler. Es decir, el local que pretende el Ministerio P\u00fablico de la Defensa es el sost\u00e9n comercial de la empresa.<\/p>\n<p><img loading=\"lazy\" decoding=\"async\" class=\"alignnone size-medium wp-image-1375\" src=\"https:\/\/cafeprensa.com.ar\/wp-content\/uploads\/2024\/02\/18a1-300x183.jpg\" alt=\"\" width=\"300\" height=\"183\" srcset=\"https:\/\/cafeprensa.com.ar\/wp-content\/uploads\/2024\/02\/18a1-300x183.jpg 300w, https:\/\/cafeprensa.com.ar\/wp-content\/uploads\/2024\/02\/18a1-768x468.jpg 768w, https:\/\/cafeprensa.com.ar\/wp-content\/uploads\/2024\/02\/18a1.jpg 1000w\" sizes=\"auto, (max-width: 300px) 100vw, 300px\" \/><\/p>\n<p>Gerf es una f\u00e1brica local que da sustento a 70 familias y cuenta con cinco locales en la provincia, que se inici\u00f3 a pulm\u00f3n, que creci\u00f3 por la fuerza, la creatividad de esta familia de emprendedores. En este local antes funcionaba una pancher\u00eda de la familia y que la reconvirtieron en un local de zapatillas que cuando comenz\u00f3 ten\u00eda s\u00f3lo tres modelos. El crecimiento de la empresa de capitales tucumanos abarc\u00f3 la incorporaci\u00f3n de varios modelos m\u00e1s de zapatillas, botines de f\u00fatbol 5, gorras, cordones y que ahora incorporaron indumentaria.<\/p>\n<p>El abogado de la familia, Carlos Cruzado S\u00e1nchez, present\u00f3 una demanda para dejar sin efecto la expropiaci\u00f3n. En los argumentos deja en evidencia la inconstitucionalidad de la ley pero adem\u00e1s deja en rid\u00edculo al Gobierno de la provincia -y sus tres poderes del Estado.<\/p>\n<p>Lo m\u00e1s grave de todo es que la Legislatura aprob\u00f3 en junio de 2019 la ley que declara a este inmueble sujeto a expropiaci\u00f3n. El Gobierno de la provincia ten\u00eda dos a\u00f1os para iniciar el juicio de expropiaci\u00f3n, es decir hasta julio de 2021 y el Gobierno empez\u00f3 el juicio en marzo de 2022, es decir 9 meses de vencido el plazo. Esa es la gran apuesta de la familia para dar vuelta la orden de desalojo.<\/p>\n<p>El abogado, en su escrito, tambi\u00e9n deja en evidencia que el gobierno de la provincia tiene varias propiedades en la zona donde est\u00e1 el local comercial que pretenden expropiar. \u00bfPara qu\u00e9 se paga a una familia 13 millones de pesos por un local si el Gobierno tiene otros inmuebles en la zona y por lo que no deber\u00eda gastar dinero?<\/p>\n<p>Otro de los argumentos del letrado es que los 13.982.072 de pesos que el Gobierno deposit\u00f3 en una cuenta especial para pagar a los propietarios del inmueble, no tienen relaci\u00f3n con el valor real de esa propiedad. Sof\u00eda, una de las due\u00f1as de la firma, hizo un video en las redes sociales que se viraliz\u00f3 en los \u00faltimos d\u00edas y que plantea la incertidumbre de la familia por esta situaci\u00f3n.<\/p>\n<\/div>\n<\/div>\n<\/article>\n<\/div>\n","protected":false},"excerpt":{"rendered":"<p>La familia Rocchia plante\u00f3 la inconstitucionalidad de la expropiaci\u00f3n y dijo que el Gobierno tiene otros inmuebles en la zona para instalar oficinas del Estado. El Gobierno de Tucum\u00e1n est\u00e1 a punto de cometer una decisi\u00f3n absurda desde todo punto de vista y que, incluso podr\u00eda ser inconstitucional: la Legislatura aprob\u00f3 una ley en 2021 &hellip;<\/p>\n","protected":false},"author":2,"featured_media":1370,"comment_status":"open","ping_status":"open","sticky":false,"template":"","format":"standard","meta":{"footnotes":""},"categories":[54,47],"tags":[147,146],"class_list":["post-1369","post","type-post","status-publish","format-standard","has-post-thumbnail","hentry","category-interes-ganeral","category-justicia","tag-fabrica","tag-gerf"],"_links":{"self":[{"href":"https:\/\/cafeprensa.com.ar\/index.php\/wp-json\/wp\/v2\/posts\/1369","targetHints":{"allow":["GET"]}}],"collection":[{"href":"https:\/\/cafeprensa.com.ar\/index.php\/wp-json\/wp\/v2\/posts"}],"about":[{"href":"https:\/\/cafeprensa.com.ar\/index.php\/wp-json\/wp\/v2\/types\/post"}],"author":[{"embeddable":true,"href":"https:\/\/cafeprensa.com.ar\/index.php\/wp-json\/wp\/v2\/users\/2"}],"replies":[{"embeddable":true,"href":"https:\/\/cafeprensa.com.ar\/index.php\/wp-json\/wp\/v2\/comments?post=1369"}],"version-history":[{"count":4,"href":"https:\/\/cafeprensa.com.ar\/index.php\/wp-json\/wp\/v2\/posts\/1369\/revisions"}],"predecessor-version":[{"id":1376,"href":"https:\/\/cafeprensa.com.ar\/index.php\/wp-json\/wp\/v2\/posts\/1369\/revisions\/1376"}],"wp:featuredmedia":[{"embeddable":true,"href":"https:\/\/cafeprensa.com.ar\/index.php\/wp-json\/wp\/v2\/media\/1370"}],"wp:attachment":[{"href":"https:\/\/cafeprensa.com.ar\/index.php\/wp-json\/wp\/v2\/media?parent=1369"}],"wp:term":[{"taxonomy":"category","embeddable":true,"href":"https:\/\/cafeprensa.com.ar\/index.php\/wp-json\/wp\/v2\/categories?post=1369"},{"taxonomy":"post_tag","embeddable":true,"href":"https:\/\/cafeprensa.com.ar\/index.php\/wp-json\/wp\/v2\/tags?post=1369"}],"curies":[{"name":"wp","href":"https:\/\/api.w.org\/{rel}","templated":true}]}}