{"id":13709,"date":"2026-01-09T17:28:01","date_gmt":"2026-01-09T16:28:01","guid":{"rendered":"https:\/\/cafeprensa.com.ar\/?p=13709"},"modified":"2026-01-09T17:28:01","modified_gmt":"2026-01-09T16:28:01","slug":"esta-plaza-es-un-simbolo-de-una-ciudad-que-piensa-en-la-inclusion-de-todos","status":"publish","type":"post","link":"https:\/\/cafeprensa.com.ar\/index.php\/2026\/01\/09\/esta-plaza-es-un-simbolo-de-una-ciudad-que-piensa-en-la-inclusion-de-todos\/","title":{"rendered":"Esta plaza es un s\u00edmbolo de una ciudad que piensa en la inclusi\u00f3n de todos"},"content":{"rendered":"<div class=\"entry__metadata\">\n<p class=\"entry__title\"><span style=\"font-size: 16px; font-weight: 400;\">El presidente del Concejo Deliberante de San Miguel de Tucum\u00e1n, <\/span><strong style=\"font-size: 16px;\">Fernando Juri<\/strong><span style=\"font-size: 16px; font-weight: 400;\">, visit\u00f3 en la Plaza Sarmiento -Alberdi y avenida Roca-, un espacio consolidado como referente de inclusi\u00f3n conocido popularmente como\u00a0<\/span><strong style=\"font-size: 16px;\">\u00abPlaza Sensorial\u00bb.<img loading=\"lazy\" decoding=\"async\" class=\"alignnone wp-image-13713 size-full\" src=\"https:\/\/cafeprensa.com.ar\/wp-content\/uploads\/2026\/01\/1000606668-scaled-1.webp\" alt=\"\" width=\"768\" height=\"431\" srcset=\"https:\/\/cafeprensa.com.ar\/wp-content\/uploads\/2026\/01\/1000606668-scaled-1.webp 768w, https:\/\/cafeprensa.com.ar\/wp-content\/uploads\/2026\/01\/1000606668-scaled-1-300x168.webp 300w, https:\/\/cafeprensa.com.ar\/wp-content\/uploads\/2026\/01\/1000606668-scaled-1-390x220.webp 390w\" sizes=\"auto, (max-width: 768px) 100vw, 768px\" \/> <\/strong><\/p>\n<p class=\"entry__title\">Acompa\u00f1ado por los conejales\u00a0<strong>Ernesto Nagle<\/strong>\u00a0y\u00a0<strong>Eduardo Molina<\/strong>, Juri recorri\u00f3 el predio, supervis\u00f3 sus distintos espacios y dialog\u00f3 con los vecinos que disfrutan diariamente de sus instalaciones.<img loading=\"lazy\" decoding=\"async\" class=\"alignnone wp-image-13712 size-large\" src=\"https:\/\/cafeprensa.com.ar\/wp-content\/uploads\/2026\/01\/1000606666-scaled-1-1024x575.webp\" alt=\"\" width=\"1024\" height=\"575\" srcset=\"https:\/\/cafeprensa.com.ar\/wp-content\/uploads\/2026\/01\/1000606666-scaled-1-1024x575.webp 1024w, https:\/\/cafeprensa.com.ar\/wp-content\/uploads\/2026\/01\/1000606666-scaled-1-300x169.webp 300w, https:\/\/cafeprensa.com.ar\/wp-content\/uploads\/2026\/01\/1000606666-scaled-1-768x431.webp 768w, https:\/\/cafeprensa.com.ar\/wp-content\/uploads\/2026\/01\/1000606666-scaled-1-1536x863.webp 1536w, https:\/\/cafeprensa.com.ar\/wp-content\/uploads\/2026\/01\/1000606666-scaled-1-390x220.webp 390w, https:\/\/cafeprensa.com.ar\/wp-content\/uploads\/2026\/01\/1000606666-scaled-1.webp 1780w\" sizes=\"auto, (max-width: 1024px) 100vw, 1024px\" \/><\/p>\n<\/div>\n<div class=\"entry__body\">\n<p dir=\"ltr\"><strong>\u00abEstos espacios son fundamentales para nuestra comunidad. La Plaza Sarmiento no es solo un lugar de esparcimiento, es un s\u00edmbolo de una ciudad que piensa en la sensibilidad y la inclusi\u00f3n de todos sus ciudadanos\u00bb<\/strong>, destac\u00f3 durante la recorrida.<img loading=\"lazy\" decoding=\"async\" class=\"alignnone wp-image-13711 size-full\" src=\"https:\/\/cafeprensa.com.ar\/wp-content\/uploads\/2026\/01\/1000606662-scaled-1.webp\" alt=\"\" width=\"768\" height=\"431\" srcset=\"https:\/\/cafeprensa.com.ar\/wp-content\/uploads\/2026\/01\/1000606662-scaled-1.webp 768w, https:\/\/cafeprensa.com.ar\/wp-content\/uploads\/2026\/01\/1000606662-scaled-1-300x168.webp 300w, https:\/\/cafeprensa.com.ar\/wp-content\/uploads\/2026\/01\/1000606662-scaled-1-390x220.webp 390w\" sizes=\"auto, (max-width: 768px) 100vw, 768px\" \/><\/p>\n<p dir=\"ltr\">\n<\/div>\n","protected":false},"excerpt":{"rendered":"<p>El presidente del Concejo Deliberante de San Miguel de Tucum\u00e1n, Fernando Juri, visit\u00f3 en la Plaza Sarmiento -Alberdi y avenida Roca-, un espacio consolidado como referente de inclusi\u00f3n conocido popularmente como\u00a0\u00abPlaza Sensorial\u00bb. Acompa\u00f1ado por los conejales\u00a0Ernesto Nagle\u00a0y\u00a0Eduardo Molina, Juri recorri\u00f3 el predio, supervis\u00f3 sus distintos espacios y dialog\u00f3 con los vecinos que disfrutan diariamente de &hellip;<\/p>\n","protected":false},"author":2,"featured_media":13710,"comment_status":"open","ping_status":"open","sticky":false,"template":"","format":"standard","meta":{"footnotes":""},"categories":[1707,34],"tags":[645,189],"class_list":["post-13709","post","type-post","status-publish","format-standard","has-post-thumbnail","hentry","category-concejales-de-tucuman","category-locales","tag-concejales","tag-juri"],"_links":{"self":[{"href":"https:\/\/cafeprensa.com.ar\/index.php\/wp-json\/wp\/v2\/posts\/13709","targetHints":{"allow":["GET"]}}],"collection":[{"href":"https:\/\/cafeprensa.com.ar\/index.php\/wp-json\/wp\/v2\/posts"}],"about":[{"href":"https:\/\/cafeprensa.com.ar\/index.php\/wp-json\/wp\/v2\/types\/post"}],"author":[{"embeddable":true,"href":"https:\/\/cafeprensa.com.ar\/index.php\/wp-json\/wp\/v2\/users\/2"}],"replies":[{"embeddable":true,"href":"https:\/\/cafeprensa.com.ar\/index.php\/wp-json\/wp\/v2\/comments?post=13709"}],"version-history":[{"count":1,"href":"https:\/\/cafeprensa.com.ar\/index.php\/wp-json\/wp\/v2\/posts\/13709\/revisions"}],"predecessor-version":[{"id":13714,"href":"https:\/\/cafeprensa.com.ar\/index.php\/wp-json\/wp\/v2\/posts\/13709\/revisions\/13714"}],"wp:featuredmedia":[{"embeddable":true,"href":"https:\/\/cafeprensa.com.ar\/index.php\/wp-json\/wp\/v2\/media\/13710"}],"wp:attachment":[{"href":"https:\/\/cafeprensa.com.ar\/index.php\/wp-json\/wp\/v2\/media?parent=13709"}],"wp:term":[{"taxonomy":"category","embeddable":true,"href":"https:\/\/cafeprensa.com.ar\/index.php\/wp-json\/wp\/v2\/categories?post=13709"},{"taxonomy":"post_tag","embeddable":true,"href":"https:\/\/cafeprensa.com.ar\/index.php\/wp-json\/wp\/v2\/tags?post=13709"}],"curies":[{"name":"wp","href":"https:\/\/api.w.org\/{rel}","templated":true}]}}