{"id":13729,"date":"2026-01-10T15:55:11","date_gmt":"2026-01-10T14:55:11","guid":{"rendered":"https:\/\/cafeprensa.com.ar\/?p=13729"},"modified":"2026-01-10T15:55:11","modified_gmt":"2026-01-10T14:55:11","slug":"sangenis-tildo-de-inservible-al-diputado-gerardo-huesen","status":"publish","type":"post","link":"https:\/\/cafeprensa.com.ar\/index.php\/2026\/01\/10\/sangenis-tildo-de-inservible-al-diputado-gerardo-huesen\/","title":{"rendered":"Sangenis tild\u00f3 de \u00abinservible\u00bb al Diputado Gerardo Huesen"},"content":{"rendered":"<div class=\"space-y-3\">\n<div class=\"max-w-4xl\">\n<p class=\"__className_c59aa5 text-lg pt-2\">El libertario hab\u00eda cuestionado la gesti\u00f3n de la intendenta capitalina. Seg\u00fan el funcionario municipal, el ex bussista deber\u00eda explicar cu\u00e1ntos \u00ab\u00f1oquis\u00bb posee en el Congreso. \u00abInservible\u00bb.\u00a0 Con ese duro calificativo se refiri\u00f3 el subsecretario de Gobierno de la Capital, <strong>Alejandro Sangenis<\/strong>, al diputado libertario\u00a0<strong>Gerardo Huesen<\/strong>. El ex bussista hab\u00eda\u00a0cuestionado\u00a0la gesti\u00f3n de la intendenta\u00a0<strong>Rossana Chahla<\/strong>.<img loading=\"lazy\" decoding=\"async\" class=\"alignnone wp-image-13730 size-full\" src=\"https:\/\/cafeprensa.com.ar\/wp-content\/uploads\/2026\/01\/hcd-tucuman.gif\" alt=\"\" width=\"970\" height=\"222\" \/><\/p>\n<\/div>\n<\/div>\n<div class=\"flex flex-col md:flex-row mt-3 gap-4 relative\">\n<div class=\"grow md:w-[856px] relative\">\n<div class=\"md:flex md:items-start md:justify-between md:gap-8 relative \">\n<div class=\"pb-7 font-thin\">\n<p class=\"text-lg\">\u00abAhora resulta que el m\u00e1s inservible de la casta se anima a juzgar a la intendenta, verdadero tr\u00e1nsfuga enriquecido por la pol\u00edtica, ya como legislador de la provincia entre <strong>2019 y 2023<\/strong> y su esposa concejal de Banda del R\u00edo Sal\u00ed, ambos por obra y gracia del traicionado\u00a0<strong>Ricardo Bussi<\/strong>\u00ab, arremeti\u00f3 el ex edil de Yerba Buena y ex funcionario jaldista.<img loading=\"lazy\" decoding=\"async\" class=\"alignnone wp-image-13732 size-large\" src=\"https:\/\/cafeprensa.com.ar\/wp-content\/uploads\/2026\/01\/WhatsApp-Image-2025-08-02-at-10.24.11-1024x473.jpeg\" alt=\"\" width=\"1024\" height=\"473\" srcset=\"https:\/\/cafeprensa.com.ar\/wp-content\/uploads\/2026\/01\/WhatsApp-Image-2025-08-02-at-10.24.11-1024x473.jpeg 1024w, https:\/\/cafeprensa.com.ar\/wp-content\/uploads\/2026\/01\/WhatsApp-Image-2025-08-02-at-10.24.11-300x139.jpeg 300w, https:\/\/cafeprensa.com.ar\/wp-content\/uploads\/2026\/01\/WhatsApp-Image-2025-08-02-at-10.24.11-768x355.jpeg 768w, https:\/\/cafeprensa.com.ar\/wp-content\/uploads\/2026\/01\/WhatsApp-Image-2025-08-02-at-10.24.11-1536x709.jpeg 1536w, https:\/\/cafeprensa.com.ar\/wp-content\/uploads\/2026\/01\/WhatsApp-Image-2025-08-02-at-10.24.11.jpeg 1600w\" sizes=\"auto, (max-width: 1024px) 100vw, 1024px\" \/><\/p>\n<p class=\"text-lg\"><strong>Seg\u00fan Sangenis, Huesen \u00abno supo llevar ni un refugio a la Banda del R\u00edo Sal\u00ed\u00bb \u00aby como diputado nacional no gestion\u00f3 ni concret\u00f3 ning\u00fan beneficio para los tucumanos\u00bb. \u00abEso s\u00ed, ya hizo nombrar a su sobrina como jefa en el PAMI y en la c\u00e1mara de Diputados es un verdadero &#8216;caschi lanudo&#8217; de los sospechados por corrupci\u00f3n los hermanos Menem, adem\u00e1s de no declarar la cantidad de \u00f1oquis que posee.<img loading=\"lazy\" decoding=\"async\" class=\"alignnone wp-image-13687 size-full\" src=\"https:\/\/cafeprensa.com.ar\/wp-content\/uploads\/2026\/01\/publicidades.imagen.afdf453de9248d2c.aW1hZ2VuLmdpZg.gif\" alt=\"\" width=\"728\" height=\"90\" \/> <\/strong><\/p>\n<p class=\"text-lg\">Verdadero sinverg\u00fcenza que juzga a los dem\u00e1s desde su condici\u00f3n, deber\u00eda llamarse a silencio con semejante prontuario de antecedentes y acciones que posee\u00bb, lanz\u00f3.<\/p>\n<p class=\"text-lg\"><strong>\u00abSe\u00f1ora intendente, m\u00e1s que enojarse con militantes de la LLA que muestran la realidad, trabaje y deje de hacer tic tock (o como se escriba). Con todo respeto: deje de mandarles mensajes y p\u00f3ngase a gestionar\u00bb, hab\u00eda planteado en sus redes sociales el diputado Huesen.<\/strong><\/p>\n<p><span style=\"font-size: 8pt;\"><strong><span class=\"text-muted-foreground text-sm\">Fuente: <\/span>Tendencia de noticias<\/strong><\/span><\/p>\n<\/div>\n<\/div>\n<\/div>\n<\/div>\n","protected":false},"excerpt":{"rendered":"<p>El libertario hab\u00eda cuestionado la gesti\u00f3n de la intendenta capitalina. Seg\u00fan el funcionario municipal, el ex bussista deber\u00eda explicar cu\u00e1ntos \u00ab\u00f1oquis\u00bb posee en el Congreso. \u00abInservible\u00bb.\u00a0 Con ese duro calificativo se refiri\u00f3 el subsecretario de Gobierno de la Capital, Alejandro Sangenis, al diputado libertario\u00a0Gerardo Huesen. El ex bussista hab\u00eda\u00a0cuestionado\u00a0la gesti\u00f3n de la intendenta\u00a0Rossana Chahla. \u00abAhora &hellip;<\/p>\n","protected":false},"author":2,"featured_media":13731,"comment_status":"open","ping_status":"open","sticky":false,"template":"","format":"standard","meta":{"footnotes":""},"categories":[34,25],"tags":[951,407],"class_list":["post-13729","post","type-post","status-publish","format-standard","has-post-thumbnail","hentry","category-locales","category-politica","tag-alejandro-sangenis","tag-gerardo-huesen"],"_links":{"self":[{"href":"https:\/\/cafeprensa.com.ar\/index.php\/wp-json\/wp\/v2\/posts\/13729","targetHints":{"allow":["GET"]}}],"collection":[{"href":"https:\/\/cafeprensa.com.ar\/index.php\/wp-json\/wp\/v2\/posts"}],"about":[{"href":"https:\/\/cafeprensa.com.ar\/index.php\/wp-json\/wp\/v2\/types\/post"}],"author":[{"embeddable":true,"href":"https:\/\/cafeprensa.com.ar\/index.php\/wp-json\/wp\/v2\/users\/2"}],"replies":[{"embeddable":true,"href":"https:\/\/cafeprensa.com.ar\/index.php\/wp-json\/wp\/v2\/comments?post=13729"}],"version-history":[{"count":1,"href":"https:\/\/cafeprensa.com.ar\/index.php\/wp-json\/wp\/v2\/posts\/13729\/revisions"}],"predecessor-version":[{"id":13733,"href":"https:\/\/cafeprensa.com.ar\/index.php\/wp-json\/wp\/v2\/posts\/13729\/revisions\/13733"}],"wp:featuredmedia":[{"embeddable":true,"href":"https:\/\/cafeprensa.com.ar\/index.php\/wp-json\/wp\/v2\/media\/13731"}],"wp:attachment":[{"href":"https:\/\/cafeprensa.com.ar\/index.php\/wp-json\/wp\/v2\/media?parent=13729"}],"wp:term":[{"taxonomy":"category","embeddable":true,"href":"https:\/\/cafeprensa.com.ar\/index.php\/wp-json\/wp\/v2\/categories?post=13729"},{"taxonomy":"post_tag","embeddable":true,"href":"https:\/\/cafeprensa.com.ar\/index.php\/wp-json\/wp\/v2\/tags?post=13729"}],"curies":[{"name":"wp","href":"https:\/\/api.w.org\/{rel}","templated":true}]}}