{"id":13742,"date":"2026-01-10T21:52:03","date_gmt":"2026-01-10T20:52:03","guid":{"rendered":"https:\/\/cafeprensa.com.ar\/?p=13742"},"modified":"2026-01-10T21:54:34","modified_gmt":"2026-01-10T20:54:34","slug":"emigro-en-2001-vive-en-espana-y-aposto-por-la-argentina-con-alfajores-patriotas","status":"publish","type":"post","link":"https:\/\/cafeprensa.com.ar\/index.php\/2026\/01\/10\/emigro-en-2001-vive-en-espana-y-aposto-por-la-argentina-con-alfajores-patriotas\/","title":{"rendered":"Emigr\u00f3 en 2001, vive en Espa\u00f1a y apost\u00f3 por la Argentina con alfajores \u201cpatriotas\u201d"},"content":{"rendered":"<div class=\"content-article-title\">\n<div class=\"wrapper-layout center-content center_story max-width\">\n<div class=\"col-content\">\n<p class=\"article__title font__display\"><span style=\"font-size: 12pt;\">Vive en Europa, pero su coraz\u00f3n jam\u00e1s se alej\u00f3 de su pa\u00eds. A trav\u00e9s de una fundaci\u00f3n, Maximiliano Alonso financia proyectos educativos con la venta de alfajores inspirados en los s\u00edmbolos nacionales. <\/span><b>Maximiliano Alonso<\/b>\u00a0tiene 51 a\u00f1os y en 2001 emigr\u00f3 a Espa\u00f1a enojado con su tierra: la Argentina. Decepcionado con la gente y con la \u201cp\u00e9rdida de valores\u201d, sin embargo,<b>\u00a0jam\u00e1s perdi\u00f3 la esperanza de que el pa\u00eds del R\u00edo de la Plata pudiera mejorar<\/b>.<img loading=\"lazy\" decoding=\"async\" class=\"alignnone wp-image-13730 size-full\" src=\"https:\/\/cafeprensa.com.ar\/wp-content\/uploads\/2026\/01\/hcd-tucuman.gif\" alt=\"\" width=\"970\" height=\"222\" \/><\/p>\n<\/div>\n<\/div>\n<\/div>\n<div class=\"common-layout wrapper-layout center-content center_story max-width story article\">\n<div class=\"col-content\">\n<div class=\"default-article-color article__body article__article\">\n<p class=\"paragraph font__body-regular\">Por eso, aunque ahora trabaja en Espa\u00f1a en el rubro de la construcci\u00f3n,\u00a0<b>hace cinco a\u00f1os decidi\u00f3 invertir en la Argentina<\/b>\u00a0de una manera muy caracter\u00edstica, vendiendo alfajores \u201cpremium\u201d a un precio imbatible y con un dise\u00f1o ic\u00f3nico que hace referencia a la patria. Las primeras ediciones fueron de chocolate negro y dulce de leche,\u00a0<b>con dise\u00f1o de Jos\u00e9 de San Mart\u00edn y las Islas Malvinas<\/b>.<\/p>\n<p class=\"paragraph font__body-regular\">En una entrevista \u00a0cont\u00f3 su historia, los inicios de la fundaci\u00f3n y reflexion\u00f3 sobre un fen\u00f3meno recurrente: que el argentino jam\u00e1s pierde sus ra\u00edces.<\/p>\n<h2 class=\"font--primary font__display\">El argentino que jam\u00e1s se fue<\/h2>\n<p class=\"paragraph font__body-regular\">Maximiliano\u00a0<b>emigr\u00f3 a Espa\u00f1a hace 24 a\u00f1os<\/b>, enojado porque sent\u00eda que no encajaba en la sociedad: \u201cSent\u00eda que no estaba alineado a lo que yo estaba acostumbrado y a c\u00f3mo hab\u00eda sido criado. Vengo de una familia de muchos principios: la palabra, ser serio, cumplir lo que se dice. No me gusta la demagogia\u201d. Pero recordando aquellos a\u00f1os, se apura a aclarar: \u201c<b>Me fui enojado con la sociedad, no con la Argentina<\/b>\u201d.<img loading=\"lazy\" decoding=\"async\" class=\"alignnone wp-image-13743 size-full\" src=\"https:\/\/cafeprensa.com.ar\/wp-content\/uploads\/2026\/01\/en-el-2001-se-fue-de-argentina-para-trabajar-en-el-exterior-pero-sigue-invirtiendo-en-su-pais-foto-gentileza-maximiliano-alonso-UHGWDAQDTZEBDP7KCOH26MLKHM.avif\" alt=\"\" width=\"767\" height=\"430\" srcset=\"https:\/\/cafeprensa.com.ar\/wp-content\/uploads\/2026\/01\/en-el-2001-se-fue-de-argentina-para-trabajar-en-el-exterior-pero-sigue-invirtiendo-en-su-pais-foto-gentileza-maximiliano-alonso-UHGWDAQDTZEBDP7KCOH26MLKHM.avif 767w, https:\/\/cafeprensa.com.ar\/wp-content\/uploads\/2026\/01\/en-el-2001-se-fue-de-argentina-para-trabajar-en-el-exterior-pero-sigue-invirtiendo-en-su-pais-foto-gentileza-maximiliano-alonso-UHGWDAQDTZEBDP7KCOH26MLKHM-300x168.avif 300w, https:\/\/cafeprensa.com.ar\/wp-content\/uploads\/2026\/01\/en-el-2001-se-fue-de-argentina-para-trabajar-en-el-exterior-pero-sigue-invirtiendo-en-su-pais-foto-gentileza-maximiliano-alonso-UHGWDAQDTZEBDP7KCOH26MLKHM-390x220.avif 390w\" sizes=\"auto, (max-width: 767px) 100vw, 767px\" \/><\/p>\n<p class=\"paragraph font__body-regular\">All\u00e1 empez\u00f3 su vida de vuelta, consigui\u00f3 trabajo, form\u00f3 una familia y admiti\u00f3 que las complicaciones no faltaron, pero jam\u00e1s se despeg\u00f3 de su pa\u00eds de origen. Ning\u00fan argentino se resiste a su suelo, sin importar la distancia: \u201cViajo constantemente, estuve en agosto, en octubre, ahora seguro vaya en febrero.\u201d<\/p>\n<p class=\"paragraph font__body-regular\">\u201cMucha gente me critica diciendo que podr\u00eda haber hecho lo mismo en la Argentina, pero la fundaci\u00f3n est\u00e1 all\u00e1 y est\u00e1 ayudando a la gente\u201d, aclar\u00f3, y reafirm\u00f3 que su presencia en el pa\u00eds es constante: \u201c<b>Nunca me fui realmente<\/b>\u201d. Controla todo desde Europa gracias a la virtualidad, lo que le permite mantener la fundaci\u00f3n activa. Se adapta a la diferencia horaria, organiza videollamadas y no deja ninguna idea afuera para el emprendimiento.<\/p>\n<h2 class=\"font--primary font__display\">H\u00e9roes de la Patria<\/h2>\n<p class=\"paragraph font__body-regular\">\u201cMe fui hace m\u00e1s de veinte a\u00f1os, pero decid\u00ed aportar mi granito de arena al pa\u00eds\u201d, cont\u00f3 Maximiliano. Su entusiasmo por invertir en el desarrollo de la Argentina se gest\u00f3 mucho antes de que apareciera la idea de los\u00a0<b>alfajores<\/b>. \u201cHace tiempo ven\u00eda queriendo hacer algo. La pandemia me permiti\u00f3 inspirarme y centrarme en qu\u00e9 pod\u00eda hacer por la Argentina, por eso hace tres meses surgi\u00f3 la idea de los alfajores\u201d, explic\u00f3.<\/p>\n<p class=\"paragraph font__body-regular\">As\u00ed naci\u00f3\u00a0<i><b>H\u00e9roes de la Patria<\/b><\/i>, una fundaci\u00f3n creada \u201cb\u00e1sicamente para aportar fondos al \u00e1mbito educativo, pero de una forma diferente a c\u00f3mo suele funcionar una organizaci\u00f3n\u201d. Maximiliano explic\u00f3 cu\u00e1l es la clave distintiva del proyecto: \u201cNosotros\u00a0<b>donamos lo que haga falta<\/b>: computadoras para escuelas, colectivos, estatuas para instituciones o apoyo a asociaciones,\u00a0<b>pero no dinero<\/b>. Les damos la ca\u00f1a y les ense\u00f1amos a pescar\u201d.<\/p>\n<p class=\"paragraph font__body-regular\">El sustento para las donaciones proviene de la venta de alfajores ic\u00f3nicos. Actualmente,\u00a0<b>una caja de 12 vale $20.000. \u201cDonamos el 95% del margen a esas instituciones y escuelas<\/b>\u00a0para que se financien. No es un negocio, est\u00e1 regulado bajo mi estricta supervisi\u00f3n\u201d, asegur\u00f3.<\/p>\n<p class=\"paragraph font__body-regular\">\u201cHacemos lo que necesitan:\u00a0<b>proyectos de huerta, talleres de radio, todo adaptado a su realidad edilicia<\/b>\u201d, detall\u00f3, y comparti\u00f3 ejemplos concretos: \u201cAlgunas escuelas obtienen rendimientos de las huertas que armamos y con eso pueden comprar computadoras. <strong>Si necesitan algo m\u00e1s grande, como un motocultor, se lo damos\u201d. Uno de los proyectos m\u00e1s ambiciosos fue la donaci\u00f3n de un colectivo a una escuela rural para que sus 200 alumnos pudieran asistir a clases.<\/strong><\/p>\n<p class=\"paragraph font__body-regular\">\u201cLa idea es volver a transmitir valores que quedaron olvidados con el tiempo, pero de una forma distinta, para que las nuevas generaciones aprendan historia\u201d, explic\u00f3. Para Maximiliano,\u00a0<b>el valor hist\u00f3rico y cultural es central: que los chicos puedan identificar a los pr\u00f3ceres en las golosinas y, al mismo tiempo, ayudar al pa\u00eds<\/b>.<\/p>\n<figure class=\"\" data-testid=\"figure-testid\">\n<div class=\"aspect_ratio__container\"><picture class=\"responsive-image\"><source srcset=\"https:\/\/tn.com.ar\/resizer\/v2\/uno-de-los-proceres-elegidos-para-el-empaque-es-el-general-san-martin-foto-gentileza-maximiliano-alonso-KMNT2P3UKVF7DGBP4QV7ZTXDRM.jpeg?auth=6e8c164a2f4764f2a652546841b75c201163912b1a54b78b6eaec58ae6b4d0ea&amp;width=767\" type=\"image\/jpg\" media=\"(max-width: 728px)\" \/><source srcset=\"https:\/\/tn.com.ar\/resizer\/v2\/uno-de-los-proceres-elegidos-para-el-empaque-es-el-general-san-martin-foto-gentileza-maximiliano-alonso-KMNT2P3UKVF7DGBP4QV7ZTXDRM.jpeg?auth=6e8c164a2f4764f2a652546841b75c201163912b1a54b78b6eaec58ae6b4d0ea&amp;width=1023\" type=\"image\/jpg\" media=\"(max-width: 1023px)\" \/><source srcset=\"https:\/\/tn.com.ar\/resizer\/v2\/uno-de-los-proceres-elegidos-para-el-empaque-es-el-general-san-martin-foto-gentileza-maximiliano-alonso-KMNT2P3UKVF7DGBP4QV7ZTXDRM.jpeg?auth=6e8c164a2f4764f2a652546841b75c201163912b1a54b78b6eaec58ae6b4d0ea&amp;width=1440\" type=\"image\/jpg\" \/><img loading=\"lazy\" decoding=\"async\" class=\"image content-image image_placeholder\" src=\"https:\/\/tn.com.ar\/resizer\/v2\/uno-de-los-proceres-elegidos-para-el-empaque-es-el-general-san-martin-foto-gentileza-maximiliano-alonso-KMNT2P3UKVF7DGBP4QV7ZTXDRM.jpeg?auth=6e8c164a2f4764f2a652546841b75c201163912b1a54b78b6eaec58ae6b4d0ea&amp;width=767\" alt=\"Uno de los pr\u00f3ceres elegidos para el empaque es el General San Mart\u00edn. (Foto: gentileza Maximiliano Alonso)\" width=\"767\" height=\"959\" data-testid=\"loading-testid\" \/><\/picture><\/div>\n<\/figure>\n<h2 class=\"font--primary font__display\">Una inversi\u00f3n a futuro<\/h2>\n<p class=\"paragraph font__body-regular\">\u201cLa Argentina es un pa\u00eds de muchas oportunidades\u201d, sostuvo al hablar de emprendimientos. \u201cHay que aprovechar la picaresca argentina para hacer las cosas bien, no mal\u201d, insiste. Bajo ese principio, la fundaci\u00f3n implementa medidas para evitar aumentos de precios y reducir costos, con el objetivo de mantener el valor del alfajor accesible.<\/p>\n<p class=\"paragraph font__body-regular\">\u201cHay mucho por hacer en la Argentina, por eso me gusta fomentar y apoyar a quienes quieren emprender\u201d, se\u00f1al\u00f3. Cont\u00f3 que tienen varios proyectos pensados para este a\u00f1o y que priorizan ayudar a j\u00f3venes e instituciones. \u201c<b>Queremos llevar la cultura del emprendimiento a las escuelas<\/b>: que los alumnos presenten proyectos y seleccionar algunos para apoyarlos\u201d, explic\u00f3, y remarc\u00f3 la importancia de fomentar la cultura del trabajo: \u201cHay que estudiar much\u00edsimo, pero tambi\u00e9n tenemos la capacidad de emprender\u201d.<\/p>\n<p class=\"paragraph font__body-regular\"><strong>Mientras impulsa nuevas ideas para ayudar al pa\u00eds, Maximiliano tambi\u00e9n proyecta su futuro personal. \u201cEsto me apasiona. Cuando termine de organizar mis cosas ac\u00e1, mi sue\u00f1o es dedicarme pura y exclusivamente a la fundaci\u00f3n\u201d, advierte. No solo piensa en la patria a trav\u00e9s de los pr\u00f3ceres que aparecen en los alfajores, sino tambi\u00e9n en volver a pisar suelo argentino.<\/strong><\/p>\n<p class=\"paragraph font__body-regular\">\u201cNo descarto volver. No s\u00e9 si definitivamente, pero estamos pensando hacer unos meses all\u00e1 y otros ac\u00e1\u201d, finaliz\u00f3 Alonso, con planes de seguir impulsando su trabajo y regresar al pa\u00eds tantas veces como sea necesario.<\/p>\n<p class=\"paragraph font__body-regular\"><strong>Su historia combina la solidaridad con la construcci\u00f3n, porque a pesar de su disgusto inicial hace m\u00e1s de 20 a\u00f1os, decidi\u00f3 invertir en su pa\u00eds como uno lo har\u00eda en su casa. Porque \u00e9l es uno de los que quiere que la sociedad mejore y, como la reparaci\u00f3n de una casa, eso lleva tiempo, esfuerzo y mucho trabajo en equipo. Su caso (como el de muchos otros) es la prueba que reafirma un principio implantado dentro de los argentinos, que \u201cno importa a donde vayamos, siempre pensaremos en nuestro hogar\u201d.<\/strong><\/p>\n<\/div>\n<p>&nbsp;<\/p>\n<\/div>\n<\/div>\n","protected":false},"excerpt":{"rendered":"<p>Vive en Europa, pero su coraz\u00f3n jam\u00e1s se alej\u00f3 de su pa\u00eds. A trav\u00e9s de una fundaci\u00f3n, Maximiliano Alonso financia proyectos educativos con la venta de alfajores inspirados en los s\u00edmbolos nacionales. Maximiliano Alonso\u00a0tiene 51 a\u00f1os y en 2001 emigr\u00f3 a Espa\u00f1a enojado con su tierra: la Argentina. Decepcionado con la gente y con la &hellip;<\/p>\n","protected":false},"author":2,"featured_media":13745,"comment_status":"open","ping_status":"open","sticky":false,"template":"","format":"standard","meta":{"footnotes":""},"categories":[54,33],"tags":[2871],"class_list":["post-13742","post","type-post","status-publish","format-standard","has-post-thumbnail","hentry","category-interes-ganeral","category-nacionales","tag-alfajores-patriotas"],"_links":{"self":[{"href":"https:\/\/cafeprensa.com.ar\/index.php\/wp-json\/wp\/v2\/posts\/13742","targetHints":{"allow":["GET"]}}],"collection":[{"href":"https:\/\/cafeprensa.com.ar\/index.php\/wp-json\/wp\/v2\/posts"}],"about":[{"href":"https:\/\/cafeprensa.com.ar\/index.php\/wp-json\/wp\/v2\/types\/post"}],"author":[{"embeddable":true,"href":"https:\/\/cafeprensa.com.ar\/index.php\/wp-json\/wp\/v2\/users\/2"}],"replies":[{"embeddable":true,"href":"https:\/\/cafeprensa.com.ar\/index.php\/wp-json\/wp\/v2\/comments?post=13742"}],"version-history":[{"count":4,"href":"https:\/\/cafeprensa.com.ar\/index.php\/wp-json\/wp\/v2\/posts\/13742\/revisions"}],"predecessor-version":[{"id":13749,"href":"https:\/\/cafeprensa.com.ar\/index.php\/wp-json\/wp\/v2\/posts\/13742\/revisions\/13749"}],"wp:featuredmedia":[{"embeddable":true,"href":"https:\/\/cafeprensa.com.ar\/index.php\/wp-json\/wp\/v2\/media\/13745"}],"wp:attachment":[{"href":"https:\/\/cafeprensa.com.ar\/index.php\/wp-json\/wp\/v2\/media?parent=13742"}],"wp:term":[{"taxonomy":"category","embeddable":true,"href":"https:\/\/cafeprensa.com.ar\/index.php\/wp-json\/wp\/v2\/categories?post=13742"},{"taxonomy":"post_tag","embeddable":true,"href":"https:\/\/cafeprensa.com.ar\/index.php\/wp-json\/wp\/v2\/tags?post=13742"}],"curies":[{"name":"wp","href":"https:\/\/api.w.org\/{rel}","templated":true}]}}