{"id":13772,"date":"2026-01-11T16:10:55","date_gmt":"2026-01-11T15:10:55","guid":{"rendered":"https:\/\/cafeprensa.com.ar\/?p=13772"},"modified":"2026-01-11T16:12:45","modified_gmt":"2026-01-11T15:12:45","slug":"escandalo-en-banda-del-rio-sali-denuncian-una-red-de-carnets-ilegales-y-recaudacion-paralela","status":"publish","type":"post","link":"https:\/\/cafeprensa.com.ar\/index.php\/2026\/01\/11\/escandalo-en-banda-del-rio-sali-denuncian-una-red-de-carnets-ilegales-y-recaudacion-paralela\/","title":{"rendered":"Esc\u00e1ndalo en Banda del R\u00edo Sal\u00ed: denuncian una red de carnets ilegales y recaudaci\u00f3n paralela"},"content":{"rendered":"<div class=\"td_block_wrap tdb_title tdi_59 tdb-single-title td-pb-border-top td_block_template_1\" data-td-block-uid=\"tdi_59\">\n<div class=\"tdb-block-inner td-fix-index\"><span style=\"font-weight: bold;\">Una denuncia ciudadana destap\u00f3 un <\/span><strong style=\"font-size: 12pt;\">esc\u00e1ndalo de alto impacto pol\u00edtico en Banda del Rio Sal\u00ed<\/strong><span style=\"font-weight: bold;\">. Se investiga una presunta\u00a0<\/span><strong style=\"font-size: 12pt;\">red de emisi\u00f3n ilegal de licencias de conducir<\/strong><span style=\"font-weight: bold;\">, con gestores, cobros irregulares y v\u00ednculos con el poder municipal.<img loading=\"lazy\" decoding=\"async\" class=\"alignnone wp-image-13774 size-full\" src=\"https:\/\/cafeprensa.com.ar\/wp-content\/uploads\/2026\/01\/IMG_9198.png\" alt=\"\" width=\"800\" height=\"450\" srcset=\"https:\/\/cafeprensa.com.ar\/wp-content\/uploads\/2026\/01\/IMG_9198.png 800w, https:\/\/cafeprensa.com.ar\/wp-content\/uploads\/2026\/01\/IMG_9198-300x169.png 300w, https:\/\/cafeprensa.com.ar\/wp-content\/uploads\/2026\/01\/IMG_9198-768x432.png 768w, https:\/\/cafeprensa.com.ar\/wp-content\/uploads\/2026\/01\/IMG_9198-390x220.png 390w\" sizes=\"auto, (max-width: 800px) 100vw, 800px\" \/><\/span><\/div>\n<\/div>\n<div class=\"vc_row_inner tdi_72 vc_row vc_inner wpb_row td-pb-row\">\n<div class=\"vc_column_inner tdi_74 wpb_column vc_column_container tdc-inner-column td-pb-span4 td-is-sticky\">\n<div class=\"vc_column-inner\">\n<div class=\"wpb_wrapper\" data-sticky-offset=\"20\" data-sticky-is-width-auto=\"W2ZhbHNlLGZhbHNlLGZhbHNlLGZhbHNlXQ==\">\n<div class=\"clearfix\"><span style=\"font-size: 12pt;\">Lo que comenz\u00f3 como un tr\u00e1mite administrativo deriv\u00f3 en una causa que expone\u00a0falta de controles y un sistema oscuro. <\/span>Seg\u00fan el testimonio de un joven que declar\u00f3 bajo reserva de identidad, la operatoria funcionaba\u00a0<strong>por fuera de los canales legales<\/strong>, facilitando carnets a cambio de dinero, sin ex\u00e1menes ni verificaciones.<\/div>\n<div class=\"clearfix\">La denuncia apunta a gestores conocidos en la zona y a una estructura que habr\u00eda operado durante tiempo prolongado con\u00a0<strong>protecci\u00f3n informal.<img loading=\"lazy\" decoding=\"async\" class=\"alignnone wp-image-13765 size-full\" src=\"https:\/\/cafeprensa.com.ar\/wp-content\/uploads\/2026\/01\/SANTA-ANA-TUCUMAN.jpg\" alt=\"\" width=\"780\" height=\"210\" srcset=\"https:\/\/cafeprensa.com.ar\/wp-content\/uploads\/2026\/01\/SANTA-ANA-TUCUMAN.jpg 780w, https:\/\/cafeprensa.com.ar\/wp-content\/uploads\/2026\/01\/SANTA-ANA-TUCUMAN-300x81.jpg 300w, https:\/\/cafeprensa.com.ar\/wp-content\/uploads\/2026\/01\/SANTA-ANA-TUCUMAN-768x207.jpg 768w\" sizes=\"auto, (max-width: 780px) 100vw, 780px\" \/><\/strong><\/div>\n<\/div>\n<\/div>\n<\/div>\n<div class=\"vc_column_inner tdi_79 wpb_column vc_column_container tdc-inner-column td-pb-span8\">\n<div class=\"vc_column-inner\">\n<div class=\"wpb_wrapper\">\n<div class=\"td_block_wrap tdb_single_content tdi_80 td-pb-border-top td_block_template_1 td-post-content tagdiv-type\" data-td-block-uid=\"tdi_80\">\n<div class=\"tdb-block-inner td-fix-index\">\n<p>&nbsp;<\/p>\n<p><strong>Julio Kukino Rocha<\/strong>\u00a0es se\u00f1alado por vecinos y fuentes locales como quien\u00a0<strong>manejaba la gesti\u00f3n de carnets y los cobros ilegales en el \u00e1rea de tr\u00e1nsito<\/strong>, un sector hist\u00f3ricamente cuestionado. En\u00a0<strong>Alderetes<\/strong>\u00a0y Banda del R\u00edo Sal\u00ed crece el malestar: cada avance judicial suele ir acompa\u00f1ado de\u00a0<strong>silencios oficiales<\/strong>\u00a0y maniobras para\u00a0<strong>diluir responsabilidades.<\/strong><\/p>\n<figure id=\"attachment_5518\" class=\"wp-caption alignnone\" aria-describedby=\"caption-attachment-5518\"><img loading=\"lazy\" decoding=\"async\" class=\"size-medium wp-image-5518 td-animation-stack-type0-2\" src=\"https:\/\/quediario.com.ar\/wp-content\/uploads\/2026\/01\/IMG_9202-300x300.jpeg\" sizes=\"auto, (max-width: 300px) 100vw, 300px\" srcset=\"https:\/\/quediario.com.ar\/wp-content\/uploads\/2026\/01\/IMG_9202-300x300.jpeg 300w, https:\/\/quediario.com.ar\/wp-content\/uploads\/2026\/01\/IMG_9202-150x150.jpeg 150w, https:\/\/quediario.com.ar\/wp-content\/uploads\/2026\/01\/IMG_9202.jpeg 447w\" alt=\"En el centro del debate p\u00fablico, Gonzalo Monteros, intendente de Banda del R\u00edo Sal\u00ed; el concejal Jorge Kukino, se\u00f1alado por vecinos en la investigaci\u00f3n por presuntas irregularidades en la emisi\u00f3n de carnets; y el gobernador Osvaldo Jaldo, en un contexto de denuncias que exigen controles y esclarecimiento judicial.\" width=\"300\" height=\"300\" \/><figcaption id=\"caption-attachment-5518\" class=\"wp-caption-text\"><span style=\"font-size: 8pt;\"><strong>En el centro del debate p\u00fablico, Gonzalo Monteros, intendente de Banda del R\u00edo Sal\u00ed; Jorge Kukino Rocha, se\u00f1alado por vecinos en la investigaci\u00f3n; y el gobernador Osvaldo Jaldo.<\/strong><\/span><\/figcaption><\/figure>\n<p>En el plano institucional, el municipio de Banda del R\u00edo Sal\u00ed est\u00e1 gobernado por el intendente\u00a0<strong>Gonzalo Monteros<\/strong>, quien es hijo del\u00a0<strong>ministro del Interior de Tucum\u00e1n, Dario Monteros<\/strong>. Este entramado pol\u00edtico\u00a0<strong>intensifica el debate p\u00fablico<\/strong>\u00a0sobre los\u00a0<strong>controles internos<\/strong>, la independencia de las investigaciones y el funcionamiento del sistema de habilitaciones municipales.<img loading=\"lazy\" decoding=\"async\" class=\"alignnone wp-image-13730 size-full\" src=\"https:\/\/cafeprensa.com.ar\/wp-content\/uploads\/2026\/01\/hcd-tucuman.gif\" alt=\"\" width=\"970\" height=\"222\" \/><\/p>\n<p>Tras allanamientos y el secuestro de documentaci\u00f3n en domicilios particulares, persisten dudas sobre\u00a0<strong>posibles influencias pol\u00edticas<\/strong>\u00a0que podr\u00edan frenar el esclarecimiento total de los hechos.\u00a0<strong>La investigaci\u00f3n sigue su curso.<\/strong><\/p>\n<p><strong><span style=\"font-size: 8pt;\">FUENTE: <img loading=\"lazy\" decoding=\"async\" class=\"alignnone  wp-image-13696\" src=\"https:\/\/cafeprensa.com.ar\/wp-content\/uploads\/2026\/01\/descarga-removebg-preview-111.png\" alt=\"\" width=\"33\" height=\"31\" \/> https:\/\/quediario.com.ar\/2026\/01\/10\/escandalo-en-banda-del-rio-sali-denuncian-una-red-de-carnets-ilegales-y-recaudacion-paralela\/<\/span><\/strong><\/p>\n<\/div>\n<\/div>\n<\/div>\n<\/div>\n<\/div>\n<\/div>\n","protected":false},"excerpt":{"rendered":"<p>Una denuncia ciudadana destap\u00f3 un esc\u00e1ndalo de alto impacto pol\u00edtico en Banda del Rio Sal\u00ed. Se investiga una presunta\u00a0red de emisi\u00f3n ilegal de licencias de conducir, con gestores, cobros irregulares y v\u00ednculos con el poder municipal. Lo que comenz\u00f3 como un tr\u00e1mite administrativo deriv\u00f3 en una causa que expone\u00a0falta de controles y un sistema oscuro. &hellip;<\/p>\n","protected":false},"author":2,"featured_media":13773,"comment_status":"open","ping_status":"open","sticky":false,"template":"","format":"standard","meta":{"footnotes":""},"categories":[34,25],"tags":[1529,1072,246],"class_list":["post-13772","post","type-post","status-publish","format-standard","has-post-thumbnail","hentry","category-locales","category-politica","tag-banda-de-rio-sali","tag-carnet","tag-municipalidad"],"_links":{"self":[{"href":"https:\/\/cafeprensa.com.ar\/index.php\/wp-json\/wp\/v2\/posts\/13772","targetHints":{"allow":["GET"]}}],"collection":[{"href":"https:\/\/cafeprensa.com.ar\/index.php\/wp-json\/wp\/v2\/posts"}],"about":[{"href":"https:\/\/cafeprensa.com.ar\/index.php\/wp-json\/wp\/v2\/types\/post"}],"author":[{"embeddable":true,"href":"https:\/\/cafeprensa.com.ar\/index.php\/wp-json\/wp\/v2\/users\/2"}],"replies":[{"embeddable":true,"href":"https:\/\/cafeprensa.com.ar\/index.php\/wp-json\/wp\/v2\/comments?post=13772"}],"version-history":[{"count":3,"href":"https:\/\/cafeprensa.com.ar\/index.php\/wp-json\/wp\/v2\/posts\/13772\/revisions"}],"predecessor-version":[{"id":13778,"href":"https:\/\/cafeprensa.com.ar\/index.php\/wp-json\/wp\/v2\/posts\/13772\/revisions\/13778"}],"wp:featuredmedia":[{"embeddable":true,"href":"https:\/\/cafeprensa.com.ar\/index.php\/wp-json\/wp\/v2\/media\/13773"}],"wp:attachment":[{"href":"https:\/\/cafeprensa.com.ar\/index.php\/wp-json\/wp\/v2\/media?parent=13772"}],"wp:term":[{"taxonomy":"category","embeddable":true,"href":"https:\/\/cafeprensa.com.ar\/index.php\/wp-json\/wp\/v2\/categories?post=13772"},{"taxonomy":"post_tag","embeddable":true,"href":"https:\/\/cafeprensa.com.ar\/index.php\/wp-json\/wp\/v2\/tags?post=13772"}],"curies":[{"name":"wp","href":"https:\/\/api.w.org\/{rel}","templated":true}]}}