{"id":13832,"date":"2026-01-13T14:21:21","date_gmt":"2026-01-13T13:21:21","guid":{"rendered":"https:\/\/cafeprensa.com.ar\/?p=13832"},"modified":"2026-01-13T14:21:21","modified_gmt":"2026-01-13T13:21:21","slug":"cuba-enfrenta-una-crisis-de-combustible-y-suspenden-servicios-de-transporte-urbano","status":"publish","type":"post","link":"https:\/\/cafeprensa.com.ar\/index.php\/2026\/01\/13\/cuba-enfrenta-una-crisis-de-combustible-y-suspenden-servicios-de-transporte-urbano\/","title":{"rendered":"Cuba enfrenta una crisis de combustible y suspenden servicios de transporte urbano"},"content":{"rendered":"<div>\n<div class=\"fotoVerNoticia\">\n<div>La isla sufre la falta de crudo tras el corte de env\u00edos desde Venezuela y la presi\u00f3n de Estados Unidos.<\/div>\n<div><strong>La escasez afecta a la movilidad y a la vida cotidiana de los cubanos. La escasez de combustible en Cuba se profundiza y ya impacta directamente en la movilidad urbana.<img loading=\"lazy\" decoding=\"async\" class=\"alignnone wp-image-13837 size-full\" src=\"https:\/\/cafeprensa.com.ar\/wp-content\/uploads\/2026\/01\/137049815_15214452785891n-1.jpg\" alt=\"\" width=\"899\" height=\"558\" srcset=\"https:\/\/cafeprensa.com.ar\/wp-content\/uploads\/2026\/01\/137049815_15214452785891n-1.jpg 899w, https:\/\/cafeprensa.com.ar\/wp-content\/uploads\/2026\/01\/137049815_15214452785891n-1-300x186.jpg 300w, https:\/\/cafeprensa.com.ar\/wp-content\/uploads\/2026\/01\/137049815_15214452785891n-1-768x477.jpg 768w\" sizes=\"auto, (max-width: 899px) 100vw, 899px\" \/><\/strong><\/div>\n<div><\/div>\n<div>Autoridades confirmaron la suspensi\u00f3n parcial de los servicios de las llamadas \u201cgacelas\u201d, los microbuses que cumplen rutas fijas en La Habana y que son vitales para el traslado de miles de ciudadanos.<\/div>\n<div>Solo un grupo reducido de unidades seguir\u00e1 funcionando mientras haya disponibilidad de nafta.<\/div>\n<\/div>\n<\/div>\n<div class=\"cuerpoVerNoticia\">\n<div>El panorama en las estaciones de servicio es cr\u00edtico.<\/div>\n<div>En Habana del Este, apenas 11 gasolineras permanecen operativas, mientras que otras diez est\u00e1n desabastecidas. En el oeste de la capital, varias cerraron en los \u00faltimos d\u00edas.<\/div>\n<div><strong>Para los cubanos, llenar el tanque se ha convertido en una verdadera odisea:<\/strong><\/p>\n<div><strong>En divisas: un litro cuesta 1,30 d\u00f3lares, pero solo se paga con tarjetas prepaga o internacionales.<\/strong><\/p>\n<div><strong>En el mercado negro: el precio se dispara a 500 pesos por litro, frente a los 156 pesos oficiales.<\/strong><\/p>\n<div><strong>En pesos cubanos: el sistema exige registrarse en una aplicaci\u00f3n y esperar semanas o meses para recibir un turno que otorga apenas 40 litros para autos particulares.<\/strong><\/div>\n<div><\/div>\n<div><strong><img loading=\"lazy\" decoding=\"async\" class=\"alignnone wp-image-13819 size-full\" src=\"https:\/\/cafeprensa.com.ar\/wp-content\/uploads\/2026\/01\/placa-hcd.jpg\" alt=\"\" width=\"970\" height=\"222\" srcset=\"https:\/\/cafeprensa.com.ar\/wp-content\/uploads\/2026\/01\/placa-hcd.jpg 970w, https:\/\/cafeprensa.com.ar\/wp-content\/uploads\/2026\/01\/placa-hcd-300x69.jpg 300w, https:\/\/cafeprensa.com.ar\/wp-content\/uploads\/2026\/01\/placa-hcd-768x176.jpg 768w\" sizes=\"auto, (max-width: 970px) 100vw, 970px\" \/><\/strong><\/p>\n<div><\/div>\n<div>Vecinos relatan demoras de m\u00e1s de 20 d\u00edas y turnos que superan los 4000 n\u00fameros de espera, con la incertidumbre de que, llegado el d\u00eda, solo haya combustible de bajo octanaje. <strong>Cuba produce unos 40.000 barriles diarios de crudo de baja calidad, pero necesita al menos 110.000 para sostener su econom\u00eda. Durante la alianza con Venezuela, llegaron a recibir hasta 100.000 barriles por d\u00eda, aunque en los \u00faltimos meses el flujo se redujo a entre 15.000 y 27.000.<img loading=\"lazy\" decoding=\"async\" class=\"alignnone wp-image-13835 size-large\" src=\"https:\/\/cafeprensa.com.ar\/wp-content\/uploads\/2026\/01\/omnibus-transporte-publico-habana-cuba-efe-archivojpg-1024x538.webp\" alt=\"\" width=\"1024\" height=\"538\" srcset=\"https:\/\/cafeprensa.com.ar\/wp-content\/uploads\/2026\/01\/omnibus-transporte-publico-habana-cuba-efe-archivojpg-1024x538.webp 1024w, https:\/\/cafeprensa.com.ar\/wp-content\/uploads\/2026\/01\/omnibus-transporte-publico-habana-cuba-efe-archivojpg-300x158.webp 300w, https:\/\/cafeprensa.com.ar\/wp-content\/uploads\/2026\/01\/omnibus-transporte-publico-habana-cuba-efe-archivojpg-768x403.webp 768w, https:\/\/cafeprensa.com.ar\/wp-content\/uploads\/2026\/01\/omnibus-transporte-publico-habana-cuba-efe-archivojpg.webp 1200w\" sizes=\"auto, (max-width: 1024px) 100vw, 1024px\" \/> <\/strong><\/div>\n<div><strong>Tras la captura de Nicol\u00e1s Maduro y la presi\u00f3n del presidente estadounidense Donald Trump, los env\u00edos desde Caracas quedaron suspendidos. <\/strong>Rusia y M\u00e9xico aparecen como alternativas, pero con limitaciones: Mosc\u00fa exige pagos en divisas y M\u00e9xico apenas env\u00eda vol\u00famenes reducidos, aunque se espera la llegada de un buque con 80.000 barriles. La crisis energ\u00e9tica provoca apagones masivos, paralizaci\u00f3n de sectores productivos y dificultades en la vida cotidiana.<img loading=\"lazy\" decoding=\"async\" class=\"alignnone wp-image-13686 size-large\" src=\"https:\/\/cafeprensa.com.ar\/wp-content\/uploads\/2026\/01\/c66dd69b998d64e74bd330a8d19859af-1024x288.webp\" alt=\"\" width=\"1024\" height=\"288\" srcset=\"https:\/\/cafeprensa.com.ar\/wp-content\/uploads\/2026\/01\/c66dd69b998d64e74bd330a8d19859af-1024x288.webp 1024w, https:\/\/cafeprensa.com.ar\/wp-content\/uploads\/2026\/01\/c66dd69b998d64e74bd330a8d19859af-300x84.webp 300w, https:\/\/cafeprensa.com.ar\/wp-content\/uploads\/2026\/01\/c66dd69b998d64e74bd330a8d19859af-768x216.webp 768w, https:\/\/cafeprensa.com.ar\/wp-content\/uploads\/2026\/01\/c66dd69b998d64e74bd330a8d19859af-1536x432.webp 1536w, https:\/\/cafeprensa.com.ar\/wp-content\/uploads\/2026\/01\/c66dd69b998d64e74bd330a8d19859af-2048x576.webp 2048w\" sizes=\"auto, (max-width: 1024px) 100vw, 1024px\" \/><\/p>\n<div>\n<div><\/div>\n<div><strong>El presidente Miguel D\u00edaz-Canel neg\u00f3 negociaciones con Washington y asegur\u00f3 que los \u00fanicos contactos con Estados Unidos son t\u00e9cnicos en materia migratoria. <\/strong><strong>En este contexto, la revoluci\u00f3n cubana atraviesa uno de sus momentos m\u00e1s dif\u00edciles, con una poblaci\u00f3n que enfrenta largas esperas, precios desorbitados y un transporte p\u00fablico cada vez m\u00e1s limitado por la falta de combustible.<\/strong><\/div>\n<\/div>\n<\/div>\n<\/div>\n<\/div>\n<\/div>\n<\/div>\n<\/div>\n","protected":false},"excerpt":{"rendered":"<p>La isla sufre la falta de crudo tras el corte de env\u00edos desde Venezuela y la presi\u00f3n de Estados Unidos. La escasez afecta a la movilidad y a la vida cotidiana de los cubanos. La escasez de combustible en Cuba se profundiza y ya impacta directamente en la movilidad urbana. Autoridades confirmaron la suspensi\u00f3n parcial &hellip;<\/p>\n","protected":false},"author":2,"featured_media":13836,"comment_status":"open","ping_status":"open","sticky":false,"template":"","format":"standard","meta":{"footnotes":""},"categories":[54,35],"tags":[2883],"class_list":["post-13832","post","type-post","status-publish","format-standard","has-post-thumbnail","hentry","category-interes-ganeral","category-internacionales","tag-cuba-nafta"],"_links":{"self":[{"href":"https:\/\/cafeprensa.com.ar\/index.php\/wp-json\/wp\/v2\/posts\/13832","targetHints":{"allow":["GET"]}}],"collection":[{"href":"https:\/\/cafeprensa.com.ar\/index.php\/wp-json\/wp\/v2\/posts"}],"about":[{"href":"https:\/\/cafeprensa.com.ar\/index.php\/wp-json\/wp\/v2\/types\/post"}],"author":[{"embeddable":true,"href":"https:\/\/cafeprensa.com.ar\/index.php\/wp-json\/wp\/v2\/users\/2"}],"replies":[{"embeddable":true,"href":"https:\/\/cafeprensa.com.ar\/index.php\/wp-json\/wp\/v2\/comments?post=13832"}],"version-history":[{"count":1,"href":"https:\/\/cafeprensa.com.ar\/index.php\/wp-json\/wp\/v2\/posts\/13832\/revisions"}],"predecessor-version":[{"id":13838,"href":"https:\/\/cafeprensa.com.ar\/index.php\/wp-json\/wp\/v2\/posts\/13832\/revisions\/13838"}],"wp:featuredmedia":[{"embeddable":true,"href":"https:\/\/cafeprensa.com.ar\/index.php\/wp-json\/wp\/v2\/media\/13836"}],"wp:attachment":[{"href":"https:\/\/cafeprensa.com.ar\/index.php\/wp-json\/wp\/v2\/media?parent=13832"}],"wp:term":[{"taxonomy":"category","embeddable":true,"href":"https:\/\/cafeprensa.com.ar\/index.php\/wp-json\/wp\/v2\/categories?post=13832"},{"taxonomy":"post_tag","embeddable":true,"href":"https:\/\/cafeprensa.com.ar\/index.php\/wp-json\/wp\/v2\/tags?post=13832"}],"curies":[{"name":"wp","href":"https:\/\/api.w.org\/{rel}","templated":true}]}}