{"id":13962,"date":"2026-01-17T00:35:34","date_gmt":"2026-01-16T23:35:34","guid":{"rendered":"https:\/\/cafeprensa.com.ar\/?p=13962"},"modified":"2026-01-17T00:35:34","modified_gmt":"2026-01-16T23:35:34","slug":"el-diputado-huesen-le-respondio-al-ministro-federico-masso","status":"publish","type":"post","link":"https:\/\/cafeprensa.com.ar\/index.php\/2026\/01\/17\/el-diputado-huesen-le-respondio-al-ministro-federico-masso\/","title":{"rendered":"El diputado Huesen le respondi\u00f3 al ministro Federico Masso"},"content":{"rendered":"<p class=\"page-header\"><strong>\u00a0\u201cFestejar la pobreza es hipocres\u00eda\u201d. <\/strong>\u201cA m\u00ed me preocupa la pobreza y trabajo con el gobierno nacional para cambiarla\u201d, afirm\u00f3 el diputado libertario.<br \/>\n<b>El diputado nacional Gerardo Huesen (La Libertad Avanza) cuestion\u00f3 duramente al ministro de Desarrollo Social de Tucum\u00e1n, Federico Masso, por sus declaraciones vinculadas a la apertura de comedores en la provincia y lo acus\u00f3 de naturalizar la pobreza.<\/b><br \/>\n<img loading=\"lazy\" decoding=\"async\" class=\"alignnone wp-image-13880 size-full\" src=\"https:\/\/cafeprensa.com.ar\/wp-content\/uploads\/2026\/01\/oYztcBOLPiY2vSBuZXmE.gif\" alt=\"\" width=\"970\" height=\"90\" \/><br \/>\n\u201cUsted Federico Masso festeja la pobreza y la apertura de comedores. A m\u00ed me preocupa la pobreza y trabajo con el gobierno nacional para cambiarla. \u00bfQui\u00e9n es el hip\u00f3crita?\u201d, afirm\u00f3 Huesen.<\/p>\n<div>Desde La Libertad Avanza se\u00f1alaron que, durante a\u00f1os, la pol\u00edtica tradicional convirti\u00f3 la pobreza en un sistema permanente, utilizando la asistencia social como una bandera discursiva, pero sin generar pol\u00edticas eficaces que permitan a las familias salir de esa situaci\u00f3n. En ese sentido, remarcaron que\u00a0<b>\u201cla pobreza no se celebra ni se administra. Se combate con pol\u00edticas serias, crecimiento econ\u00f3mico y trabajo genuino. Nuestro objetivo es que los comedores no sean necesarios\u201d<\/b>.<img loading=\"lazy\" decoding=\"async\" class=\"alignnone wp-image-13819 size-full\" src=\"https:\/\/cafeprensa.com.ar\/wp-content\/uploads\/2026\/01\/placa-hcd.jpg\" alt=\"\" width=\"970\" height=\"222\" srcset=\"https:\/\/cafeprensa.com.ar\/wp-content\/uploads\/2026\/01\/placa-hcd.jpg 970w, https:\/\/cafeprensa.com.ar\/wp-content\/uploads\/2026\/01\/placa-hcd-300x69.jpg 300w, https:\/\/cafeprensa.com.ar\/wp-content\/uploads\/2026\/01\/placa-hcd-768x176.jpg 768w\" sizes=\"auto, (max-width: 970px) 100vw, 970px\" \/>diputado hu<\/div>\n<p>Por \u00faltimo, el diputado nacional reafirm\u00f3 su compromiso de acompa\u00f1ar las pol\u00edticas impulsadas por el gobierno nacional con el objetivo de dejar atr\u00e1s el asistencialismo cr\u00f3nico y avanzar hacia un modelo que promueva dignidad, empleo y oportunidades reales para todos los tucumanos.<\/p>\n<p>Fuente \/<a href=\"https:\/\/www.lagaceta.com.ar\/nota\/1120865\/politica\/gerardo-huesen-le-respondio-federico-masso-festejar-pobreza-hipocresia.html\">La Gaceta<\/a><\/p>\n","protected":false},"excerpt":{"rendered":"<p>\u00a0\u201cFestejar la pobreza es hipocres\u00eda\u201d. \u201cA m\u00ed me preocupa la pobreza y trabajo con el gobierno nacional para cambiarla\u201d, afirm\u00f3 el diputado libertario. El diputado nacional Gerardo Huesen (La Libertad Avanza) cuestion\u00f3 duramente al ministro de Desarrollo Social de Tucum\u00e1n, Federico Masso, por sus declaraciones vinculadas a la apertura de comedores en la provincia y &hellip;<\/p>\n","protected":false},"author":2,"featured_media":13963,"comment_status":"open","ping_status":"open","sticky":false,"template":"","format":"standard","meta":{"footnotes":""},"categories":[34,25],"tags":[1203,230],"class_list":["post-13962","post","type-post","status-publish","format-standard","has-post-thumbnail","hentry","category-locales","category-politica","tag-diputado-gerardo-huesen","tag-federico-masso"],"_links":{"self":[{"href":"https:\/\/cafeprensa.com.ar\/index.php\/wp-json\/wp\/v2\/posts\/13962","targetHints":{"allow":["GET"]}}],"collection":[{"href":"https:\/\/cafeprensa.com.ar\/index.php\/wp-json\/wp\/v2\/posts"}],"about":[{"href":"https:\/\/cafeprensa.com.ar\/index.php\/wp-json\/wp\/v2\/types\/post"}],"author":[{"embeddable":true,"href":"https:\/\/cafeprensa.com.ar\/index.php\/wp-json\/wp\/v2\/users\/2"}],"replies":[{"embeddable":true,"href":"https:\/\/cafeprensa.com.ar\/index.php\/wp-json\/wp\/v2\/comments?post=13962"}],"version-history":[{"count":1,"href":"https:\/\/cafeprensa.com.ar\/index.php\/wp-json\/wp\/v2\/posts\/13962\/revisions"}],"predecessor-version":[{"id":13964,"href":"https:\/\/cafeprensa.com.ar\/index.php\/wp-json\/wp\/v2\/posts\/13962\/revisions\/13964"}],"wp:featuredmedia":[{"embeddable":true,"href":"https:\/\/cafeprensa.com.ar\/index.php\/wp-json\/wp\/v2\/media\/13963"}],"wp:attachment":[{"href":"https:\/\/cafeprensa.com.ar\/index.php\/wp-json\/wp\/v2\/media?parent=13962"}],"wp:term":[{"taxonomy":"category","embeddable":true,"href":"https:\/\/cafeprensa.com.ar\/index.php\/wp-json\/wp\/v2\/categories?post=13962"},{"taxonomy":"post_tag","embeddable":true,"href":"https:\/\/cafeprensa.com.ar\/index.php\/wp-json\/wp\/v2\/tags?post=13962"}],"curies":[{"name":"wp","href":"https:\/\/api.w.org\/{rel}","templated":true}]}}