{"id":13996,"date":"2026-01-22T13:20:00","date_gmt":"2026-01-22T12:20:00","guid":{"rendered":"https:\/\/cafeprensa.com.ar\/?p=13996"},"modified":"2026-01-22T13:20:00","modified_gmt":"2026-01-22T12:20:00","slug":"en-tucuman-no-tenemos-ningun-caso-de-gripe-h3n2-subclado-k","status":"publish","type":"post","link":"https:\/\/cafeprensa.com.ar\/index.php\/2026\/01\/22\/en-tucuman-no-tenemos-ningun-caso-de-gripe-h3n2-subclado-k\/","title":{"rendered":"\u201cEn Tucum\u00e1n no tenemos ning\u00fan caso de gripe H3N2 subclado K\u201d"},"content":{"rendered":"<div class=\"cuerpoVerNoticia\">\n<div>El ministro de Salud P\u00fablica, Luis Medina Ruiz, asegur\u00f3 este lunes que en Tucum\u00e1n no se registran casos de la variante de influenza H3N2 subclado K, pese al aumento de contagios en otras provincias y en el mundo.<\/div>\n<div><\/div>\n<div><strong>\u201cEn Tucum\u00e1n no tenemos ning\u00fan caso de Gripe H3N2 subclado K\u201d, afirm\u00f3 durante una conferencia de prensa en la que se present\u00f3 la nueva Sala de Situaci\u00f3n Epidemiol\u00f3gica.<\/strong><\/p>\n<div>Seg\u00fan el \u00faltimo Bolet\u00edn Epidemiol\u00f3gico Nacional, desde el 18 de diciembre de 2025 se confirmaron 28 casos en 14 jurisdicciones del pa\u00eds, entre ellas Buenos Aires, Mendoza, Neuqu\u00e9n, C\u00f3rdoba y Santa Fe. El ministro advirti\u00f3 que algunos contagios se dieron sin antecedentes de viaje, lo que confirma la circulaci\u00f3n del virus en territorio nacional.<\/p>\n<div><strong>Medina Ruiz pidi\u00f3 especial precauci\u00f3n a quienes regresen de viajes internacionales, sobre todo desde Europa, y presenten s\u00edntomas compatibles con gripe: fiebre, dolores musculares y cefalea. \u201cLa diferencia de esta gripe A H3N2 subclado K es que es muy virulenta y contagiosa, no m\u00e1s grave\u201d, explic\u00f3, y record\u00f3 que la vacuna aplicada en 2025 inclu\u00eda protecci\u00f3n contra esta cepa. La nueva campa\u00f1a de vacunaci\u00f3n est\u00e1 prevista para mediados de febrero.<img loading=\"lazy\" decoding=\"async\" class=\"alignnone wp-image-13819 size-full\" src=\"https:\/\/cafeprensa.com.ar\/wp-content\/uploads\/2026\/01\/placa-hcd.jpg\" alt=\"\" width=\"970\" height=\"222\" srcset=\"https:\/\/cafeprensa.com.ar\/wp-content\/uploads\/2026\/01\/placa-hcd.jpg 970w, https:\/\/cafeprensa.com.ar\/wp-content\/uploads\/2026\/01\/placa-hcd-300x69.jpg 300w, https:\/\/cafeprensa.com.ar\/wp-content\/uploads\/2026\/01\/placa-hcd-768x176.jpg 768w\" sizes=\"auto, (max-width: 970px) 100vw, 970px\" \/><\/strong><\/p>\n<div>El ministro tambi\u00e9n se refiri\u00f3 a la situaci\u00f3n de otras patolog\u00edas:<\/p>\n<div><strong>Dengue: Tucum\u00e1n no registra casos, aunque se refuerzan las tareas de prevenci\u00f3n ante las lluvias y el calor que favorecen la proliferaci\u00f3n del mosquito.<\/strong><\/div>\n<div><\/div>\n<div><strong>Bronquiolitis: se mantienen menos de 100 casos semanales, con presencia del virus sincicial respiratorio en adultos. Se recomienda la vacunaci\u00f3n gratuita en embarazadas entre las 32 y 36 semanas de gestaci\u00f3n.<\/strong><\/p>\n<div>\n<div><strong>Covid-19: la positividad es baja, con alta proporci\u00f3n de poblaci\u00f3n vacunada y con defensas por infecciones previas.<\/strong><\/p>\n<div><strong>Sarampi\u00f3n: el ministro record\u00f3 que las Am\u00e9ricas perdieron la condici\u00f3n de libres de la enfermedad y pidi\u00f3 completar los esquemas de vacunaci\u00f3n infantil, con dosis al a\u00f1o y a los 15 meses.<\/strong><\/p>\n<div>Salud en contexto de inundaciones<\/p>\n<div>Medina Ruiz destac\u00f3 adem\u00e1s la labor del Ministerio de Salud en las zonas afectadas por las recientes inundaciones. \u201cEl gobernador siempre nos pide trabajar en equipo y nosotros contamos en la primera fila con nuestros agentes sociosanitarios, enfermeros y m\u00e9dicos reforzando los Caps que lo requirieron\u201d, se\u00f1al\u00f3.<img loading=\"lazy\" decoding=\"async\" class=\"alignnone wp-image-13880 size-full\" src=\"https:\/\/cafeprensa.com.ar\/wp-content\/uploads\/2026\/01\/oYztcBOLPiY2vSBuZXmE.gif\" alt=\"\" width=\"970\" height=\"90\" \/><\/p>\n<div><strong>El funcionario inform\u00f3 que se realizaron evacuaciones preventivas de adultos mayores, ni\u00f1os peque\u00f1os, una embarazada y una persona con enfermedad cr\u00f3nica. En Niogasta, una embarazada fue trasladada al hospital de Simoca y luego derivada al hospital Avellaneda para continuar su control hasta el final del embarazo.<\/strong><\/p>\n<div>Con estas medidas, la cartera sanitaria busca garantizar respuestas r\u00e1pidas y efectivas tanto frente a emergencias clim\u00e1ticas como ante la circulaci\u00f3n de enfermedades respiratorias en la provincia.<\/div>\n<\/div>\n<\/div>\n<\/div>\n<\/div>\n<\/div>\n<\/div>\n<\/div>\n<\/div>\n<\/div>\n<\/div>\n<\/div>\n<\/div>\n<div><\/div>\n","protected":false},"excerpt":{"rendered":"<p>El ministro de Salud P\u00fablica, Luis Medina Ruiz, asegur\u00f3 este lunes que en Tucum\u00e1n no se registran casos de la variante de influenza H3N2 subclado K, pese al aumento de contagios en otras provincias y en el mundo. \u201cEn Tucum\u00e1n no tenemos ning\u00fan caso de Gripe H3N2 subclado K\u201d, afirm\u00f3 durante una conferencia de prensa &hellip;<\/p>\n","protected":false},"author":2,"featured_media":13997,"comment_status":"open","ping_status":"open","sticky":false,"template":"","format":"standard","meta":{"footnotes":""},"categories":[34,36],"tags":[590,2910],"class_list":["post-13996","post","type-post","status-publish","format-standard","has-post-thumbnail","hentry","category-locales","category-salud","tag-luis-medina-ruiz","tag-ministro-de-salud-publica"],"_links":{"self":[{"href":"https:\/\/cafeprensa.com.ar\/index.php\/wp-json\/wp\/v2\/posts\/13996","targetHints":{"allow":["GET"]}}],"collection":[{"href":"https:\/\/cafeprensa.com.ar\/index.php\/wp-json\/wp\/v2\/posts"}],"about":[{"href":"https:\/\/cafeprensa.com.ar\/index.php\/wp-json\/wp\/v2\/types\/post"}],"author":[{"embeddable":true,"href":"https:\/\/cafeprensa.com.ar\/index.php\/wp-json\/wp\/v2\/users\/2"}],"replies":[{"embeddable":true,"href":"https:\/\/cafeprensa.com.ar\/index.php\/wp-json\/wp\/v2\/comments?post=13996"}],"version-history":[{"count":1,"href":"https:\/\/cafeprensa.com.ar\/index.php\/wp-json\/wp\/v2\/posts\/13996\/revisions"}],"predecessor-version":[{"id":13998,"href":"https:\/\/cafeprensa.com.ar\/index.php\/wp-json\/wp\/v2\/posts\/13996\/revisions\/13998"}],"wp:featuredmedia":[{"embeddable":true,"href":"https:\/\/cafeprensa.com.ar\/index.php\/wp-json\/wp\/v2\/media\/13997"}],"wp:attachment":[{"href":"https:\/\/cafeprensa.com.ar\/index.php\/wp-json\/wp\/v2\/media?parent=13996"}],"wp:term":[{"taxonomy":"category","embeddable":true,"href":"https:\/\/cafeprensa.com.ar\/index.php\/wp-json\/wp\/v2\/categories?post=13996"},{"taxonomy":"post_tag","embeddable":true,"href":"https:\/\/cafeprensa.com.ar\/index.php\/wp-json\/wp\/v2\/tags?post=13996"}],"curies":[{"name":"wp","href":"https:\/\/api.w.org\/{rel}","templated":true}]}}