{"id":14036,"date":"2026-01-22T15:29:25","date_gmt":"2026-01-22T14:29:25","guid":{"rendered":"https:\/\/cafeprensa.com.ar\/?p=14036"},"modified":"2026-01-22T15:29:25","modified_gmt":"2026-01-22T14:29:25","slug":"vinculan-los-anegamientos-en-lules-con-la-falta-de-controles-sobre-el-desmonte","status":"publish","type":"post","link":"https:\/\/cafeprensa.com.ar\/index.php\/2026\/01\/22\/vinculan-los-anegamientos-en-lules-con-la-falta-de-controles-sobre-el-desmonte\/","title":{"rendered":"Vinculan los anegamientos en Lules con la falta de controles sobre el desmonte"},"content":{"rendered":"<p>El referente de la ONG Ave F\u00e9nix, Gustavo Masmud, vincul\u00f3 el avance del sector agr\u00edcola en zonas protegidas con los graves anegamientos y la destrucci\u00f3n de infraestructura vial en la provincia. <strong>Tras el temporal que provoc\u00f3 el desborde de r\u00edos y el colapso parcial de la Ruta Provincial 321, el debate sobre la gesti\u00f3n ambiental en Tucum\u00e1n ha vuelto a estallar. En declaraciones exclusivas para Vientos Tucumanos, el profesor Gustavo Masmud, referente de la ONG ambientalista Ave F\u00e9nix, lanz\u00f3 una dur\u00edsima advertencia sobre las causas humanas detr\u00e1s de los desastres naturales que azotan a la regi\u00f3n.<img loading=\"lazy\" decoding=\"async\" class=\"alignnone wp-image-14030 size-full\" src=\"https:\/\/cafeprensa.com.ar\/wp-content\/uploads\/2026\/01\/publicidades.imagen.afdf453de9248d2c.aW1hZ2VuLmdpZg-1.gif\" alt=\"\" width=\"728\" height=\"90\" \/><\/strong><\/p>\n<p><b><strong>El impacto de la tala en el pedemonte<\/strong><\/b><\/p>\n<p>Para Masmud, las inundaciones no son una fatalidad clim\u00e1tica aislada, sino la consecuencia directa de la intervenci\u00f3n humana irresponsable. \u00abCada vez que ocurren estos desastres, una de las causas son los desmontes y la tala en zonas prohibidas\u00bb, afirm\u00f3 con contundencia al portal de noticias de Concepci\u00f3n, vientostucumanos.<\/p>\n<p><strong>El ambientalista se\u00f1al\u00f3 que la p\u00e9rdida de cobertura vegetal en las zonas de pedemonte elimina la absorci\u00f3n natural del suelo, provocando que el agua baje con una fuerza incontrolable hacia las zonas urbanas y productivas.<img loading=\"lazy\" decoding=\"async\" class=\"alignnone wp-image-13880 size-full\" src=\"https:\/\/cafeprensa.com.ar\/wp-content\/uploads\/2026\/01\/oYztcBOLPiY2vSBuZXmE.gif\" alt=\"\" width=\"970\" height=\"90\" \/><\/strong><\/p>\n<p><b><strong>Un emprendimiento bajo la lupa<\/strong><\/b><\/p>\n<p>La denuncia puntual se centra en un proyecto agr\u00edcola de gran escala detectado en una zona boscosa de Lules. Seg\u00fan Masmud, se trata de aproximadamente 68 hect\u00e1reas (680.000 m\u00b2) destinadas presuntamente al cultivo de palta para exportaci\u00f3n.<\/p>\n<p><strong>La gravedad del hecho radica en la ubicaci\u00f3n del predio:<\/strong><\/p>\n<p><strong>\u00a0Altitud: Entre los 600 y 900 metros sobre el nivel del mar.<\/strong><\/p>\n<p><strong>\u00a0\u00a0Categor\u00eda: Clasificada como \u00abZona Roja\u00bb seg\u00fan la Ley Provincial de Bosques Nativos N\u00b0 8304.<\/strong><\/p>\n<p><strong>\u00a0Restricci\u00f3n: En estas \u00e1reas, la normativa nacional y provincial proh\u00edbe estrictamente cualquier tipo de desmonte o cambio de uso de suelo. <img loading=\"lazy\" decoding=\"async\" class=\"alignnone wp-image-13819 size-full\" src=\"https:\/\/cafeprensa.com.ar\/wp-content\/uploads\/2026\/01\/placa-hcd.jpg\" alt=\"\" width=\"970\" height=\"222\" srcset=\"https:\/\/cafeprensa.com.ar\/wp-content\/uploads\/2026\/01\/placa-hcd.jpg 970w, https:\/\/cafeprensa.com.ar\/wp-content\/uploads\/2026\/01\/placa-hcd-300x69.jpg 300w, https:\/\/cafeprensa.com.ar\/wp-content\/uploads\/2026\/01\/placa-hcd-768x176.jpg 768w\" sizes=\"auto, (max-width: 970px) 100vw, 970px\" \/><\/strong><\/p>\n<p><b><strong>\u00abComplicidad pol\u00edtica\u00bb<\/strong><\/b><\/p>\n<p>Masmud no ahorr\u00f3 cr\u00edticas hacia las autoridades locales y provinciales, calificando la situaci\u00f3n de \u00abvergonzosa\u00bb. Seg\u00fan el referente de Ave F\u00e9nix, el predio pertenece a un empresario local con fuertes v\u00ednculos pol\u00edticos, lo que habr\u00eda facilitado la inacci\u00f3n estatal.<\/p>\n<p><strong>\u00abEso no se hace de la noche a la ma\u00f1ana. Las autoridades no pueden decir que no sab\u00edan\u00bb, sostuvo. Asimismo, revel\u00f3 que la situaci\u00f3n fue advertida con antelaci\u00f3n a la Direcci\u00f3n de Flora y Fauna, mencionando espec\u00edficamente al Ing. Juan Carlos Paraj\u00f3n, y que, aunque existir\u00eda un proceso administrativo en curso, el avance sobre el cerro no se detuvo.<\/strong><\/p>\n<p><strong>\u00abHan modificado la salud del cerro para enriquecerse, pero el da\u00f1o a la naturaleza y a la comunidad no tiene precio\u00bb, concluy\u00f3 Masmud, exigiendo que se determinen las responsabilidades de los funcionarios que permitieron el avance de la maquinaria sobre el patrimonio natural de los tucumanos.<\/strong><\/p>\n<p><em><strong><span style=\"font-size: 8pt;\">FUENTE : www.primerafuente.com.ar<\/span><\/strong><\/em><\/p>\n","protected":false},"excerpt":{"rendered":"<p>El referente de la ONG Ave F\u00e9nix, Gustavo Masmud, vincul\u00f3 el avance del sector agr\u00edcola en zonas protegidas con los graves anegamientos y la destrucci\u00f3n de infraestructura vial en la provincia. Tras el temporal que provoc\u00f3 el desborde de r\u00edos y el colapso parcial de la Ruta Provincial 321, el debate sobre la gesti\u00f3n ambiental &hellip;<\/p>\n","protected":false},"author":2,"featured_media":14037,"comment_status":"open","ping_status":"open","sticky":false,"template":"","format":"standard","meta":{"footnotes":""},"categories":[54,34],"tags":[2916,2115],"class_list":["post-14036","post","type-post","status-publish","format-standard","has-post-thumbnail","hentry","category-interes-ganeral","category-locales","tag-desmontes","tag-lules"],"_links":{"self":[{"href":"https:\/\/cafeprensa.com.ar\/index.php\/wp-json\/wp\/v2\/posts\/14036","targetHints":{"allow":["GET"]}}],"collection":[{"href":"https:\/\/cafeprensa.com.ar\/index.php\/wp-json\/wp\/v2\/posts"}],"about":[{"href":"https:\/\/cafeprensa.com.ar\/index.php\/wp-json\/wp\/v2\/types\/post"}],"author":[{"embeddable":true,"href":"https:\/\/cafeprensa.com.ar\/index.php\/wp-json\/wp\/v2\/users\/2"}],"replies":[{"embeddable":true,"href":"https:\/\/cafeprensa.com.ar\/index.php\/wp-json\/wp\/v2\/comments?post=14036"}],"version-history":[{"count":1,"href":"https:\/\/cafeprensa.com.ar\/index.php\/wp-json\/wp\/v2\/posts\/14036\/revisions"}],"predecessor-version":[{"id":14038,"href":"https:\/\/cafeprensa.com.ar\/index.php\/wp-json\/wp\/v2\/posts\/14036\/revisions\/14038"}],"wp:featuredmedia":[{"embeddable":true,"href":"https:\/\/cafeprensa.com.ar\/index.php\/wp-json\/wp\/v2\/media\/14037"}],"wp:attachment":[{"href":"https:\/\/cafeprensa.com.ar\/index.php\/wp-json\/wp\/v2\/media?parent=14036"}],"wp:term":[{"taxonomy":"category","embeddable":true,"href":"https:\/\/cafeprensa.com.ar\/index.php\/wp-json\/wp\/v2\/categories?post=14036"},{"taxonomy":"post_tag","embeddable":true,"href":"https:\/\/cafeprensa.com.ar\/index.php\/wp-json\/wp\/v2\/tags?post=14036"}],"curies":[{"name":"wp","href":"https:\/\/api.w.org\/{rel}","templated":true}]}}