{"id":14039,"date":"2026-01-22T15:44:04","date_gmt":"2026-01-22T14:44:04","guid":{"rendered":"https:\/\/cafeprensa.com.ar\/?p=14039"},"modified":"2026-01-22T15:44:04","modified_gmt":"2026-01-22T14:44:04","slug":"piden-la-presencia-del-canciller-en-diputados-para-que-informe-sobre-la-incorporacion-de-argentina-al-board-of-peace","status":"publish","type":"post","link":"https:\/\/cafeprensa.com.ar\/index.php\/2026\/01\/22\/piden-la-presencia-del-canciller-en-diputados-para-que-informe-sobre-la-incorporacion-de-argentina-al-board-of-peace\/","title":{"rendered":"Piden la presencia del canciller en Diputados para que informe sobre la incorporaci\u00f3n de Argentina al Board of Peace"},"content":{"rendered":"<div class=\"post-content\">\n<p>En el proyecto solicitan informaci\u00f3n respecto de los lineamientos y objetivos de la pol\u00edtica exterior argentina; si el acuerdo debe tener tratamiento en el Congreso; si se encuentra previsto realizar el aporte econ\u00f3mico para la incorporaci\u00f3n del pa\u00eds en el Board of Peace.<\/p>\n<\/div>\n<div class=\"box-img\"><img loading=\"lazy\" decoding=\"async\" class=\"attachment-post-thumbnail size-post-thumbnail wp-post-image\" src=\"https:\/\/www.parlamentario.com\/wp-content\/uploads\/2026\/01\/Milei-junto-a-Donald-Trump-Davos.jpg\" sizes=\"auto, (max-width: 750px) 100vw, 750px\" srcset=\"https:\/\/www.parlamentario.com\/wp-content\/uploads\/2026\/01\/Milei-junto-a-Donald-Trump-Davos.jpg 750w, https:\/\/www.parlamentario.com\/wp-content\/uploads\/2026\/01\/Milei-junto-a-Donald-Trump-Davos-300x200.jpg 300w\" alt=\"\" width=\"750\" height=\"500\" \/><\/div>\n<div class=\"contenido-post\">\n<div class=\"ns-buttons ns-inline ns-no-print\">\n<div class=\"ns-buttons-wrapper\"><\/div>\n<\/div>\n<p>El presidente de la Naci\u00f3n,\u00a0<strong>Javier Milei,<\/strong>\u00a0firm\u00f3 este jueves en Davos en el marco de su agenda internacional, la incorporaci\u00f3n de la Argentina como miembro del Consejo de Paz, impulsado por el presidente estadounidense\u00a0<strong>Donald Trump,<\/strong>\u00a0como miembro fundador de esta nueva organizaci\u00f3n de pa\u00edses para buscar la paz en zonas de conflicto.<\/p>\n<p>Al respecto, el diputado\u00a0<strong>Esteban Paulon<\/strong>, acompa\u00f1ado de su par\u00a0<strong>Pablo Far\u00edas<\/strong>, present\u00f3 una iniciativa solicitando la presencia del ministro de Relaciones Exteriores, Pablo Quirno, a la C\u00e1mara de Diputados para que brinde informes verbales sobre la aceptaci\u00f3n del Poder Ejecutivo Nacional de incorporarse al Board of Peace.<\/p>\n<p><strong>En particular, pide saber de qu\u00e9 manera se inscribe el pa\u00eds en los lineamientos, prioridades y objetivos de la pol\u00edtica exterior actualmente vigentes, y qu\u00e9 criterios estrat\u00e9gicos se tuvieron en cuenta para dicha decisi\u00f3n; si se trata de un acuerdo, compromiso, adhesi\u00f3n u otra figura, a fin de determinar si corresponde su intervenci\u00f3n y tratamiento por parte del Congreso de la Naci\u00f3n; los compromisos pol\u00edticos que se asumen y c\u00f3mo planea el Gobierno garantizar la independencia de su pol\u00edtica exterior.<img loading=\"lazy\" decoding=\"async\" class=\"alignnone wp-image-14030 size-full\" src=\"https:\/\/cafeprensa.com.ar\/wp-content\/uploads\/2026\/01\/publicidades.imagen.afdf453de9248d2c.aW1hZ2VuLmdpZg-1.gif\" alt=\"\" width=\"728\" height=\"90\" \/><\/strong><\/p>\n<p>En otro punto, solicita conocer si la participaci\u00f3n argentina implica la realizaci\u00f3n de aportes econ\u00f3micos y, en caso de ser afirmativo, que se indique monto, fundamento normativo o estatutario, destino, modalidad de administraci\u00f3n y los mecanismos de control y rendici\u00f3n de cuentas previstos ante el Honorable Congreso de la Naci\u00f3n y la ciudadan\u00eda.<\/p>\n<p><strong>\u201c\u00bfSe encuentra previsto realizar el aporte econ\u00f3mico para la incorporaci\u00f3n de la Rep\u00fablica Argentina en el Board of Peace de forma permanente? En caso de ser afirmativo \u00bfDicho aporte \u2014que, seg\u00fan informaci\u00f3n p\u00fablica, ascender\u00eda a mil millones de d\u00f3lares estadounidenses (USD 1.000.000.000) para acceder a una membres\u00eda permanente en su Consejo Directivo\u2014 surge de estatutos, reglamentos u otros documentos constitutivos del organismo, indicando su fuente y validez jur\u00eddica?\u201d, plantea en otro punto.<\/strong><\/p>\n<\/div>\n","protected":false},"excerpt":{"rendered":"<p>En el proyecto solicitan informaci\u00f3n respecto de los lineamientos y objetivos de la pol\u00edtica exterior argentina; si el acuerdo debe tener tratamiento en el Congreso; si se encuentra previsto realizar el aporte econ\u00f3mico para la incorporaci\u00f3n del pa\u00eds en el Board of Peace. El presidente de la Naci\u00f3n,\u00a0Javier Milei,\u00a0firm\u00f3 este jueves en Davos en el &hellip;<\/p>\n","protected":false},"author":2,"featured_media":14040,"comment_status":"open","ping_status":"open","sticky":false,"template":"","format":"standard","meta":{"footnotes":""},"categories":[1636,33],"tags":[453],"class_list":["post-14039","post","type-post","status-publish","format-standard","has-post-thumbnail","hentry","category-diputados","category-nacionales","tag-camara-de-diputado"],"_links":{"self":[{"href":"https:\/\/cafeprensa.com.ar\/index.php\/wp-json\/wp\/v2\/posts\/14039","targetHints":{"allow":["GET"]}}],"collection":[{"href":"https:\/\/cafeprensa.com.ar\/index.php\/wp-json\/wp\/v2\/posts"}],"about":[{"href":"https:\/\/cafeprensa.com.ar\/index.php\/wp-json\/wp\/v2\/types\/post"}],"author":[{"embeddable":true,"href":"https:\/\/cafeprensa.com.ar\/index.php\/wp-json\/wp\/v2\/users\/2"}],"replies":[{"embeddable":true,"href":"https:\/\/cafeprensa.com.ar\/index.php\/wp-json\/wp\/v2\/comments?post=14039"}],"version-history":[{"count":1,"href":"https:\/\/cafeprensa.com.ar\/index.php\/wp-json\/wp\/v2\/posts\/14039\/revisions"}],"predecessor-version":[{"id":14041,"href":"https:\/\/cafeprensa.com.ar\/index.php\/wp-json\/wp\/v2\/posts\/14039\/revisions\/14041"}],"wp:featuredmedia":[{"embeddable":true,"href":"https:\/\/cafeprensa.com.ar\/index.php\/wp-json\/wp\/v2\/media\/14040"}],"wp:attachment":[{"href":"https:\/\/cafeprensa.com.ar\/index.php\/wp-json\/wp\/v2\/media?parent=14039"}],"wp:term":[{"taxonomy":"category","embeddable":true,"href":"https:\/\/cafeprensa.com.ar\/index.php\/wp-json\/wp\/v2\/categories?post=14039"},{"taxonomy":"post_tag","embeddable":true,"href":"https:\/\/cafeprensa.com.ar\/index.php\/wp-json\/wp\/v2\/tags?post=14039"}],"curies":[{"name":"wp","href":"https:\/\/api.w.org\/{rel}","templated":true}]}}