{"id":14042,"date":"2026-01-22T16:27:18","date_gmt":"2026-01-22T15:27:18","guid":{"rendered":"https:\/\/cafeprensa.com.ar\/?p=14042"},"modified":"2026-01-22T16:27:18","modified_gmt":"2026-01-22T15:27:18","slug":"dolar-oficial-en-baja","status":"publish","type":"post","link":"https:\/\/cafeprensa.com.ar\/index.php\/2026\/01\/22\/dolar-oficial-en-baja\/","title":{"rendered":"Dolar oficial en baja"},"content":{"rendered":"<header class=\"article-header-wrapper\">\n<div class=\"article-header with-follow-button-ctn\">\n<p class=\"article-subheadline text_align_left\">El tipo de cambio mayorista se asienta en los $1.430, su precio m\u00e1s bajo en dos meses, y a 121,85 pesos o un 8,4% del l\u00edmite del r\u00e9gimen cambiario, el mayor rango desde el 14 de octubre. <strong>Transcurre un particular mes de enero: con un mercado de cambios mayormente liberado el d\u00f3lar opera con suma estabilidad.<\/strong><\/p>\n<\/div>\n<\/header>\n<article class=\"article\">\n<div class=\"body-article \">\n<p class=\"paragraph\" data-mrf-recirculation=\"Links inline\">De hecho, tras haber quedado a\u00a0<b>$1.430,50\u00a0<\/b>para la venta en el mercado mayorista el mi\u00e9rcoles, el tipo de cambio oficial est\u00e1 24,50 pesos o\u00a0<b>1,7% m\u00e1s barato que en el cierre de diciembre\u00a0<\/b>($1.455).<img loading=\"lazy\" decoding=\"async\" class=\"alignnone wp-image-14030 size-full\" src=\"https:\/\/cafeprensa.com.ar\/wp-content\/uploads\/2026\/01\/publicidades.imagen.afdf453de9248d2c.aW1hZ2VuLmdpZg-1.gif\" alt=\"\" width=\"728\" height=\"90\" \/><\/p>\n<p class=\"paragraph\" data-mrf-recirculation=\"Links inline\">Dado que el Banco Central fij\u00f3 para la fecha un techo para las\u00a0<b>bandas cambiarias<\/b>\u00a0-que actualizan en base a la inflaci\u00f3n- en los $1.552,35, este l\u00edmite dej\u00f3 al tipo de cambio oficial a\u00a0<b>121,85 pesos o un 8,4%<\/b>, el rango m\u00e1s amplio desde el 14 de octubre (9,4%).<\/p>\n<div class=\"rawHTML raw_html \">\n<div id=\"ig-6136d902-133e-79c6-c47b-508c0b20bf97\" class=\"infogram-embed\" data-id=\"601864bd-f60a-4077-b89a-2364c585f9cb\" data-type=\"interactive\" data-title=\"D\u00f3lar 2025 y bandas de flotaci\u00f3n\" data-processed=\"1\"><iframe title=\"D\u00f3lar 2025 y bandas de flotaci\u00f3n\" src=\"https:\/\/e.infogram.com\/601864bd-f60a-4077-b89a-2364c585f9cb?parent_url=https%3A%2F%2Fwww.infobae.com%2Feconomia%2F2026%2F01%2F22%2Fel-dolar-oficial-quedo-en-su-nivel-mas-lejano-del-techo-de-la-banda-cambiaria-en-mas-de-3-meses%2F&amp;src=embed#async_embed\" frameborder=\"0\" scrolling=\"no\" allowfullscreen=\"allowfullscreen\" data-mce-fragment=\"1\"><\/iframe><\/div>\n<\/div>\n<p class=\"paragraph\" data-mrf-recirculation=\"Links inline\">La ca\u00edda del precio en bancos acompa\u00f1\u00f3 la tendencia en la plaza\u00a0<b>mayorista<\/b>. El\u00a0<a title=\"https:\/\/www.infobae.com\/economia\/2026\/01\/20\/el-dolar-cerro-estable-y-se-aleja-del-techo-de-las-bandas-cambiarias\/\" href=\"https:\/\/www.infobae.com\/economia\/2026\/01\/20\/el-dolar-cerro-estable-y-se-aleja-del-techo-de-las-bandas-cambiarias\/\" target=\"_blank\" rel=\"noopener noreferrer\" data-mrf-link=\"https:\/\/www.infobae.com\/economia\/2026\/01\/20\/el-dolar-cerro-estable-y-se-aleja-del-techo-de-las-bandas-cambiarias\/\"><b>d\u00f3lar al p\u00fablico<\/b><\/a><b>\u00a0rest\u00f3 cinco pesos o 0,3%<\/b>\u00a0este mi\u00e9rcoles, a\u00a0<b>$1.455<\/b>\u00a0para la venta en el Banco Naci\u00f3n, para regresar a su precio m\u00e1s bajo desde el 21 de noviembre.<\/p>\n<p class=\"paragraph\" data-mrf-recirculation=\"Links inline\"><strong>El d\u00f3lar blue tambi\u00e9n baj\u00f3 cinco pesos en el d\u00eda, a $1.500 para la venta, para renovar su m\u00ednimo desde el 19 de diciembre.<img loading=\"lazy\" decoding=\"async\" class=\"alignnone wp-image-13880 size-full\" src=\"https:\/\/cafeprensa.com.ar\/wp-content\/uploads\/2026\/01\/oYztcBOLPiY2vSBuZXmE.gif\" alt=\"\" width=\"970\" height=\"90\" \/><\/strong><\/p>\n<p class=\"paragraph\" data-mrf-recirculation=\"Links inline\">Si se ve el comportamiento del d\u00f3lar en el\u00a0<b>mercado de futuros<\/b>, tambi\u00e9n queda claro que se disiparon por el momento las expectativas devaluatorias, pues los precios impl\u00edcitos permanecen encuadrados dentro de las previsiones del r\u00e9gimen de bandas oficial.<\/p>\n<div class=\"rawHTML raw_html \">\n<div id=\"ig-1de6c32b-eb16-b75c-21ec-f35a681ac14e\" class=\"infogram-embed\" data-id=\"af843711-61b8-47d6-9371-fe82a3cb9f4e\" data-type=\"interactive\" data-title=\"D\u00f3lar 2024\" data-processed=\"1\"><iframe title=\"D\u00f3lar 2024\" src=\"https:\/\/e.infogram.com\/af843711-61b8-47d6-9371-fe82a3cb9f4e?parent_url=https%3A%2F%2Fwww.infobae.com%2Feconomia%2F2026%2F01%2F22%2Fel-dolar-oficial-quedo-en-su-nivel-mas-lejano-del-techo-de-la-banda-cambiaria-en-mas-de-3-meses%2F&amp;src=embed#async_embed\" frameborder=\"0\" scrolling=\"no\" allowfullscreen=\"allowfullscreen\" data-mce-fragment=\"1\"><\/iframe><\/div>\n<\/div>\n<p class=\"paragraph\" data-mrf-recirculation=\"Links inline\">El jueves todos los contratos operaron con bajas leves, con negocios equivalentes a USD 721,7 millones, seg\u00fan datos de la plataforma\u00a0<b>A3 Mercados<\/b>. Las posturas con vencimiento inmediato a fin de enero concentraron el volumen y el d\u00f3lar cedi\u00f3 cinco pesos o 0,4%, a $1.443,50, unos 120 pesos por debajo del techo de las bandas cambiarias previsto en $1.563,78 para fin de mes.<\/p>\n<p class=\"paragraph\" data-mrf-recirculation=\"Links inline\"><strong>El contrato de d\u00f3lar para febrero marc\u00f3 un precio de 1.477 pesos: con un techo de las bandas que se ubicar\u00e1 en los $1.607,57 (dada una inflaci\u00f3n que en diciembre alcanz\u00f3 el 2,8%), la distancia entre el tipo de cambio que espera el mercado y el tope fijado por el BCRA es de 130,57 pesos o un 8,8%, una tasa que garantiza el sendero devaluatorio que anticip\u00f3 el Gobierno.<\/strong><\/p>\n<div class=\"rawHTML raw_html \">\n<div><iframe title=\"Ventas BCRA\" src=\"https:\/\/e.infogram.com\/6e023d94-ffe3-49ed-9d8c-83222cae11e2?src=embed&amp;embed_type=responsive_iframe\" allowfullscreen=\"allowfullscreen\" data-mce-fragment=\"1\"><\/iframe><\/div>\n<\/div>\n<p class=\"paragraph\" data-mrf-recirculation=\"Links inline\">A la vez, el\u00a0<b>BCRA\u00a0<\/b>acumula en enero un saldo un saldo de USD 823 millones en enero, mientras que las\u00a0<b>reservas\u00a0<\/b>internacionales brutas\u00a0<b>aumentaron en USD 203 millones, a USD 45.077 millones<\/b>, un m\u00e1ximo desde el 21 de septiembre de 2021. La suba del oro -que anot\u00f3 un precio r\u00e9cord cerca de los USD 4.900 la onza- fue otra vez un factor alcista para los activos.<img loading=\"lazy\" decoding=\"async\" class=\"alignnone wp-image-13869 size-full\" src=\"https:\/\/cafeprensa.com.ar\/wp-content\/uploads\/2026\/01\/970x90-1.gif\" alt=\"\" width=\"970\" height=\"90\" \/><\/p>\n<p class=\"paragraph\" data-mrf-recirculation=\"Links inline\"><strong>Es decir que la cotizaci\u00f3n del d\u00f3lar no est\u00e1 subiendo pese a la presi\u00f3n en la demanda generada por la absorci\u00f3n de divisas del BCRA. \u00bfCu\u00e1les son los motivos?<\/strong><\/p>\n<ol class=\"list\" data-icon=\"\u2b24\">\n<li data-icon=\"\u2b24\"><b>Oferta muy firme por la liquidaci\u00f3n de Obligaciones Negociables\u00a0<\/b>que colocan las empresas en el exterior.<\/li>\n<li data-icon=\"\u2b24\"><b>Conveniencia para los inversores<\/b>\u00a0de colocar los pesos a tasa de inter\u00e9s en renovadas estrategias de\u00a0<i>carry trade<\/i>.<\/li>\n<li data-icon=\"\u2b24\"><b>Participaci\u00f3n activa del Banco Central<\/b>\u00a0en la venta de\u00a0<b>contratos de d\u00f3lar futuro<\/b>, para \u201cplanchar\u201d las expectativas devaluatorias.<\/li>\n<li data-icon=\"\u2b24\"><b>Venta de bonos\u00a0<\/b><i><b>dollar linked<\/b><\/i>, lo que incrementa la oferta de estos t\u00edtulos en el mercado secundario y reduce los precios del d\u00f3lar impl\u00edcito.<\/li>\n<\/ol>\n<div class=\"rawHTML raw_html \">\n<div id=\"ig-4785f19b-afa8-89cd-cd41-31f459a5b870\" class=\"infogram-embed\" data-id=\"a8d1fcae-734f-462e-9a54-0fbb92651e11\" data-type=\"interactive\" data-title=\"Reservas 2019\" data-processed=\"1\"><iframe title=\"Reservas 2019\" src=\"https:\/\/e.infogram.com\/a8d1fcae-734f-462e-9a54-0fbb92651e11?parent_url=https%3A%2F%2Fwww.infobae.com%2Feconomia%2F2026%2F01%2F22%2Fel-dolar-oficial-quedo-en-su-nivel-mas-lejano-del-techo-de-la-banda-cambiaria-en-mas-de-3-meses%2F&amp;src=embed#async_embed\" frameborder=\"0\" scrolling=\"no\" allowfullscreen=\"allowfullscreen\" data-mce-fragment=\"1\"><\/iframe><\/div>\n<\/div>\n<p class=\"paragraph\" data-mrf-recirculation=\"Links inline\">\u201cEl d\u00f3lar mayorista contin\u00faa estabilizado en los $1.430 mientras el BCRA acumula importantes compras en lo que va del a\u00f1o, aprovechando la mayor oferta de divisas que impulsar\u00eda la ola de emisiones corporativas en el exterior.<\/p>\n<p class=\"paragraph\" data-mrf-recirculation=\"Links inline\"><strong>A\u00fan as\u00ed, los operadores siguen con atenci\u00f3n la marcha de las tasas en pesos, al ser percibidas como elevadas en t\u00e9rminos reales y por ello es que se reactivan apuestas t\u00e1cticas al\u00a0<i>carry-trade<\/i>, dentro del equilibrio con la actividad y la inflaci\u00f3n\u00bb, explic\u00f3 el economista\u00a0Gustavo Ber, titular del Estudio Ber.<\/strong><\/p>\n<\/div>\n<\/article>\n","protected":false},"excerpt":{"rendered":"<p>El tipo de cambio mayorista se asienta en los $1.430, su precio m\u00e1s bajo en dos meses, y a 121,85 pesos o un 8,4% del l\u00edmite del r\u00e9gimen cambiario, el mayor rango desde el 14 de octubre. Transcurre un particular mes de enero: con un mercado de cambios mayormente liberado el d\u00f3lar opera con suma &hellip;<\/p>\n","protected":false},"author":2,"featured_media":14044,"comment_status":"open","ping_status":"open","sticky":false,"template":"","format":"standard","meta":{"footnotes":""},"categories":[28,33],"tags":[155],"class_list":["post-14042","post","type-post","status-publish","format-standard","has-post-thumbnail","hentry","category-economia","category-nacionales","tag-dolar"],"_links":{"self":[{"href":"https:\/\/cafeprensa.com.ar\/index.php\/wp-json\/wp\/v2\/posts\/14042","targetHints":{"allow":["GET"]}}],"collection":[{"href":"https:\/\/cafeprensa.com.ar\/index.php\/wp-json\/wp\/v2\/posts"}],"about":[{"href":"https:\/\/cafeprensa.com.ar\/index.php\/wp-json\/wp\/v2\/types\/post"}],"author":[{"embeddable":true,"href":"https:\/\/cafeprensa.com.ar\/index.php\/wp-json\/wp\/v2\/users\/2"}],"replies":[{"embeddable":true,"href":"https:\/\/cafeprensa.com.ar\/index.php\/wp-json\/wp\/v2\/comments?post=14042"}],"version-history":[{"count":2,"href":"https:\/\/cafeprensa.com.ar\/index.php\/wp-json\/wp\/v2\/posts\/14042\/revisions"}],"predecessor-version":[{"id":14045,"href":"https:\/\/cafeprensa.com.ar\/index.php\/wp-json\/wp\/v2\/posts\/14042\/revisions\/14045"}],"wp:featuredmedia":[{"embeddable":true,"href":"https:\/\/cafeprensa.com.ar\/index.php\/wp-json\/wp\/v2\/media\/14044"}],"wp:attachment":[{"href":"https:\/\/cafeprensa.com.ar\/index.php\/wp-json\/wp\/v2\/media?parent=14042"}],"wp:term":[{"taxonomy":"category","embeddable":true,"href":"https:\/\/cafeprensa.com.ar\/index.php\/wp-json\/wp\/v2\/categories?post=14042"},{"taxonomy":"post_tag","embeddable":true,"href":"https:\/\/cafeprensa.com.ar\/index.php\/wp-json\/wp\/v2\/tags?post=14042"}],"curies":[{"name":"wp","href":"https:\/\/api.w.org\/{rel}","templated":true}]}}