{"id":14051,"date":"2026-01-22T17:02:10","date_gmt":"2026-01-22T16:02:10","guid":{"rendered":"https:\/\/cafeprensa.com.ar\/?p=14051"},"modified":"2026-01-22T17:02:10","modified_gmt":"2026-01-22T16:02:10","slug":"el-pulso-nocturno-de-la-ciudad-de-salta-en-el-paseo-guemes","status":"publish","type":"post","link":"https:\/\/cafeprensa.com.ar\/index.php\/2026\/01\/22\/el-pulso-nocturno-de-la-ciudad-de-salta-en-el-paseo-guemes\/","title":{"rendered":"El pulso nocturno de la ciudad de Salta en el Paseo G\u00fcemes"},"content":{"rendered":"<div class=\"item is-12\">\n<p class=\"articulo__titulo\"><strong>Con Sunset G\u00fcemes, m\u00fasica y gastronom\u00eda al aire libre.\u00a0<\/strong>M\u00fasica en vivo, propuestas gastron\u00f3micas y un paseo que se reinventa como punto de encuentro marcan la segunda edici\u00f3n de una iniciativa que apuesta a vivir la ciudad al aire libre y sin apuros.<\/p>\n<div class=\"articulo__media\">\n<div class=\"i-amphtml-slides-container i-amphtml-slidescroll-no-snap\" tabindex=\"-1\" aria-live=\"polite\">\n<div class=\"i-amphtml-slide-item i-amphtml-slide-item-show\">\n<div class=\"elemento amp-carousel-slide\" aria-hidden=\"false\">\n<div class=\"articulo__epigrafe\">Una combinaci\u00f3n perfecta: M\u00fasica y gastronom\u00eda al aire libre en el Paseo G\u00fcemes.<\/div>\n<\/div>\n<\/div>\n<div class=\"i-amphtml-slide-item i-amphtml-slide-item-show\">\n<div class=\"elemento amp-carousel-slide\" aria-hidden=\"true\"><img decoding=\"async\" class=\"i-amphtml-fill-content i-amphtml-replaced-content\" title=\"\" src=\"https:\/\/uscdn.eltribuno.com\/012026\/1769089372454.webp?cw=1155&amp;ch=650&amp;extw=jpg\" alt=\"\" data-amp-auto-lightbox-disable=\"\" \/><\/div>\n<\/div>\n<\/div>\n<\/div>\n<\/div>\n<div class=\"item is-body\">\n<article id=\"cuerpoNotapage\" class=\"articulo\" data-id=\"697227d446595e0014a8f02e\">\n<div class=\"articulo__container\">\n<div class=\"articulo__body\">\n<div class=\"articulo__cuerpo\">\n<p>Cuando el sol empieza a caer y el ritmo de la ciudad baja un cambio, Salta vuelve a encontrar en sus espacios urbanos una excusa para reunirse. Este\u00a0<strong>viernes 23<\/strong>, desde las\u00a0<strong>20<\/strong>, el corredor de\u00a0<strong>Paseo G\u00fcemes<\/strong>\u00a0ser\u00e1 escenario de una nueva edici\u00f3n de\u00a0<strong>Sunset G\u00fcemes<\/strong>, una propuesta que combina\u00a0<strong>m\u00fasica<\/strong>,\u00a0<strong>gastronom\u00eda<\/strong>\u00a0y\u00a0<strong>experiencias al aire libre<\/strong> pensadas para recorrer, quedarse y compartir.<\/p>\n<p>La iniciativa propone una tarde-noche distinta, en la que el paseo se convierte en un circuito vivo. A lo largo de distintas cuadras, el p\u00fablico podr\u00e1 moverse libremente entre sonidos, sabores y encuentros, en una din\u00e1mica que invita tanto a salte\u00f1os como a turistas a apropiarse del espacio p\u00fablico desde otro lugar, m\u00e1s relajado y participativo.<\/p>\n<div class=\"fixed-container direction-center\"><img decoding=\"async\" class=\"i-amphtml-fill-content i-amphtml-replaced-content\" title=\"El pulso nocturno de la ciudad llega al Paseo G\u00fcemes con Sunset G\u00fcemes, m\u00fasica y gastronom\u00eda al aire libre-\" src=\"https:\/\/uscdn.eltribuno.com\/012026\/1769089374865.jpg?cw=950\" alt=\"El pulso nocturno de la ciudad llega al Paseo G\u00fcemes con Sunset G\u00fcemes, m\u00fasica y gastronom\u00eda al aire libre\" \/><\/div>\n<p>La m\u00fasica ser\u00e1 uno de los ejes centrales de la jornada. Desde las\u00a0<strong>20 hasta las 23<\/strong>, se presentar\u00e1n\u00a0<strong>DJ Teo<\/strong>,\u00a0<strong>DJ Lara Macorito<\/strong>\u00a0y\u00a0<strong>DJ Maxi V\u00e1squez<\/strong>, quienes estar\u00e1n distribuidos en puntos estrat\u00e9gicos del paseo. Cada set generar\u00e1 un\u00a0<strong>ambiente musical diferente<\/strong>, pensado para acompa\u00f1ar el recorrido y marcar distintos climas a medida que avanza la noche.<\/p>\n<p>M\u00e1s all\u00e1 de la m\u00fasica,\u00a0<strong>Sunset G\u00fcemes<\/strong>\u00a0se apoya en la identidad gastron\u00f3mica del lugar. Los locales del corredor se suman a la propuesta ofreciendo\u00a0<strong>sabores locales<\/strong>, opciones para todos los gustos y la posibilidad de disfrutar de una cena informal o un trago al aire libre, en un contexto que prioriza la experiencia por sobre la rutina.<\/p>\n<p>La acci\u00f3n es impulsada por el\u00a0<strong>Ente de Turismo de la Municipalidad de Salta<\/strong>, junto a la\u00a0<strong>C\u00e1mara Hotelera, Gastron\u00f3mica y Afines<\/strong>, con el objetivo de\u00a0<strong>dinamizar la ciudad<\/strong>, fortalecer el uso de los espacios p\u00fablicos y consolidar a Salta como un\u00a0<strong>destino atractivo durante todo el a\u00f1o<\/strong>, incluso fuera de los grandes eventos tradicionales.<\/p>\n<p>En un contexto donde las ciudades buscan nuevas formas de encuentro,\u00a0<strong>Sunset G\u00fcemes<\/strong>\u00a0se presenta como una alternativa que apuesta al disfrute simple: caminar, escuchar m\u00fasica, compartir una mesa y dejar que el atardecer marque el pulso. La invitaci\u00f3n est\u00e1 abierta para quienes quieran vivir Salta desde otra perspectiva, con el cielo cambiando de color y la ciudad como protagonista.<\/p>\n<\/div>\n<\/div>\n<\/div>\n<\/article>\n<\/div>\n","protected":false},"excerpt":{"rendered":"<p>Con Sunset G\u00fcemes, m\u00fasica y gastronom\u00eda al aire libre.\u00a0M\u00fasica en vivo, propuestas gastron\u00f3micas y un paseo que se reinventa como punto de encuentro marcan la segunda edici\u00f3n de una iniciativa que apuesta a vivir la ciudad al aire libre y sin apuros. Una combinaci\u00f3n perfecta: M\u00fasica y gastronom\u00eda al aire libre en el Paseo G\u00fcemes. &hellip;<\/p>\n","protected":false},"author":2,"featured_media":14052,"comment_status":"open","ping_status":"open","sticky":false,"template":"","format":"standard","meta":{"footnotes":""},"categories":[33,170],"tags":[],"class_list":["post-14051","post","type-post","status-publish","format-standard","has-post-thumbnail","hentry","category-nacionales","category-turismo"],"_links":{"self":[{"href":"https:\/\/cafeprensa.com.ar\/index.php\/wp-json\/wp\/v2\/posts\/14051","targetHints":{"allow":["GET"]}}],"collection":[{"href":"https:\/\/cafeprensa.com.ar\/index.php\/wp-json\/wp\/v2\/posts"}],"about":[{"href":"https:\/\/cafeprensa.com.ar\/index.php\/wp-json\/wp\/v2\/types\/post"}],"author":[{"embeddable":true,"href":"https:\/\/cafeprensa.com.ar\/index.php\/wp-json\/wp\/v2\/users\/2"}],"replies":[{"embeddable":true,"href":"https:\/\/cafeprensa.com.ar\/index.php\/wp-json\/wp\/v2\/comments?post=14051"}],"version-history":[{"count":1,"href":"https:\/\/cafeprensa.com.ar\/index.php\/wp-json\/wp\/v2\/posts\/14051\/revisions"}],"predecessor-version":[{"id":14053,"href":"https:\/\/cafeprensa.com.ar\/index.php\/wp-json\/wp\/v2\/posts\/14051\/revisions\/14053"}],"wp:featuredmedia":[{"embeddable":true,"href":"https:\/\/cafeprensa.com.ar\/index.php\/wp-json\/wp\/v2\/media\/14052"}],"wp:attachment":[{"href":"https:\/\/cafeprensa.com.ar\/index.php\/wp-json\/wp\/v2\/media?parent=14051"}],"wp:term":[{"taxonomy":"category","embeddable":true,"href":"https:\/\/cafeprensa.com.ar\/index.php\/wp-json\/wp\/v2\/categories?post=14051"},{"taxonomy":"post_tag","embeddable":true,"href":"https:\/\/cafeprensa.com.ar\/index.php\/wp-json\/wp\/v2\/tags?post=14051"}],"curies":[{"name":"wp","href":"https:\/\/api.w.org\/{rel}","templated":true}]}}