{"id":14055,"date":"2026-01-22T20:09:56","date_gmt":"2026-01-22T19:09:56","guid":{"rendered":"https:\/\/cafeprensa.com.ar\/?p=14055"},"modified":"2026-01-24T04:34:47","modified_gmt":"2026-01-24T03:34:47","slug":"la-ordenanza-no-protege-a-los-achilateros-beneficia-a-un-sindicato","status":"publish","type":"post","link":"https:\/\/cafeprensa.com.ar\/index.php\/2026\/01\/22\/la-ordenanza-no-protege-a-los-achilateros-beneficia-a-un-sindicato\/","title":{"rendered":"La ordenanza no protege a los achilateros, beneficia a un sindicato"},"content":{"rendered":"<p>\u201cEsta ordenanza no protege a los achilateros, beneficia a un sindicato y a unos pocos que buscan hacer negocio con el trabajo ajeno\u201d . \u201cEsta ordenanza es injusta y hay que decirlo. No defiende a los trabajadores, los condiciona. No ordena, excluye\u201d. <strong>El concejal Leandro Arga\u00f1araz (UCR) respondi\u00f3 a las declaraciones del secretario general del sindicato de Vendedores Ambulantes (SIVARA), <\/strong><strong>Roberto Quiroga, y respondi\u00f3 con un proyecto de derogaci\u00f3n parcial de los art\u00edculos de la ordenanza que habilitan al SIVARA<\/strong> a determinar quienes ser\u00e1n los vendedores ambulantes, al municipio a determinar los puntos para la venta del producto, con la obligatoriedad de inscripci\u00f3n como monotributistas.<\/p>\n<p><img loading=\"lazy\" decoding=\"async\" class=\"alignnone size-full wp-image-14118\" src=\"https:\/\/cafeprensa.com.ar\/wp-content\/uploads\/2026\/01\/ACHILATERO-IMG_0502-scaled-1-300x272-1-e1769224985703.jpg\" alt=\"\" width=\"1200\" height=\"778\" srcset=\"https:\/\/cafeprensa.com.ar\/wp-content\/uploads\/2026\/01\/ACHILATERO-IMG_0502-scaled-1-300x272-1-e1769224985703.jpg 1200w, https:\/\/cafeprensa.com.ar\/wp-content\/uploads\/2026\/01\/ACHILATERO-IMG_0502-scaled-1-300x272-1-e1769224985703-300x195.jpg 300w, https:\/\/cafeprensa.com.ar\/wp-content\/uploads\/2026\/01\/ACHILATERO-IMG_0502-scaled-1-300x272-1-e1769224985703-1024x664.jpg 1024w, https:\/\/cafeprensa.com.ar\/wp-content\/uploads\/2026\/01\/ACHILATERO-IMG_0502-scaled-1-300x272-1-e1769224985703-768x498.jpg 768w\" sizes=\"auto, (max-width: 1200px) 100vw, 1200px\" \/><\/p>\n<p><img loading=\"lazy\" decoding=\"async\" class=\"alignnone wp-image-14030 size-full\" src=\"https:\/\/cafeprensa.com.ar\/wp-content\/uploads\/2026\/01\/publicidades.imagen.afdf453de9248d2c.aW1hZ2VuLmdpZg-1.gif\" alt=\"\" width=\"728\" height=\"90\" \/><\/p>\n<p>De esta manera ratific\u00f3 su rechazo a la ordenanza que regula la venta de achilata, al considerar que no est\u00e1 pensada para cuidar a los trabajadores, sino para beneficiar a una estructura sindical que busca quedarse con parte del esfuerzo diario de trabajadores en situaci\u00f3n de vulnerabilidad,<strong> \u201cmi obligaci\u00f3n como concejal es marcar cuando una norma perjudica a quienes viven de su trabajo y favorece a estructuras que concentran poder. Yo <\/strong><strong>voy a seguir defendiendo el derecho a ganarse la vida sin intermediarios ni aprietes\u201d<\/strong>, agreg\u00f3 el concejal.<img loading=\"lazy\" decoding=\"async\" class=\"alignnone wp-image-13880 size-full\" src=\"https:\/\/cafeprensa.com.ar\/wp-content\/uploads\/2026\/01\/oYztcBOLPiY2vSBuZXmE.gif\" alt=\"\" width=\"970\" height=\"90\" \/><\/p>\n<p><strong>Mi posici\u00f3n es clara y no admite interpretaciones: estoy del lado de los achilateros, pralineteros, vendedores de algod\u00f3n de az\u00facar y pochocleros. <\/strong><\/p>\n<p><strong>Personas que salen todos los d\u00edas a ganarse el mango bajo el sol, la lluvia o el fr\u00edo. El problema aqu\u00ed es un esquema que pretende usar su necesidad para que unos pocos se queden con parte de su enorme esfuerzo\u201d<\/strong>, afirm\u00f3 el edil.<br \/>\nArga\u00f1araz sostuvo que la ordenanza consolida un sistema de intermediaci\u00f3n obligatoria, donde un sindicato pasa a decidir qui\u00e9n puede trabajar, d\u00f3nde y bajo qu\u00e9 condiciones, algo que consider\u00f3 incompatible con la libertad laboral.<img loading=\"lazy\" decoding=\"async\" class=\"alignnone wp-image-14058 size-full\" src=\"https:\/\/cafeprensa.com.ar\/wp-content\/uploads\/2026\/01\/Achilata-en-vaso-1024x683-1.webp\" alt=\"\" width=\"1024\" height=\"683\" srcset=\"https:\/\/cafeprensa.com.ar\/wp-content\/uploads\/2026\/01\/Achilata-en-vaso-1024x683-1.webp 1024w, https:\/\/cafeprensa.com.ar\/wp-content\/uploads\/2026\/01\/Achilata-en-vaso-1024x683-1-300x200.webp 300w, https:\/\/cafeprensa.com.ar\/wp-content\/uploads\/2026\/01\/Achilata-en-vaso-1024x683-1-768x512.webp 768w\" sizes=\"auto, (max-width: 1024px) 100vw, 1024px\" \/><\/p>\n<p><strong>\u201cEsto no es orden ni protecci\u00f3n. Es un modelo que transforma a sindicalistas en se\u00f1ores feudales modernos, que hacen negocio con la vulnerabilidad de trabajadores que salen todos los d\u00edas a ganarse el mango, la ordenanza los habilita a coercionar -a\u00fan m\u00e1s- a los vendedores ambulantes\u201d<\/strong>, remarc\u00f3.<br \/>\nEn ese sentido, Arga\u00f1araz advirti\u00f3 que la ordenanza naturaliza una relaci\u00f3n desigual, en la que los achilateros son quienes asumen todas las cargas y obligaciones.<img loading=\"lazy\" decoding=\"async\" class=\"alignnone wp-image-13819 size-full\" src=\"https:\/\/cafeprensa.com.ar\/wp-content\/uploads\/2026\/01\/placa-hcd.jpg\" alt=\"\" width=\"970\" height=\"222\" srcset=\"https:\/\/cafeprensa.com.ar\/wp-content\/uploads\/2026\/01\/placa-hcd.jpg 970w, https:\/\/cafeprensa.com.ar\/wp-content\/uploads\/2026\/01\/placa-hcd-300x69.jpg 300w, https:\/\/cafeprensa.com.ar\/wp-content\/uploads\/2026\/01\/placa-hcd-768x176.jpg 768w\" sizes=\"auto, (max-width: 970px) 100vw, 970px\" \/><\/p>\n<p>Se\u00f1al\u00f3 que la norma los obliga a afrontar costos fijos, inscribirse como monotributistas para una actividad que es estacional, adquirir carrito e indumentaria exigida al gremio, sin tener en cuenta la realidad de una actividad inestable y dependiente del clima.<strong> \u201cCon estas exigencias, muchos trabajadores pueden ser directamente empujados fuera de la actividad, dejando a familias enteras sin su \u00fanico sustento. Eso no es inclusi\u00f3n ni orden: es desconocer c\u00f3mo viven y trabajan los tucumanos\u201d,<\/strong> finaliz\u00f3.<\/p>\n","protected":false},"excerpt":{"rendered":"<p>\u201cEsta ordenanza no protege a los achilateros, beneficia a un sindicato y a unos pocos que buscan hacer negocio con el trabajo ajeno\u201d . \u201cEsta ordenanza es injusta y hay que decirlo. No defiende a los trabajadores, los condiciona. No ordena, excluye\u201d. El concejal Leandro Arga\u00f1araz (UCR) respondi\u00f3 a las declaraciones del secretario general del &hellip;<\/p>\n","protected":false},"author":2,"featured_media":14056,"comment_status":"open","ping_status":"open","sticky":false,"template":"","format":"standard","meta":{"footnotes":""},"categories":[1707,34],"tags":[2771,888],"class_list":["post-14055","post","type-post","status-publish","format-standard","has-post-thumbnail","hentry","category-concejales-de-tucuman","category-locales","tag-achilata","tag-leandro-arganaraz"],"_links":{"self":[{"href":"https:\/\/cafeprensa.com.ar\/index.php\/wp-json\/wp\/v2\/posts\/14055","targetHints":{"allow":["GET"]}}],"collection":[{"href":"https:\/\/cafeprensa.com.ar\/index.php\/wp-json\/wp\/v2\/posts"}],"about":[{"href":"https:\/\/cafeprensa.com.ar\/index.php\/wp-json\/wp\/v2\/types\/post"}],"author":[{"embeddable":true,"href":"https:\/\/cafeprensa.com.ar\/index.php\/wp-json\/wp\/v2\/users\/2"}],"replies":[{"embeddable":true,"href":"https:\/\/cafeprensa.com.ar\/index.php\/wp-json\/wp\/v2\/comments?post=14055"}],"version-history":[{"count":4,"href":"https:\/\/cafeprensa.com.ar\/index.php\/wp-json\/wp\/v2\/posts\/14055\/revisions"}],"predecessor-version":[{"id":14119,"href":"https:\/\/cafeprensa.com.ar\/index.php\/wp-json\/wp\/v2\/posts\/14055\/revisions\/14119"}],"wp:featuredmedia":[{"embeddable":true,"href":"https:\/\/cafeprensa.com.ar\/index.php\/wp-json\/wp\/v2\/media\/14056"}],"wp:attachment":[{"href":"https:\/\/cafeprensa.com.ar\/index.php\/wp-json\/wp\/v2\/media?parent=14055"}],"wp:term":[{"taxonomy":"category","embeddable":true,"href":"https:\/\/cafeprensa.com.ar\/index.php\/wp-json\/wp\/v2\/categories?post=14055"},{"taxonomy":"post_tag","embeddable":true,"href":"https:\/\/cafeprensa.com.ar\/index.php\/wp-json\/wp\/v2\/tags?post=14055"}],"curies":[{"name":"wp","href":"https:\/\/api.w.org\/{rel}","templated":true}]}}