{"id":14061,"date":"2026-01-22T20:19:05","date_gmt":"2026-01-22T19:19:05","guid":{"rendered":"https:\/\/cafeprensa.com.ar\/?p=14061"},"modified":"2026-01-22T20:19:05","modified_gmt":"2026-01-22T19:19:05","slug":"arde-el-peronismo-en-tucuman-jaldo-cambia-la-cupula-de-la-caja-popular-de-ahorros-ligada-al-diputado-cisneros","status":"publish","type":"post","link":"https:\/\/cafeprensa.com.ar\/index.php\/2026\/01\/22\/arde-el-peronismo-en-tucuman-jaldo-cambia-la-cupula-de-la-caja-popular-de-ahorros-ligada-al-diputado-cisneros\/","title":{"rendered":"Arde el peronismo en Tucum\u00e1n: Jaldo cambia la c\u00fapula de la Caja Popular de Ahorros, ligada al diputado Cisneros"},"content":{"rendered":"<div class=\"space-y-3\">\n<div class=\"max-w-4xl\">\n<p class=\"__className_c59aa5 text-lg pt-2\">El gobernador dispuso que ma\u00f1ana viernes asuman Guillermo Norry y Antonio Bustamante como interventor y subinterventor, respectivamente.<\/p>\n<\/div>\n<\/div>\n<div class=\"flex flex-col md:flex-row mt-3 gap-4 relative\">\n<div class=\"grow md:w-[856px] relative\">\n<div>\n<div class=\"relative -top-2\"><img loading=\"lazy\" decoding=\"async\" class=\"rounded w-full\" src=\"https:\/\/res.cloudinary.com\/dut4yhfgk\/image\/upload\/v1769105862\/Noticias\/politica\/arde-el-peronismo-en-tucuman-jaldo-cambia-la-cupula-de-la-caja-popular-de-ahorros-ligada-al-diputado-cisneros\/ymnsld7wuu433lcnqear.jpg\" alt=\"Arde el peronismo en Tucum\u00e1n: Jaldo cambia la c\u00fapula de la Caja Popular de Ahorros, ligada al diputado Cisneros\" width=\"856\" height=\"422\" data-nimg=\"1\" \/><\/div>\n<\/div>\n<div class=\"md:flex md:items-start md:justify-between md:gap-8 relative \">\n<div class=\"pb-7 font-thin\">\n<p class=\"text-lg\"><strong>El gobernador Osvaldo Jaldo dispuso cambios en la conducci\u00f3n de la Caja Popular de Ahorros y calde\u00f3 los \u00e1nimos dentro del oficialismo provincial. <\/strong><\/p>\n<p class=\"text-lg\">Este viernes asumir\u00e1n al frente de la entidad financiera estatal el contador Guillermo Norry como interventor; y el abogado Antonio Bustamante, como subinterventor. Dejar\u00e1n sus cargos Jos\u00e9 D\u00edaz y Dar\u00edo Amatti.<\/p>\n<p class=\"text-lg\"><strong>Los salientes fueron notificados hoy por el ministro de Econom\u00eda, Daniel Abad, de los cambios decididos por Jaldo. Tanto D\u00edaz como Amatti est\u00e1n ligados al diputado Carlos Cisneros y al gremio bancario, por lo que su corrimiento genera impacto en la interna del peronismo tucumano<\/strong>.<\/p>\n<p class=\"text-lg\">Jaldo tom\u00f3 la determinaci\u00f3n este jueves, un d\u00eda despu\u00e9s de haberse reintegrado a sus funciones al frente del Poder Ejecutivo. Si bien trascendi\u00f3 que los posibles cambios hab\u00edan sido conversados con Cisneros a fines del a\u00f1o pasado, la decisi\u00f3n tom\u00f3 por sorpresa en la Casa de Gobierno.<\/p>\n<p class=\"text-lg\"><strong>Los funcionarios que jurar\u00e1n ma\u00f1ana, Norry y Bustamante, responden directamente al ministro del Interior, Dar\u00edo Monteros. El primero fue adem\u00e1s interventor de Alberdi durante 2025; mientras que Bustamante presidi\u00f3 el Colegio de Abogados y asesor\u00f3 al municipio de Banda del R\u00edo Sal\u00ed.<\/strong><\/p>\n<div class=\"relative\">\n<div class=\"w-12 h-12 rounded-full bg-gradient-to-r from-[#423b8b] via-[#423b8bd9] to-[#423b8bb3] p-0.5 m-0.5\">\n<div class=\"w-full h-full rounded-full bg-background flex items-center justify-center\"><img loading=\"lazy\" decoding=\"async\" class=\"rounded-full object-cover p-[2px]\" src=\"https:\/\/res.cloudinary.com\/dut4yhfgk\/image\/upload\/ar_1:1,c_auto,h_100,q_100,w_100\/v1761519930\/Administradores\/editor\/uzayvzcfhweb9kksnps1.jpg\" alt=\"Avatar de Fernando Stanich\" width=\"42\" height=\"42\" data-nimg=\"1\" \/><span style=\"font-size: 8pt;\"><b class=\"text-foreground capitalize text-sm leading-tight\">Fernando Stanich<\/b><\/span><\/div>\n<div class=\"w-full h-full rounded-full bg-background flex items-center justify-center\"><\/div>\n<\/div>\n<\/div>\n<\/div>\n<\/div>\n<\/div>\n<\/div>\n","protected":false},"excerpt":{"rendered":"<p>El gobernador dispuso que ma\u00f1ana viernes asuman Guillermo Norry y Antonio Bustamante como interventor y subinterventor, respectivamente. El gobernador Osvaldo Jaldo dispuso cambios en la conducci\u00f3n de la Caja Popular de Ahorros y calde\u00f3 los \u00e1nimos dentro del oficialismo provincial. Este viernes asumir\u00e1n al frente de la entidad financiera estatal el contador Guillermo Norry como &hellip;<\/p>\n","protected":false},"author":2,"featured_media":14062,"comment_status":"open","ping_status":"open","sticky":false,"template":"","format":"standard","meta":{"footnotes":""},"categories":[34,25],"tags":[898,545,94],"class_list":["post-14061","post","type-post","status-publish","format-standard","has-post-thumbnail","hentry","category-locales","category-politica","tag-caja-popular","tag-cisnero","tag-jaldo"],"_links":{"self":[{"href":"https:\/\/cafeprensa.com.ar\/index.php\/wp-json\/wp\/v2\/posts\/14061","targetHints":{"allow":["GET"]}}],"collection":[{"href":"https:\/\/cafeprensa.com.ar\/index.php\/wp-json\/wp\/v2\/posts"}],"about":[{"href":"https:\/\/cafeprensa.com.ar\/index.php\/wp-json\/wp\/v2\/types\/post"}],"author":[{"embeddable":true,"href":"https:\/\/cafeprensa.com.ar\/index.php\/wp-json\/wp\/v2\/users\/2"}],"replies":[{"embeddable":true,"href":"https:\/\/cafeprensa.com.ar\/index.php\/wp-json\/wp\/v2\/comments?post=14061"}],"version-history":[{"count":1,"href":"https:\/\/cafeprensa.com.ar\/index.php\/wp-json\/wp\/v2\/posts\/14061\/revisions"}],"predecessor-version":[{"id":14064,"href":"https:\/\/cafeprensa.com.ar\/index.php\/wp-json\/wp\/v2\/posts\/14061\/revisions\/14064"}],"wp:featuredmedia":[{"embeddable":true,"href":"https:\/\/cafeprensa.com.ar\/index.php\/wp-json\/wp\/v2\/media\/14062"}],"wp:attachment":[{"href":"https:\/\/cafeprensa.com.ar\/index.php\/wp-json\/wp\/v2\/media?parent=14061"}],"wp:term":[{"taxonomy":"category","embeddable":true,"href":"https:\/\/cafeprensa.com.ar\/index.php\/wp-json\/wp\/v2\/categories?post=14061"},{"taxonomy":"post_tag","embeddable":true,"href":"https:\/\/cafeprensa.com.ar\/index.php\/wp-json\/wp\/v2\/tags?post=14061"}],"curies":[{"name":"wp","href":"https:\/\/api.w.org\/{rel}","templated":true}]}}