{"id":14065,"date":"2026-01-22T20:44:19","date_gmt":"2026-01-22T19:44:19","guid":{"rendered":"https:\/\/cafeprensa.com.ar\/?p=14065"},"modified":"2026-01-22T20:44:19","modified_gmt":"2026-01-22T19:44:19","slug":"el-record-mundial-que-consiguio-juan-lopez-a-los-81-anos","status":"publish","type":"post","link":"https:\/\/cafeprensa.com.ar\/index.php\/2026\/01\/22\/el-record-mundial-que-consiguio-juan-lopez-a-los-81-anos\/","title":{"rendered":"El r\u00e9cord mundial que consigui\u00f3 Juan L\u00f3pez a los 81 a\u00f1os"},"content":{"rendered":"<header class=\"article-header-wrapper\">\n<div class=\"article-header with-follow-button-ctn\">\n<p id=\"el-record-mundial-que-consiguio-juan-lopez-a-los-81-anos-sigue-inspirando-y-desafiando-mitos-sobre-el-envejecimiento\" class=\"display-block article-headline text_align_left\">El r\u00e9cord mundial que consigui\u00f3 Juan L\u00f3pez a los 81 a\u00f1os sigue inpirando y desafiando mitos sobre el envejecimiento.<\/p>\n<p class=\"display-block article-headline text_align_left\"><strong>La marca lograda por Juan L\u00f3pez en 2025, cuando ten\u00eda 81 a\u00f1os y hoy ya suma 82, vuelve a ser noticia gracias a un reciente estudio cient\u00edfico que revela c\u00f3mo su entrenamiento y h\u00e1bitos desaf\u00edan lo que se cre\u00eda posible para la edad avanzada<\/strong><\/p>\n<\/div>\n<\/header>\n<article class=\"article\">\n<div class=\"body-article \">\n<div class=\"visual__image image-initial-width\"><picture><source srcset=\"https:\/\/www.infobae.com\/resizer\/v2\/3ERV43GJ4RGH3KDVDNAUTWBVGM.png?auth=fb6a097d67a8a325babf25d95e2b4be9273c1957fdc7d4e7770f02d48858c53c&amp;smart=true&amp;width=992&amp;height=999&amp;quality=85\" media=\"(min-width: 1000px)\" \/><source srcset=\"https:\/\/www.infobae.com\/resizer\/v2\/3ERV43GJ4RGH3KDVDNAUTWBVGM.png?auth=fb6a097d67a8a325babf25d95e2b4be9273c1957fdc7d4e7770f02d48858c53c&amp;smart=true&amp;width=768&amp;height=773&amp;quality=85\" media=\"(min-width: 768px)\" \/><source srcset=\"https:\/\/www.infobae.com\/resizer\/v2\/3ERV43GJ4RGH3KDVDNAUTWBVGM.png?auth=fb6a097d67a8a325babf25d95e2b4be9273c1957fdc7d4e7770f02d48858c53c&amp;smart=true&amp;width=577&amp;height=581&amp;quality=85\" media=\"(min-width: 580px)\" \/><source srcset=\"https:\/\/www.infobae.com\/resizer\/v2\/3ERV43GJ4RGH3KDVDNAUTWBVGM.png?auth=fb6a097d67a8a325babf25d95e2b4be9273c1957fdc7d4e7770f02d48858c53c&amp;smart=true&amp;width=420&amp;height=423&amp;quality=85\" media=\"(min-width: 350px)\" \/><source srcset=\"https:\/\/www.infobae.com\/resizer\/v2\/3ERV43GJ4RGH3KDVDNAUTWBVGM.png?auth=fb6a097d67a8a325babf25d95e2b4be9273c1957fdc7d4e7770f02d48858c53c&amp;smart=true&amp;width=350&amp;height=352&amp;quality=85\" media=\"(min-width: 80px)\" \/><img loading=\"lazy\" decoding=\"async\" class=\"global-image\" src=\"https:\/\/www.infobae.com\/resizer\/v2\/3ERV43GJ4RGH3KDVDNAUTWBVGM.png?auth=fb6a097d67a8a325babf25d95e2b4be9273c1957fdc7d4e7770f02d48858c53c&amp;smart=true&amp;width=350&amp;height=352&amp;quality=85\" alt=\"El logro de Juan L\u00f3pez\" width=\"892\" height=\"898\" \/><\/picture><span style=\"font-size: 8pt;\"><strong>El logro de Juan L\u00f3pez invita a repensar los l\u00edmites de la capacidad f\u00edsica en la vejez y ampl\u00eda el horizonte del deporte senior (RFEA)<\/strong><\/span><\/div>\n<p class=\"paragraph\" data-mrf-recirculation=\"Links inline\"><b>Juan L\u00f3pez<\/b>, atleta espa\u00f1ol de\u00a0<b>82 a\u00f1os<\/b>, estableci\u00f3 el a\u00f1o pasado un nuevo\u00a0<a title=\"https:\/\/www.infobae.com\/tag\/record-mundial\/\" href=\"https:\/\/www.infobae.com\/tag\/record-mundial\/\" target=\"_blank\" rel=\"noopener noreferrer\" data-mrf-link=\"https:\/\/www.infobae.com\/tag\/record-mundial\/\"><b>r\u00e9cord mundial<\/b><\/a>\u00a0en la\u00a0<b>categor\u00eda masculina de mayores de 80 a\u00f1os\u00a0<\/b>al completar una carrera de\u00a0<b>50 kil\u00f3metros<\/b>\u00a0<b>en 4 horas<\/b>,\u00a0<b>47 minutos y 39 segundos<\/b>.<\/p>\n<p class=\"paragraph\" data-mrf-recirculation=\"Links inline\">Su haza\u00f1a, reportada por\u00a0<i>Men\u2019s Health<\/i>, no solo super\u00f3 la marca anterior en 49 minutos, sino que\u00a0<b>tambi\u00e9n pone en cuesti\u00f3n las ideas habituales sobre los l\u00edmites f\u00edsicos asociados al\u00a0<\/b><a title=\"https:\/\/www.infobae.com\/tag\/envejecimiento\/\" href=\"https:\/\/www.infobae.com\/tag\/envejecimiento\/\" target=\"_blank\" rel=\"noopener noreferrer\" data-mrf-link=\"https:\/\/www.infobae.com\/tag\/envejecimiento\/\"><b>envejecimiento<\/b><\/a>. El logro de L\u00f3pez, tanto por la distancia recorrida como por la diferencia respecto del registro anterior,\u00a0<b>se convierte en un hito<\/b>\u00a0<b>para el\u00a0<\/b><a title=\"https:\/\/www.infobae.com\/tag\/atletismo\/\" href=\"https:\/\/www.infobae.com\/tag\/atletismo\/\" target=\"_blank\" rel=\"noopener noreferrer\" data-mrf-link=\"https:\/\/www.infobae.com\/tag\/atletismo\/\"><b>atletismo<\/b><\/a><b>\u00a0m\u00e1ster y para la ciencia del\u00a0<\/b><a title=\"https:\/\/www.infobae.com\/tag\/deporte\/\" href=\"https:\/\/www.infobae.com\/tag\/deporte\/\" target=\"_blank\" rel=\"noopener noreferrer\" data-mrf-link=\"https:\/\/www.infobae.com\/tag\/deporte\/\"><b>deporte<\/b><\/a>.<\/p>\n<p class=\"paragraph\" data-mrf-recirculation=\"Links inline\">L\u00f3pez mantuvo un<b>\u00a0ritmo promedio de 5 minutos y 44 segundos por kil\u00f3metro<\/b>\u00a0a lo largo de casi cinco horas, lo que refleja\u00a0<b>una capacidad\u00a0<\/b><a title=\"https:\/\/www.infobae.com\/tag\/cardiovascular\/\" href=\"https:\/\/www.infobae.com\/tag\/cardiovascular\/\" target=\"_blank\" rel=\"noopener noreferrer\" data-mrf-link=\"https:\/\/www.infobae.com\/tag\/cardiovascular\/\"><b>cardiovascular<\/b><\/a><b>\u00a0y una\u00a0<\/b><a title=\"https:\/\/www.infobae.com\/tag\/resistencia-muscular\/\" href=\"https:\/\/www.infobae.com\/tag\/resistencia-muscular\/\" target=\"_blank\" rel=\"noopener noreferrer\" data-mrf-link=\"https:\/\/www.infobae.com\/tag\/resistencia-muscular\/\"><b>resistencia muscular<\/b><\/a><b>\u00a0poco frecuentes<\/b> en personas de su edad.<\/p>\n<p class=\"paragraph\" data-mrf-recirculation=\"Links inline\">Este desempe\u00f1o representa un referente para\u00a0<b>comprender la fisiolog\u00eda deportiva en adultos mayores y explorar el potencial del envejecimiento saludable<\/b>. Su caso sugiere que la edad cronol\u00f3gica no es necesariamente un l\u00edmite infranqueable para el rendimiento f\u00edsico.<\/p>\n<p class=\"paragraph\" data-mrf-recirculation=\"Links inline\">El propio Juan L\u00f3pez\u00a0<b>comenz\u00f3 a correr a los 61 a\u00f1os y no particip\u00f3 en competiciones oficiales hasta cumplir 70<\/b>, inform\u00f3\u00a0<i>Men\u2019s Health<\/i>. Su trayectoria demuestra que es posible lograr\u00a0<b>avances notables<\/b>\u00a0incluso iniciando actividad f\u00edsica en la madurez, lo que\u00a0<b>abre nuevas perspectivas<\/b>\u00a0para la promoci\u00f3n de la\u00a0<b>salud en la tercera edad<\/b>.<\/p>\n<div class=\"visual__image\"><picture><source srcset=\"https:\/\/www.infobae.com\/resizer\/v2\/6FDCXLEWBJBR3PACY2YH6DHBSY.png?auth=1738c4827880955b08177abe0eab0e41184cb264f603ae0bfc27287f2eb563dc&amp;smart=true&amp;width=992&amp;height=555&amp;quality=85\" media=\"(min-width: 1000px)\" \/><source srcset=\"https:\/\/www.infobae.com\/resizer\/v2\/6FDCXLEWBJBR3PACY2YH6DHBSY.png?auth=1738c4827880955b08177abe0eab0e41184cb264f603ae0bfc27287f2eb563dc&amp;smart=true&amp;width=768&amp;height=430&amp;quality=85\" media=\"(min-width: 768px)\" \/><source srcset=\"https:\/\/www.infobae.com\/resizer\/v2\/6FDCXLEWBJBR3PACY2YH6DHBSY.png?auth=1738c4827880955b08177abe0eab0e41184cb264f603ae0bfc27287f2eb563dc&amp;smart=true&amp;width=577&amp;height=323&amp;quality=85\" media=\"(min-width: 580px)\" \/><source srcset=\"https:\/\/www.infobae.com\/resizer\/v2\/6FDCXLEWBJBR3PACY2YH6DHBSY.png?auth=1738c4827880955b08177abe0eab0e41184cb264f603ae0bfc27287f2eb563dc&amp;smart=true&amp;width=420&amp;height=235&amp;quality=85\" media=\"(min-width: 350px)\" \/><source srcset=\"https:\/\/www.infobae.com\/resizer\/v2\/6FDCXLEWBJBR3PACY2YH6DHBSY.png?auth=1738c4827880955b08177abe0eab0e41184cb264f603ae0bfc27287f2eb563dc&amp;smart=true&amp;width=350&amp;height=196&amp;quality=85\" media=\"(min-width: 80px)\" \/><img loading=\"lazy\" decoding=\"async\" class=\"global-image\" src=\"https:\/\/www.infobae.com\/resizer\/v2\/6FDCXLEWBJBR3PACY2YH6DHBSY.png?auth=1738c4827880955b08177abe0eab0e41184cb264f603ae0bfc27287f2eb563dc&amp;smart=true&amp;width=350&amp;height=196&amp;quality=85\" alt=\"Su recorrido personal demuestra que\" width=\"1179\" height=\"660\" \/><\/picture>Su recorrido personal demuestra que iniciar tarde en el atletismo no impide alcanzar metas extraordinarias ni romper barreras generacionales (RFEA)<\/div>\n<h2 class=\"header headline-class-h2 headline\">Datos cient\u00edficos: el cuerpo y la mente de un atleta excepcional<\/h2>\n<p class=\"paragraph\" data-mrf-recirculation=\"Links inline\">Un grupo de investigadores public\u00f3 en la revista\u00a0<i>Frontiers in Physiology<\/i>\u00a0un\u00a0<a title=\"https:\/\/doi.org\/10.3389\/fphys.2025.1735019\" href=\"https:\/\/doi.org\/10.3389\/fphys.2025.1735019\" target=\"_blank\" rel=\"noopener\" data-mrf-link=\"https:\/\/doi.org\/10.3389\/fphys.2025.1735019\"><b>estudio de caso<\/b><\/a>\u00a0<b>sobre la condici\u00f3n f\u00edsica de L\u00f3pez<\/b>. Las pruebas de laboratorio midieron un\u00a0<b>consumo m\u00e1ximo de ox\u00edgeno de 52,8 durante la carrera<\/b>, el valor m\u00e1s alto documentado en una persona mayor de 80 a\u00f1os.<\/p>\n<p class=\"paragraph\" data-mrf-recirculation=\"Links inline\">En un test con bicicleta, alcanz\u00f3 un\u00a0<b>consumo m\u00e1ximo de ox\u00edgeno de 42,6<\/b>, cifra destacada para su edad y para alguien sin entrenamiento espec\u00edfico en ciclismo.<\/p>\n<p class=\"paragraph\" data-mrf-recirculation=\"Links inline\">Entre los hallazgos reportados por\u00a0<i>Men\u2019s Health<\/i>\u00a0se encuentra\u00a0<b>el umbral anaer\u00f3bico de L\u00f3pez<\/b>, situado en torno al\u00a0<b>91% de su consumo m\u00e1ximo de ox\u00edgeno a 10,5 km\/h<\/b>. Para comparaci\u00f3n, atletas mucho m\u00e1s j\u00f3venes suelen alcanzar este umbral entre\u00a0<b>el 75% y el 85%<\/b>.<\/p>\n<p class=\"paragraph\" data-mrf-recirculation=\"Links inline\">Adem\u00e1s, L\u00f3pez\u00a0<b>logr\u00f3 oxidar grasas de forma eficiente cerca del 77% de su capacidad m\u00e1xima<\/b>, lo que refleja\u00a0<b>una notable flexibilidad metab\u00f3lica<\/b>, permite conservar gluc\u00f3geno y retrasa el agotamiento f\u00edsico. Los investigadores sostienen que estos par\u00e1metros\u00a0<b>son habituales en adultos considerablemente m\u00e1s j\u00f3venes<\/b>.<\/p>\n<p class=\"paragraph\" data-mrf-recirculation=\"Links inline\">El estudio resalt\u00f3 tambi\u00e9n\u00a0<b>la elevada concentraci\u00f3n de hemoglobina en la sangre de L\u00f3pez<\/b>, elemento que favorece la entrega de ox\u00edgeno a los m\u00fasculos y resulta clave en resistencia y recuperaci\u00f3n durante el esfuerzo.<\/p>\n<p class=\"paragraph\" data-mrf-recirculation=\"Links inline\">Aunque su eficiencia al correr se considera moderada frente a atletas de \u00e9lite, los especialistas lo atribuyen a la\u00a0<b>rigidez tendinosa propia de la edad<\/b>\u00a0y a una\u00a0<b>menor carga de kil\u00f3metros<\/b>\u00a0comparado con otros competidores.<\/p>\n<div class=\"visual__image\"><picture><source srcset=\"https:\/\/www.infobae.com\/resizer\/v2\/CD33Q4Y6KBDIDFBSX6AEQTPKNA.png?auth=f1dfe75e9a8325df91a22fc8986d549d09056a0ce24d04162217629f41cbaf90&amp;smart=true&amp;width=992&amp;height=1569&amp;quality=85\" media=\"(min-width: 1000px)\" \/><source srcset=\"https:\/\/www.infobae.com\/resizer\/v2\/CD33Q4Y6KBDIDFBSX6AEQTPKNA.png?auth=f1dfe75e9a8325df91a22fc8986d549d09056a0ce24d04162217629f41cbaf90&amp;smart=true&amp;width=768&amp;height=1215&amp;quality=85\" media=\"(min-width: 768px)\" \/><source srcset=\"https:\/\/www.infobae.com\/resizer\/v2\/CD33Q4Y6KBDIDFBSX6AEQTPKNA.png?auth=f1dfe75e9a8325df91a22fc8986d549d09056a0ce24d04162217629f41cbaf90&amp;smart=true&amp;width=577&amp;height=913&amp;quality=85\" media=\"(min-width: 580px)\" \/><source srcset=\"https:\/\/www.infobae.com\/resizer\/v2\/CD33Q4Y6KBDIDFBSX6AEQTPKNA.png?auth=f1dfe75e9a8325df91a22fc8986d549d09056a0ce24d04162217629f41cbaf90&amp;smart=true&amp;width=420&amp;height=664&amp;quality=85\" media=\"(min-width: 350px)\" \/><source srcset=\"https:\/\/www.infobae.com\/resizer\/v2\/CD33Q4Y6KBDIDFBSX6AEQTPKNA.png?auth=f1dfe75e9a8325df91a22fc8986d549d09056a0ce24d04162217629f41cbaf90&amp;smart=true&amp;width=350&amp;height=554&amp;quality=85\" media=\"(min-width: 80px)\" \/><img loading=\"lazy\" decoding=\"async\" class=\"global-image\" src=\"https:\/\/www.infobae.com\/resizer\/v2\/CD33Q4Y6KBDIDFBSX6AEQTPKNA.png?auth=f1dfe75e9a8325df91a22fc8986d549d09056a0ce24d04162217629f41cbaf90&amp;smart=true&amp;width=350&amp;height=554&amp;quality=85\" alt=\"Los estudios sobre su rendimiento\" width=\"567\" height=\"897\" \/><\/picture><\/div>\n<div class=\"visual__image\"><span style=\"font-size: 8pt;\"><strong>Los estudios sobre su rendimiento aportan informaci\u00f3n in\u00e9dita sobre la fisiolog\u00eda y el potencial deportivo en personas mayores de ochenta a\u00f1os (RFEA)<\/strong><\/span><\/div>\n<p class=\"header headline-class-h2 headline\"><strong>Entrenamiento, estilo de vida y lecciones para el futuro<\/strong><\/p>\n<p class=\"paragraph\" data-mrf-recirculation=\"Links inline\">El entrenamiento de resistencia de Juan L\u00f3pez\u00a0<b>comprende unos 65 kil\u00f3metros semanales<\/b>, repartidos en seis o siete sesiones, lo que suma\u00a0<b>m\u00e1s de 3.500 kil\u00f3metros al a\u00f1o<\/b>.<\/p>\n<p class=\"paragraph\" data-mrf-recirculation=\"Links inline\">En las semanas previas a competencias importantes,\u00a0<b>este volumen puede ascender hasta 120 kil\u00f3metros<\/b>, con entrenamientos a ritmos moderados y ejercicios de intensidad cercana al umbral anaer\u00f3bico para mantener una alta capacidad aer\u00f3bica. El plan se completa con\u00a0<b>trabajo de fuerza<\/b>,\u00a0<b>descanso adecuado y una nutrici\u00f3n apropiada<\/b>, aspectos esenciales para sostener el rendimiento y prevenir lesiones.<\/p>\n<p class=\"paragraph\" data-mrf-recirculation=\"Links inline\">El caso de Juan L\u00f3pez, ampliamente difundido por\u00a0<i>Men\u2019s Health<\/i>, demuestra que el entrenamiento continuado y una vida f\u00edsicamente activa<b>\u00a0pueden desafiar la creencia de un declive funcional inevitable con la edad<\/b>.<\/p>\n<p class=\"paragraph\" data-mrf-recirculation=\"Links inline\">M\u00e1s all\u00e1 del r\u00e9cord, su experiencia evidencia que\u00a0<b>el cuerpo humano puede conservar<\/b>\u00a0<b>capacidades notables incluso en edades avanzadas<\/b>\u00a0si recibe est\u00edmulo y cuidado constantes. Su historia inspira a reconsiderar los l\u00edmites tradicionales del envejecimiento y anima a promover el deporte y la actividad f\u00edsica en todas las etapas de la vida.<\/p>\n<\/div>\n<\/article>\n","protected":false},"excerpt":{"rendered":"<p>El r\u00e9cord mundial que consigui\u00f3 Juan L\u00f3pez a los 81 a\u00f1os sigue inpirando y desafiando mitos sobre el envejecimiento. La marca lograda por Juan L\u00f3pez en 2025, cuando ten\u00eda 81 a\u00f1os y hoy ya suma 82, vuelve a ser noticia gracias a un reciente estudio cient\u00edfico que revela c\u00f3mo su entrenamiento y h\u00e1bitos desaf\u00edan lo &hellip;<\/p>\n","protected":false},"author":2,"featured_media":14066,"comment_status":"open","ping_status":"open","sticky":false,"template":"","format":"standard","meta":{"footnotes":""},"categories":[29,35],"tags":[2917,1378],"class_list":["post-14065","post","type-post","status-publish","format-standard","has-post-thumbnail","hentry","category-deportes","category-internacionales","tag-juan-lopez","tag-maraton"],"_links":{"self":[{"href":"https:\/\/cafeprensa.com.ar\/index.php\/wp-json\/wp\/v2\/posts\/14065","targetHints":{"allow":["GET"]}}],"collection":[{"href":"https:\/\/cafeprensa.com.ar\/index.php\/wp-json\/wp\/v2\/posts"}],"about":[{"href":"https:\/\/cafeprensa.com.ar\/index.php\/wp-json\/wp\/v2\/types\/post"}],"author":[{"embeddable":true,"href":"https:\/\/cafeprensa.com.ar\/index.php\/wp-json\/wp\/v2\/users\/2"}],"replies":[{"embeddable":true,"href":"https:\/\/cafeprensa.com.ar\/index.php\/wp-json\/wp\/v2\/comments?post=14065"}],"version-history":[{"count":1,"href":"https:\/\/cafeprensa.com.ar\/index.php\/wp-json\/wp\/v2\/posts\/14065\/revisions"}],"predecessor-version":[{"id":14067,"href":"https:\/\/cafeprensa.com.ar\/index.php\/wp-json\/wp\/v2\/posts\/14065\/revisions\/14067"}],"wp:featuredmedia":[{"embeddable":true,"href":"https:\/\/cafeprensa.com.ar\/index.php\/wp-json\/wp\/v2\/media\/14066"}],"wp:attachment":[{"href":"https:\/\/cafeprensa.com.ar\/index.php\/wp-json\/wp\/v2\/media?parent=14065"}],"wp:term":[{"taxonomy":"category","embeddable":true,"href":"https:\/\/cafeprensa.com.ar\/index.php\/wp-json\/wp\/v2\/categories?post=14065"},{"taxonomy":"post_tag","embeddable":true,"href":"https:\/\/cafeprensa.com.ar\/index.php\/wp-json\/wp\/v2\/tags?post=14065"}],"curies":[{"name":"wp","href":"https:\/\/api.w.org\/{rel}","templated":true}]}}