{"id":1420,"date":"2024-02-28T18:04:31","date_gmt":"2024-02-28T17:04:31","guid":{"rendered":"https:\/\/cafeprensa.com.ar\/?p=1420"},"modified":"2024-02-28T18:04:31","modified_gmt":"2024-02-28T17:04:31","slug":"la-asamblea-legislativa-arrancara-a-las-20","status":"publish","type":"post","link":"https:\/\/cafeprensa.com.ar\/index.php\/2024\/02\/28\/la-asamblea-legislativa-arrancara-a-las-20\/","title":{"rendered":"La Asamblea Legislativa arrancar\u00e1 a las 20"},"content":{"rendered":"<div class=\"post-content\">\n<div class=\"post-content\">\n<p>Las autoridades de ambas c\u00e1maras oficializaron la convocatoria a los legisladores una hora antes del arribo del presidente Javier Milei para la conformaci\u00f3n de las comisiones de recepci\u00f3n.<\/p>\n<\/div>\n<div class=\"contenido-post\">\n<p>La presidenta del Senado,\u00a0<strong>Victoria Villarruel,<\/strong>\u00a0y el de la C\u00e1mara de Diputados,\u00a0<strong>Mart\u00edn Menem<\/strong>, confirmaron\u00a0 este martes que la Asamblea Legislativa del viernes que viene tendr\u00e1 lugar a partir de las 20.<\/p>\n<p>As\u00ed se anunci\u00f3 al promediar la tarde, luego de que el lunes se emitiera el decreto desde el Poder Ejecutivo convocando a la <em><strong>Asamblea Legislativa para el viernes a la hora inusual de las 21.<\/strong><\/em> Autoridades de ambas c\u00e1maras se reunieron este martes por la tarde para delinear la organizaci\u00f3n del evento del viernes, estableci\u00e9ndose que a las 21 ser\u00e1 la hora del ingreso del presidente de la Naci\u00f3n, que inmediatamente despu\u00e9s dar\u00e1 inicio a su discurso de apertura del 142\u00b0 per\u00edodo ordinario.<\/p>\n<p>As\u00ed las cosas, la sesi\u00f3n arrancar\u00e1 a partir de las 20, hora en la cual la presidenta de la C\u00e1mara alta anunciar\u00e1 los nombres de quienes conformar\u00e1n\u00a0las comisiones de Interior y Exterior, que son las encargadas de recibir al presidente de la Naci\u00f3n,\u00a0<strong>Javier Milei.<\/strong><\/p>\n<p>El presidente ingresar\u00e1 a trav\u00e9s de la explanada de la avenida Entre R\u00edos y atravesar\u00e1 los salones Gran Hall y de las Provincias. Desde all\u00ed ser\u00e1 escoltado al Sal\u00f3n Azul, donde se encontrar\u00e1 con Victoria Villarruel, firmar\u00e1 los Libros de Honor del Honorable Senado de la Naci\u00f3n y de la C\u00e1mara de Diputados de la Naci\u00f3n.<br aria-hidden=\"true\" \/>Inmediatamente despu\u00e9s, junto con Villarruel, ser\u00e1 conducido al recinto por la comisi\u00f3n del interior previamente designada para proceder a la jura.<\/p>\n<div class=\"dc-social\">\n<p>&nbsp;<\/p>\n<p>&nbsp;<\/p>\n<\/div>\n<\/div>\n<p>Las autoridades de ambas c\u00e1maras oficializaron la convocatoria a los legisladores una hora antes del arribo del presidente Javier Milei para la conformaci\u00f3n de las comisiones de recepci\u00f3n.<\/p>\n<div class=\"content-meta\">\n<div class=\"content-autor meta\"><i class=\"fa-solid fa-user\"><\/i>\u00a0<a href=\"https:\/\/www.parlamentario.com\/author\/jose\/\">Parlamentario<\/a><\/div>\n<div class=\"meta content-fecha\"><i class=\"fa-solid fa-calendar-days\"><\/i>\u00a027 febrero, 2024<\/div>\n<\/div>\n<\/div>\n<div class=\"box-img\"><img loading=\"lazy\" decoding=\"async\" class=\"attachment-post-thumbnail size-post-thumbnail wp-post-image\" src=\"https:\/\/www.parlamentario.com\/wp-content\/uploads\/2023\/12\/Villarruel-Milei-Menem.webp\" sizes=\"auto, (max-width: 750px) 100vw, 750px\" srcset=\"https:\/\/www.parlamentario.com\/wp-content\/uploads\/2023\/12\/Villarruel-Milei-Menem.webp 750w, https:\/\/www.parlamentario.com\/wp-content\/uploads\/2023\/12\/Villarruel-Milei-Menem-300x200.webp 300w\" alt=\"\" width=\"750\" height=\"500\" \/><\/div>\n<p class=\"epigrafo\">\n<div class=\"opinion\"><\/div>\n<div class=\"contenido-post\">\n<div class=\"dc-social\">\n<p>&nbsp;<\/p>\n<p>&nbsp;<\/p>\n<\/div>\n<p>La presidenta del Senado,\u00a0<strong>Victoria Villarruel,<\/strong>\u00a0y el de la C\u00e1mara de Diputados,\u00a0<strong>Mart\u00edn Menem<\/strong>, confirmaron\u00a0 este martes que la Asamblea Legislativa del viernes que viene tendr\u00e1 lugar a partir de las 20.<\/p>\n<p>As\u00ed se anunci\u00f3 al promediar la tarde, luego de que el lunes se emitiera el decreto desde el Poder Ejecutivo convocando a la Asamblea Legislativa para el viernes a la hora inusual de las 21. Autoridades de ambas c\u00e1maras se reunieron este martes por la tarde para delinear la organizaci\u00f3n del evento del viernes, estableci\u00e9ndose que a las 21 ser\u00e1 la hora del ingreso del presidente de la Naci\u00f3n, que inmediatamente despu\u00e9s dar\u00e1 inicio a su discurso de apertura del 142\u00b0 per\u00edodo ordinario.<\/p>\n<p>As\u00ed las cosas, la sesi\u00f3n arrancar\u00e1 a partir de las 20, hora en la cual la presidenta de la C\u00e1mara alta anunciar\u00e1 los nombres de quienes conformar\u00e1n\u00a0las comisiones de Interior y Exterior, que son las encargadas de recibir al presidente de la Naci\u00f3n,\u00a0<strong>Javier Milei.<\/strong><\/p>\n<p>El presidente ingresar\u00e1 a trav\u00e9s de la explanada de la avenida Entre R\u00edos y atravesar\u00e1 los salones Gran Hall y de las Provincias. Desde all\u00ed ser\u00e1 escoltado al Sal\u00f3n Azul, donde se encontrar\u00e1 con Victoria Villarruel, firmar\u00e1 los Libros de Honor del Honorable Senado de la Naci\u00f3n y de la C\u00e1mara de Diputados de la Naci\u00f3n.<br aria-hidden=\"true\" \/>Inmediatamente despu\u00e9s, junto con Villarruel, ser\u00e1 conducido al recinto por la comisi\u00f3n del interior previamente designada para proceder a la jura.<\/p>\n<\/div>\n","protected":false},"excerpt":{"rendered":"<p>Las autoridades de ambas c\u00e1maras oficializaron la convocatoria a los legisladores una hora antes del arribo del presidente Javier Milei para la conformaci\u00f3n de las comisiones de recepci\u00f3n. La presidenta del Senado,\u00a0Victoria Villarruel,\u00a0y el de la C\u00e1mara de Diputados,\u00a0Mart\u00edn Menem, confirmaron\u00a0 este martes que la Asamblea Legislativa del viernes que viene tendr\u00e1 lugar a partir &hellip;<\/p>\n","protected":false},"author":2,"featured_media":1421,"comment_status":"open","ping_status":"open","sticky":false,"template":"","format":"standard","meta":{"footnotes":""},"categories":[54,34],"tags":[165],"class_list":["post-1420","post","type-post","status-publish","format-standard","has-post-thumbnail","hentry","category-interes-ganeral","category-locales","tag-asamblea-legislativa"],"_links":{"self":[{"href":"https:\/\/cafeprensa.com.ar\/index.php\/wp-json\/wp\/v2\/posts\/1420","targetHints":{"allow":["GET"]}}],"collection":[{"href":"https:\/\/cafeprensa.com.ar\/index.php\/wp-json\/wp\/v2\/posts"}],"about":[{"href":"https:\/\/cafeprensa.com.ar\/index.php\/wp-json\/wp\/v2\/types\/post"}],"author":[{"embeddable":true,"href":"https:\/\/cafeprensa.com.ar\/index.php\/wp-json\/wp\/v2\/users\/2"}],"replies":[{"embeddable":true,"href":"https:\/\/cafeprensa.com.ar\/index.php\/wp-json\/wp\/v2\/comments?post=1420"}],"version-history":[{"count":1,"href":"https:\/\/cafeprensa.com.ar\/index.php\/wp-json\/wp\/v2\/posts\/1420\/revisions"}],"predecessor-version":[{"id":1422,"href":"https:\/\/cafeprensa.com.ar\/index.php\/wp-json\/wp\/v2\/posts\/1420\/revisions\/1422"}],"wp:featuredmedia":[{"embeddable":true,"href":"https:\/\/cafeprensa.com.ar\/index.php\/wp-json\/wp\/v2\/media\/1421"}],"wp:attachment":[{"href":"https:\/\/cafeprensa.com.ar\/index.php\/wp-json\/wp\/v2\/media?parent=1420"}],"wp:term":[{"taxonomy":"category","embeddable":true,"href":"https:\/\/cafeprensa.com.ar\/index.php\/wp-json\/wp\/v2\/categories?post=1420"},{"taxonomy":"post_tag","embeddable":true,"href":"https:\/\/cafeprensa.com.ar\/index.php\/wp-json\/wp\/v2\/tags?post=1420"}],"curies":[{"name":"wp","href":"https:\/\/api.w.org\/{rel}","templated":true}]}}