{"id":14315,"date":"2026-01-30T00:17:21","date_gmt":"2026-01-29T23:17:21","guid":{"rendered":"https:\/\/cafeprensa.com.ar\/?p=14315"},"modified":"2026-01-30T00:17:21","modified_gmt":"2026-01-29T23:17:21","slug":"romina-manguel-se-prepara-para-otra-temporada-en-radio-y-television","status":"publish","type":"post","link":"https:\/\/cafeprensa.com.ar\/index.php\/2026\/01\/30\/romina-manguel-se-prepara-para-otra-temporada-en-radio-y-television\/","title":{"rendered":"Romina Manguel se prepara para otra temporada en radio y televisi\u00f3n"},"content":{"rendered":"<header class=\"article-header-wrapper\">\n<div class=\"article-header with-follow-button-ctn\">\n<p id=\"romina-manguel-se-prepara-para-otra-temporada-en-radio-y-television:-&quot;trato-a-mis-programas-como-a-mi-casa&quot;\" class=\"display-block article-headline text_align_left\">\u201cTrato a mis programas como a mi casa\u201d, La reconocida periodista analiz\u00f3 el presente de la profesi\u00f3n y la coyuntura pol\u00edtica. Un repaso por su recorrido y el recuerdo de Jorge Lanata.<\/p>\n<\/div>\n<\/header>\n<article class=\"article\">\n<div class=\"body-article \">\n<div class=\"visual__image image-initial-width\"><picture><source srcset=\"https:\/\/www.infobae.com\/resizer\/v2\/GLV2KTWGQRGMVL7ZSJGAPM62TM.jpg?auth=c8a2ce0a3a8d3242d3e05a48dac5bc743149717c7a965b70c1491576a7728a17&amp;smart=true&amp;width=992&amp;height=558&amp;quality=85\" media=\"(min-width: 1000px)\" \/><source srcset=\"https:\/\/www.infobae.com\/resizer\/v2\/GLV2KTWGQRGMVL7ZSJGAPM62TM.jpg?auth=c8a2ce0a3a8d3242d3e05a48dac5bc743149717c7a965b70c1491576a7728a17&amp;smart=true&amp;width=768&amp;height=432&amp;quality=85\" media=\"(min-width: 768px)\" \/><source srcset=\"https:\/\/www.infobae.com\/resizer\/v2\/GLV2KTWGQRGMVL7ZSJGAPM62TM.jpg?auth=c8a2ce0a3a8d3242d3e05a48dac5bc743149717c7a965b70c1491576a7728a17&amp;smart=true&amp;width=577&amp;height=325&amp;quality=85\" media=\"(min-width: 580px)\" \/><source srcset=\"https:\/\/www.infobae.com\/resizer\/v2\/GLV2KTWGQRGMVL7ZSJGAPM62TM.jpg?auth=c8a2ce0a3a8d3242d3e05a48dac5bc743149717c7a965b70c1491576a7728a17&amp;smart=true&amp;width=420&amp;height=236&amp;quality=85\" media=\"(min-width: 350px)\" \/><source srcset=\"https:\/\/www.infobae.com\/resizer\/v2\/GLV2KTWGQRGMVL7ZSJGAPM62TM.jpg?auth=c8a2ce0a3a8d3242d3e05a48dac5bc743149717c7a965b70c1491576a7728a17&amp;smart=true&amp;width=350&amp;height=197&amp;quality=85\" media=\"(min-width: 80px)\" \/><img loading=\"lazy\" decoding=\"async\" class=\"global-image\" src=\"https:\/\/www.infobae.com\/resizer\/v2\/GLV2KTWGQRGMVL7ZSJGAPM62TM.jpg?auth=c8a2ce0a3a8d3242d3e05a48dac5bc743149717c7a965b70c1491576a7728a17&amp;smart=true&amp;width=350&amp;height=197&amp;quality=85\" alt=\"Romina Manguel se prepara para\" width=\"1920\" height=\"1080\" \/><\/picture>Romina Manguel se prepara para volver a ser parte de la radio y la televisi\u00f3n en este 2026<\/div>\n<p class=\"paragraph\" data-mrf-recirculation=\"Links inline\">A pocos d\u00edas de un nuevo festejo de cumplea\u00f1os,\u00a0<a title=\"https:\/\/www.infobae.com\/tag\/romina-manguel\/\" href=\"https:\/\/www.infobae.com\/tag\/romina-manguel\/\" target=\"_blank\" rel=\"noopener noreferrer\" data-mrf-link=\"https:\/\/www.infobae.com\/tag\/romina-manguel\/\"><b>Romina Manguel<\/b><\/a>\u00a0atraviesa uno de esos momentos bisagra en los que la experiencia, la pasi\u00f3n intacta y el deseo de seguir aprendiendo se combinan para dar forma a una etapa de plenitud profesional.<b>\u00a0En plena preparaci\u00f3n para el inicio de una nueva temporada de sus ciclos radiales y televisivo<\/b>, la periodista se muestra entusiasmada, reflexiva y profundamente conectada con el oficio que eligi\u00f3 desde muy joven y que, con los a\u00f1os, termin\u00f3 por convertirse en una parte esencial de su identidad.<\/p>\n<p class=\"paragraph\" data-mrf-recirculation=\"Links inline\"><strong>El regreso a la radio la encuentra especialmente movilizada. No es un medio m\u00e1s en su recorrido: es el lugar donde todo empez\u00f3. A los 16 a\u00f1os, cuando todav\u00eda era una adolescente, atend\u00eda los tel\u00e9fonos de los oyentes y daba sus primeros pasos en un universo que nunca m\u00e1s abandonar\u00eda. Ese recuerdo aparece cargado de emoci\u00f3n y explica, en gran parte, el apego que siente por la radio, a la que define como un espacio \u00edntimo, cercano, casi artesanal, donde la palabra todav\u00eda conserva un valor central.<\/strong><\/p>\n<p class=\"paragraph\" data-mrf-recirculation=\"Links inline\">Su trayectoria es tan extensa como diversa.<b>\u00a0Licenciada en Relaciones Internacionales por la Universidad del Salvador<\/b>, su camino en los medios fue construy\u00e9ndose de manera gradual y s\u00f3lida. Trabaj\u00f3 como productora ejecutiva en programas radiales, fue columnista especializada en temas judiciales tanto en FM como en AM y durante seis a\u00f1os escribi\u00f3 sobre pol\u00edtica en la revista\u00a0<i>Veintiuno<\/i>.\u00a0<b>Adem\u00e1s, integr\u00f3 el equipo de investigaci\u00f3n de Jorge Lanata, una experiencia que marcar\u00eda para siempre su forma de entender el periodismo.<\/b>\u00a0En televisi\u00f3n, su figura se consolid\u00f3 en ciclos emblem\u00e1ticos como\u00a0<i>Periodismo para Todos<\/i>\u00a0y\u00a0<i>Animales Sueltos<\/i>, donde se destac\u00f3 por su capacidad de an\u00e1lisis, su rigor y su mirada cr\u00edtica.<\/p>\n<p class=\"paragraph\" data-mrf-recirculation=\"Links inline\"><b>Hoy conduce\u00a0<\/b><i><b>No dejes para ma\u00f1ana<\/b><\/i><b>\u00a0en Radio Con Vos, de 17 a 19, un programa que ya cumple cinco a\u00f1os al aire\u00a0<\/b>y que representa para ella un verdadero espacio de consolidaci\u00f3n profesional y personal. El equipo que la acompa\u00f1a \u2014Agust\u00edn \u00c1lvarez Rey, Guido Carelli, Natalia Maderna, el productor Emilio Fern\u00e1ndez, Valen Ferreira y el consultor Facundo Nejamkis\u2014 es parte fundamental de esa construcci\u00f3n.\u00a0<b>\u201cMe gusta volver a esa cosa de equipo chico, fuerte, s\u00f3lido, que nos conocemos hace muchos a\u00f1os. Hacer el regreso a m\u00ed me encanta. Es espectacular. Y adem\u00e1s consolidarlo: este es el quinto a\u00f1o\u201d, resumi\u00f3 con orgullo.<\/b><\/p>\n<div class=\"visual__image\"><picture><source srcset=\"https:\/\/www.infobae.com\/resizer\/v2\/4OTIDGCCOZCAHBAQNUR5SAQJ2U.jpg?auth=6ccf985f43e071b59454783a2dd4832c3d6f8aff09a03445d28042fba75b1e10&amp;smart=true&amp;width=992&amp;height=558&amp;quality=85\" media=\"(min-width: 1000px)\" \/><source srcset=\"https:\/\/www.infobae.com\/resizer\/v2\/4OTIDGCCOZCAHBAQNUR5SAQJ2U.jpg?auth=6ccf985f43e071b59454783a2dd4832c3d6f8aff09a03445d28042fba75b1e10&amp;smart=true&amp;width=768&amp;height=432&amp;quality=85\" media=\"(min-width: 768px)\" \/><source srcset=\"https:\/\/www.infobae.com\/resizer\/v2\/4OTIDGCCOZCAHBAQNUR5SAQJ2U.jpg?auth=6ccf985f43e071b59454783a2dd4832c3d6f8aff09a03445d28042fba75b1e10&amp;smart=true&amp;width=577&amp;height=325&amp;quality=85\" media=\"(min-width: 580px)\" \/><source srcset=\"https:\/\/www.infobae.com\/resizer\/v2\/4OTIDGCCOZCAHBAQNUR5SAQJ2U.jpg?auth=6ccf985f43e071b59454783a2dd4832c3d6f8aff09a03445d28042fba75b1e10&amp;smart=true&amp;width=420&amp;height=236&amp;quality=85\" media=\"(min-width: 350px)\" \/><source srcset=\"https:\/\/www.infobae.com\/resizer\/v2\/4OTIDGCCOZCAHBAQNUR5SAQJ2U.jpg?auth=6ccf985f43e071b59454783a2dd4832c3d6f8aff09a03445d28042fba75b1e10&amp;smart=true&amp;width=350&amp;height=197&amp;quality=85\" media=\"(min-width: 80px)\" \/><img loading=\"lazy\" decoding=\"async\" class=\"global-image\" src=\"https:\/\/www.infobae.com\/resizer\/v2\/4OTIDGCCOZCAHBAQNUR5SAQJ2U.jpg?auth=6ccf985f43e071b59454783a2dd4832c3d6f8aff09a03445d28042fba75b1e10&amp;smart=true&amp;width=350&amp;height=197&amp;quality=85\" alt=\"Romina Manguel, Maxi Montenegro y\" width=\"1920\" height=\"1080\" \/><\/picture><strong>Romina Manguel, Maxi Montenegro y Tato Young, en una emisi\u00f3n de \u00abAnimales Sueltos\u00bb<\/strong><\/div>\n<p class=\"paragraph\" data-mrf-recirculation=\"Links inline\"><strong>La propuesta del ciclo busca correrse del clima de tensi\u00f3n permanente que domina buena parte de la agenda medi\u00e1tica. Ella lo explica con una imagen cotidiana y elocuente: \u201cEst\u00e1 todo bastante \u00e1spero afuera como para que pongas la radio cuando volv\u00e9s de laburar, en el bondi o manejando, y escuch\u00e1s gente indignada en una mesa. Me parece que esa no va m\u00e1s\u201d.<\/strong><\/p>\n<p class=\"paragraph\" data-mrf-recirculation=\"Links inline\">En ese sentido, el tono c\u00e1lido y la cercan\u00eda con la audiencia se transformaron en una marca distintiva de la emisora en la que comparte grilla con figuras como Diego Iglesias, Ernesto Tenenbaum, Reynaldo Sietecase y Ale Bercovich.<b>\u00a0\u201cTenemos muchos matices, pero m\u00e1s puntos en com\u00fan que en disputa\u201d<\/b>, destac\u00f3 sobre la identidad colectiva de la radio.<\/p>\n<p class=\"paragraph\" data-mrf-recirculation=\"Links inline\">En paralelo, Romina se prepara para una nueva temporada de\u00a0<i><b>A confesi\u00f3n de parte<\/b><\/i><b>, su ciclo semanal de entrevistas que este a\u00f1o celebra una d\u00e9cada y fue declarado de inter\u00e9s general por la Legislatura porte\u00f1a<\/b>. Tras diez a\u00f1os en Milenium, el programa desembarca en Splendid 990\u00a0<i><b><\/b><\/i>(domingos de 11 a 12) sin perder su esencia: la charla profunda, sin apuros ni golpes de efecto.\u00a0<b>\u201cMe pone s\u00faper contenta tener una hora a la semana para hablar en profundidad, sin buscar el t\u00edtulo ni cortar al invitado.\u00a0<\/b>Es como decir: tom\u00e9monos un caf\u00e9 y charlemos.\u00a0<b>A m\u00ed me encanta charlar, me parece un arte que pocos saben hacer en radio\u201d<\/b>, revel\u00f3. La espontaneidad y el respeto por el otro son pilares de su conducci\u00f3n:\u00a0<b>\u201cEstamos todos corriendo toda la semana. \u00bfEn qu\u00e9 momento nos sentamos a pensar d\u00f3nde estamos parados?\u201d<\/b>.<\/p>\n<p class=\"paragraph\" data-mrf-recirculation=\"Links inline\">El reconocimiento que fue construyendo a lo largo de los a\u00f1os se refleja tambi\u00e9n en el v\u00ednculo con sus entrevistados y colegas. \u201cDespu\u00e9s de tantos a\u00f1os, te respetan porque saben que no sos alguien que pasa cinco minutos ni que busca fama.\u00a0<b>Yo empec\u00e9 a laburar a los 16, sirviendo caf\u00e9, hice todo el caminito que hab\u00eda que hacer<\/b>\u201d, recuerda, con la autoridad que da la experiencia.<\/p>\n<p class=\"paragraph\" data-mrf-recirculation=\"Links inline\">Ese recorrido tambi\u00e9n la devuelve a la televisi\u00f3n. En 2026,\u00a0<i>Opini\u00f3n P\u00fablica<\/i>\u00a0regresa a la pantalla de Canal 9 en su quinto a\u00f1o, esta vez con un cambio clave: pasa de los domingos a los mi\u00e9rcoles y se enfrenta al desaf\u00edo del prime time.\u00a0<b>\u201cEs un desaf\u00edo que me encanta\u201d<\/b>, admiti\u00f3.<\/p>\n<p class=\"paragraph\" data-mrf-recirculation=\"Links inline\">El clima distendido es parte de la impronta del ciclo: \u201cLo hago en zapatillas\u201d, dice entre risas, y agrega una definici\u00f3n que atraviesa toda su manera de trabajar:\u00a0<b>\u201cTrato a mis programas como a mi casa. La gente que viene es como si viniera a mi casa: hay gente que te cae mejor, gente que te cae peor, pero no dej\u00e1s de invitarlos\u201d<\/b>.<\/p>\n<div class=\"visual__image\"><picture><source srcset=\"https:\/\/www.infobae.com\/resizer\/v2\/ESNPLFB7AVFZRDVT3BAQVOSGEQ.jpg?auth=b4b9f118bf0e15f671ea8291d505be6fa84a1f8132f61438cfc28b820bbab4e8&amp;smart=true&amp;width=992&amp;height=1323&amp;quality=85\" media=\"(min-width: 1000px)\" \/><source srcset=\"https:\/\/www.infobae.com\/resizer\/v2\/ESNPLFB7AVFZRDVT3BAQVOSGEQ.jpg?auth=b4b9f118bf0e15f671ea8291d505be6fa84a1f8132f61438cfc28b820bbab4e8&amp;smart=true&amp;width=768&amp;height=1024&amp;quality=85\" media=\"(min-width: 768px)\" \/><source srcset=\"https:\/\/www.infobae.com\/resizer\/v2\/ESNPLFB7AVFZRDVT3BAQVOSGEQ.jpg?auth=b4b9f118bf0e15f671ea8291d505be6fa84a1f8132f61438cfc28b820bbab4e8&amp;smart=true&amp;width=577&amp;height=769&amp;quality=85\" media=\"(min-width: 580px)\" \/><source srcset=\"https:\/\/www.infobae.com\/resizer\/v2\/ESNPLFB7AVFZRDVT3BAQVOSGEQ.jpg?auth=b4b9f118bf0e15f671ea8291d505be6fa84a1f8132f61438cfc28b820bbab4e8&amp;smart=true&amp;width=420&amp;height=560&amp;quality=85\" media=\"(min-width: 350px)\" \/><source srcset=\"https:\/\/www.infobae.com\/resizer\/v2\/ESNPLFB7AVFZRDVT3BAQVOSGEQ.jpg?auth=b4b9f118bf0e15f671ea8291d505be6fa84a1f8132f61438cfc28b820bbab4e8&amp;smart=true&amp;width=350&amp;height=467&amp;quality=85\" media=\"(min-width: 80px)\" \/><img loading=\"lazy\" decoding=\"async\" class=\"global-image\" src=\"https:\/\/www.infobae.com\/resizer\/v2\/ESNPLFB7AVFZRDVT3BAQVOSGEQ.jpg?auth=b4b9f118bf0e15f671ea8291d505be6fa84a1f8132f61438cfc28b820bbab4e8&amp;smart=true&amp;width=350&amp;height=467&amp;quality=85\" alt=\"Romina Manguel en un instante\" width=\"960\" height=\"1280\" \/><\/picture><span style=\"font-size: 8pt;\"><strong>Romina Manguel en un instante de su programa de entrevistas que este a\u00f1o cambia de dial, de Milenium a Splendid<\/strong><\/span><\/div>\n<p class=\"paragraph\" data-mrf-recirculation=\"Links inline\">Con una mirada cr\u00edtica y nost\u00e1lgica, reflexion\u00f3 sobre los cambios en la formaci\u00f3n period\u00edstica. Evoc\u00f3 sus a\u00f1os en la redacci\u00f3n de\u00a0<i>Veintiuno<\/i>\u00a0y en el equipo de investigaci\u00f3n de Lanata, donde el aprendizaje se daba de manera casi natural, en el intercambio cotidiano con colegas y referentes del oficio.<\/p>\n<p class=\"paragraph\" data-mrf-recirculation=\"Links inline\"><b>\u201cDaba vuelta la silla y estaba Caparr\u00f3s; miraba para otro lado y estaba Mart\u00edn Sivak; Marcelo Zlotogwiazda, el propio Lanata. No ten\u00eda Google, ten\u00eda a estos tipos para preguntarles\u201d,<\/b>\u00a0record\u00f3. Frente al presente, marcado por el trabajo remoto, expresa su preocupaci\u00f3n:\u00a0<b>\u201cHoy muchos laburan solos desde sus casas. Antes, los compa\u00f1eros tambi\u00e9n cumpl\u00edan un rol formativo que hoy no s\u00e9 qui\u00e9n lo cumple\u201d.<\/b><\/p>\n<p class=\"paragraph\" data-mrf-recirculation=\"Links inline\">Sin caer en excusas, reconoci\u00f3 las dificultades del contexto actual: \u201cEs dif\u00edcil pensar en periodismo de calidad en estas condiciones. La formaci\u00f3n es clave, y hoy no veo claramente d\u00f3nde se da si no es leyendo, equivoc\u00e1ndose, practicando, saliendo a la calle\u201d.<\/p>\n<p class=\"paragraph\" data-mrf-recirculation=\"Links inline\">Lejos de cerrarse, Romina se muestra curiosa frente a los nuevos lenguajes. Su experiencia en una radio que transmite por streaming despert\u00f3 su inter\u00e9s por este nuevo canal de comunicaci\u00f3n:<b>\u00a0\u201cLe tengo ganas. S\u00e9 que es un lenguaje que me falta aprender, y eso me genera curiosidad\u201d.<\/b><\/p>\n<p class=\"paragraph\" data-mrf-recirculation=\"Links inline\">El v\u00ednculo con su audiencia tambi\u00e9n se extiende a las redes sociales, que maneja personalmente. All\u00ed responde mensajes y enfrenta a los haters con iron\u00eda y sin dramatizar: \u201cS\u00ed, manejo mis redes. A veces para el orto, qu\u00e9 s\u00e9 yo. O me dicen: \u2018\u00bfQu\u00e9 necesidad?\u2019.<\/p>\n<p class=\"paragraph\" data-mrf-recirculation=\"Links inline\">Porque s\u00ed, tengo ganas. Me divierte porque,<b>\u00a0en general, los haters no tienen muchos argumentos. \u2018Sos una boluda\u2019, \u2018no me gustas\u2019, \u2018est\u00e1s gorda\u2019, \u2018est\u00e1s flaca\u2019, \u2018est\u00e1s linda\u2019, \u2018est\u00e1s fea\u2019. Aj\u00e1, \u00bfY qu\u00e9 cambia eso cuando discutamos?\u00a0<\/b>Y en general no discuten, no hay discusiones interesantes de pol\u00edtica, de argumentos. Me divierte cuando la discusi\u00f3n va por otros&#8230; \u2018Ah, sos una boluda\u2019, dale, s\u00ed. Y eso no quita que vos sos un facho. La verdad que yo puedo ser toda la boluda que quieras, pero a vos lo facho no te lo saca nadie. S\u00ed, me divierte. La verdad que me divierte\u00bb.<\/p>\n<div class=\"visual__image\"><picture><source srcset=\"https:\/\/www.infobae.com\/resizer\/v2\/I7S6BDPODFAONI5J6OL2X4ENBE.jpg?auth=049756a34f00a0adeeb86431da94d8b49abff826d45bf1e058c6ac2059915323&amp;smart=true&amp;width=992&amp;height=966&amp;quality=85\" media=\"(min-width: 1000px)\" \/><source srcset=\"https:\/\/www.infobae.com\/resizer\/v2\/I7S6BDPODFAONI5J6OL2X4ENBE.jpg?auth=049756a34f00a0adeeb86431da94d8b49abff826d45bf1e058c6ac2059915323&amp;smart=true&amp;width=768&amp;height=748&amp;quality=85\" media=\"(min-width: 768px)\" \/><source srcset=\"https:\/\/www.infobae.com\/resizer\/v2\/I7S6BDPODFAONI5J6OL2X4ENBE.jpg?auth=049756a34f00a0adeeb86431da94d8b49abff826d45bf1e058c6ac2059915323&amp;smart=true&amp;width=577&amp;height=562&amp;quality=85\" media=\"(min-width: 580px)\" \/><source srcset=\"https:\/\/www.infobae.com\/resizer\/v2\/I7S6BDPODFAONI5J6OL2X4ENBE.jpg?auth=049756a34f00a0adeeb86431da94d8b49abff826d45bf1e058c6ac2059915323&amp;smart=true&amp;width=420&amp;height=409&amp;quality=85\" media=\"(min-width: 350px)\" \/><source srcset=\"https:\/\/www.infobae.com\/resizer\/v2\/I7S6BDPODFAONI5J6OL2X4ENBE.jpg?auth=049756a34f00a0adeeb86431da94d8b49abff826d45bf1e058c6ac2059915323&amp;smart=true&amp;width=350&amp;height=341&amp;quality=85\" media=\"(min-width: 80px)\" \/><img loading=\"lazy\" decoding=\"async\" class=\"global-image\" src=\"https:\/\/www.infobae.com\/resizer\/v2\/I7S6BDPODFAONI5J6OL2X4ENBE.jpg?auth=049756a34f00a0adeeb86431da94d8b49abff826d45bf1e058c6ac2059915323&amp;smart=true&amp;width=350&amp;height=341&amp;quality=85\" alt=\"Romina Manguel levanta el premio\" width=\"1920\" height=\"1869\" \/><\/picture><span style=\"font-size: 8pt;\"><strong>Romina Manguel levanta el premio a labor period\u00edstica por su programa Opini\u00f3n P\u00fablica. Detr\u00e1s, retir\u00e1ndose, una de las hijas de Jorge Lanata.<\/strong><\/span><\/div>\n<p class=\"paragraph\" data-mrf-recirculation=\"Links inline\">Uno de los reconocimientos a su trabajo de 2025 lleg\u00f3 cuando recibi\u00f3 el Mart\u00edn Fierro a Mejor labor period\u00edstica femenina por\u00a0<i>Opini\u00f3n P\u00fablica<\/i>. Aquella noche qued\u00f3 grabada por una imagen que dio que hablar:<b>\u00a0subi\u00f3 al escenario acompa\u00f1ada por B\u00e1rbara y Lola, las hijas de Jorge Lanata. \u201cSon mi familia. Est\u00e1bamos en la misma mesa. No fue una provocaci\u00f3n. Eran las hijas de mi amigo, las conozco desde que nacieron\u201d, aclar\u00f3 luego, conmovida.<\/b><\/p>\n<p class=\"paragraph\" data-mrf-recirculation=\"Links inline\">Atenta a la actualidad pol\u00edtica, Manguel no esquiva definiciones.\u00a0<b>Consultada por la presencia de Javier Milei en el espect\u00e1culo de F\u00e1tima Florez, fue contundente: \u201cNo me gusta. Me preocupan las cosas que hace cuando tiene injerencia en la gesti\u00f3n.<\/b>\u00a0Entiendo las cr\u00edticas, el timing, lo que est\u00e1 pasando en la Patagonia, en Chubut, y verlo arriba de un escenario. A m\u00ed me parece horrible\u201d. Sobre lo que viene, anticipa un a\u00f1o intenso:\u00a0<b>\u201cSin ser electoral, la gesti\u00f3n va a quedar m\u00e1s expuesta. Me interesa. Me parece que va a ser un a\u00f1o espectacular\u201d.<\/b><\/p>\n<p class=\"paragraph\" data-mrf-recirculation=\"Links inline\">El recuerdo de Jorge Lanata, figura clave en su vida profesional, aparece inevitablemente. \u00bfQu\u00e9 dir\u00eda hoy? Manguel duda y sonr\u00ede:<b>\u00a0<\/b>\u201c<b>Primero creo que sentir\u00eda una reivindicaci\u00f3n en lo que tuvo que ver con las condenas en las causas de corrupci\u00f3n,<\/b>\u00a0porque fue un tipo que le puso el cuerpo junto con su equipo de ese momento, y entonces sentir\u00eda una reivindicaci\u00f3n. Y de Milei ten\u00eda posiciones ambivalentes, pero lo mejor que ten\u00eda Jorge era que era impredecible. Entonces,\u00a0<b>cualquier cosa que yo pueda creer que Jorge hubiese dicho en este momento, seguro me hubiese equivocado\u201d<\/b>.<\/p>\n<p class=\"paragraph\" data-mrf-recirculation=\"Links inline\">Con la misma pasi\u00f3n de aquella adolescente que atend\u00eda tel\u00e9fonos, Romina Manguel encara un nuevo a\u00f1o, reafirmando una forma de hacer periodismo que apuesta al pensamiento cr\u00edtico, la charla honesta y la construcci\u00f3n colectiva. Una voz que, lejos de agotarse, sigue encontrando motivos para decir, escuchar y volver a empezar.<\/p>\n<p data-mrf-recirculation=\"Links inline\"><strong><span style=\"font-size: 10pt;\">Por <a class=\"author-name\" href=\"https:\/\/www.infobae.com\/autor\/sebastian-volterri\/\" aria-label=\"Sebasti\u00e1n Volterri\">Sebasti\u00e1n Volterri \u00a0<\/a>https:\/\/www.infobae.com\/teleshow<\/span><\/strong><\/p>\n<\/div>\n<\/article>\n","protected":false},"excerpt":{"rendered":"<p>\u201cTrato a mis programas como a mi casa\u201d, La reconocida periodista analiz\u00f3 el presente de la profesi\u00f3n y la coyuntura pol\u00edtica. Un repaso por su recorrido y el recuerdo de Jorge Lanata. Romina Manguel se prepara para volver a ser parte de la radio y la televisi\u00f3n en este 2026 A pocos d\u00edas de un &hellip;<\/p>\n","protected":false},"author":2,"featured_media":14316,"comment_status":"open","ping_status":"open","sticky":false,"template":"","format":"standard","meta":{"footnotes":""},"categories":[54,33],"tags":[1813],"class_list":["post-14315","post","type-post","status-publish","format-standard","has-post-thumbnail","hentry","category-interes-ganeral","category-nacionales","tag-romina-manguel"],"_links":{"self":[{"href":"https:\/\/cafeprensa.com.ar\/index.php\/wp-json\/wp\/v2\/posts\/14315","targetHints":{"allow":["GET"]}}],"collection":[{"href":"https:\/\/cafeprensa.com.ar\/index.php\/wp-json\/wp\/v2\/posts"}],"about":[{"href":"https:\/\/cafeprensa.com.ar\/index.php\/wp-json\/wp\/v2\/types\/post"}],"author":[{"embeddable":true,"href":"https:\/\/cafeprensa.com.ar\/index.php\/wp-json\/wp\/v2\/users\/2"}],"replies":[{"embeddable":true,"href":"https:\/\/cafeprensa.com.ar\/index.php\/wp-json\/wp\/v2\/comments?post=14315"}],"version-history":[{"count":1,"href":"https:\/\/cafeprensa.com.ar\/index.php\/wp-json\/wp\/v2\/posts\/14315\/revisions"}],"predecessor-version":[{"id":14317,"href":"https:\/\/cafeprensa.com.ar\/index.php\/wp-json\/wp\/v2\/posts\/14315\/revisions\/14317"}],"wp:featuredmedia":[{"embeddable":true,"href":"https:\/\/cafeprensa.com.ar\/index.php\/wp-json\/wp\/v2\/media\/14316"}],"wp:attachment":[{"href":"https:\/\/cafeprensa.com.ar\/index.php\/wp-json\/wp\/v2\/media?parent=14315"}],"wp:term":[{"taxonomy":"category","embeddable":true,"href":"https:\/\/cafeprensa.com.ar\/index.php\/wp-json\/wp\/v2\/categories?post=14315"},{"taxonomy":"post_tag","embeddable":true,"href":"https:\/\/cafeprensa.com.ar\/index.php\/wp-json\/wp\/v2\/tags?post=14315"}],"curies":[{"name":"wp","href":"https:\/\/api.w.org\/{rel}","templated":true}]}}