{"id":1437,"date":"2024-02-29T15:24:21","date_gmt":"2024-02-29T14:24:21","guid":{"rendered":"https:\/\/cafeprensa.com.ar\/?p=1437"},"modified":"2024-02-29T15:24:57","modified_gmt":"2024-02-29T14:24:57","slug":"la-ex-del-tucumano-exequiel-palacios-finalmente-vendio-la-medalla-de-qatar-2022-para-pagar-su-departamento","status":"publish","type":"post","link":"https:\/\/cafeprensa.com.ar\/index.php\/2024\/02\/29\/la-ex-del-tucumano-exequiel-palacios-finalmente-vendio-la-medalla-de-qatar-2022-para-pagar-su-departamento\/","title":{"rendered":"La ex del tucumano Exequiel Palacios finalmente vendi\u00f3 la medalla de Qatar 2022 para pagar su departamento."},"content":{"rendered":"<div class=\"container\">\n<div class=\"row publicidadTop\">\n<div class=\"pubGoogle row\">\n<div class=\"col-lg-4 col-sm-4 col-md-4 col-xs-12 text-right\">La influencer hab\u00eda anticipado que vender\u00eda todos los recuerdos del mundial que ten\u00eda el tucumano. Cerca de la medianoche, comparti\u00f3 fotos con los compradores en Instagram.<\/div>\n<\/div>\n<\/div>\n<\/div>\n<div class=\"container\">\n<div class=\"row\">\n<div class=\"col-lg-8 col-sm-8 col-xs-12\">\n<p><span style=\"font-family: arial;\"><b>Y\u00e9sica Fr\u00edas, exesposa del futbolista tucumano Exequiel Palacios (nacido en Famaill\u00e1), finalmente vendi\u00f3 la camiseta y la medalla de campe\u00f3n del mundo de Qatar 2022 del futbolista. En medio de la disputa financiera por el divorcio, puso en venta las reliquias del ex River y comparti\u00f3 en sus historias de Instagram fotos de los compradores. <\/b><\/span><span style=\"font-family: arial;\">Seg\u00fan explic\u00f3, Fr\u00edas tom\u00f3 la tajante determinaci\u00f3n para pagar una deuda de un departamento en Tigre.\u00a0<\/span><em><strong>Palacios juega en Bayer 04 Leverkusen, en Alemania.<\/strong><\/em><\/p>\n<div>\n<p><img decoding=\"async\" class=\"img-responsive\" src=\"https:\/\/tn.com.ar\/resizer\/NmEx7TzRYetxSSs8dexp3A71B04=\/1440x0\/smart\/filters:format(webp)\/cloudfront-us-east-1.images.arcpublishing.com\/artear\/622FIVN2BFFPXO65Z76WN7NLGA.jpg\" width=\"500\" \/><\/p>\n<\/div>\n<div><span style=\"font-family: arial;\">\u201cEl departamento no lo quiere terminar de pagar porque no sab\u00eda si le iba a quedar a \u00e9l o no\u201d, hab\u00eda dicho en Socios del Espect\u00e1culo (eltrece). Y en ese sentido, agreg\u00f3: \u201cQuiero que me firme el divorcio. Yo solo le pido lo que me corresponde, ni siquiera los bienes gananciales que tiene en Alemania\u201d.<\/span><\/div>\n<div><span style=\"font-family: arial;\"><b>Cerca de la medianoche y en medio de las especulaciones sobre la veracidad de sus dichos, finalmente se conoci\u00f3 que hab\u00eda vendido la medalla y la camiseta argentina del tucumano.\u00a0<\/b><\/span><\/div>\n<div><span style=\"font-family: arial;\">En sus historias de Instagram, comparti\u00f3 una foto junto al hombre que compr\u00f3 la casaca de la Selecci\u00f3n. \u201cEl comprador de la primera camiseta, una cuota menos\u201d, escribi\u00f3 Y\u00e9sica.<\/span><\/div>\n<p><span style=\"font-family: arial;\">Una hora m\u00e1s tarde, resubi\u00f3 una foto del comprador de la medalla de campe\u00f3n del mundo en Qatar 2022. \u201cCon el amigo @alexistroncoso95 y @yesifrias, gracias por la atenci\u00f3n amiga, ojal\u00e1 sirva la venta\u201d, fue el mensaje que acompa\u00f1\u00f3 la postal.<br \/>\n<img decoding=\"async\" class=\"img-responsive\" src=\"https:\/\/tn.com.ar\/resizer\/fbR6VNNX3jvOr84yaf7GlI-j4Zw=\/1440x0\/smart\/filters:format(webp)\/cloudfront-us-east-1.images.arcpublishing.com\/artear\/SOY4TWDRMNF7VEPFAZOMSWAYYM.jpg\" width=\"500\" \/><b><u><br \/>\n<\/u><\/b><\/span><\/p>\n<div>\n<div><span style=\"font-family: arial;\"><b><u>\u201cVoy a subastar todo para pagar el departamento\u201d<\/u><\/b><br \/>\nLa expareja de Palacios cont\u00f3 que que, ante esta situaci\u00f3n, tom\u00f3 una decisi\u00f3n l\u00edmite: \u201cVoy a vender todas las camisetas y la medalla del campe\u00f3n del mundo para pagar el departamento. Yo trato de trabajar, pero estuve cuatro a\u00f1os al lado de \u00e9l\u201d.<br \/>\nY, en una declaraci\u00f3n que llam\u00f3 la atenci\u00f3n, Fr\u00edas insinu\u00f3 tener informaci\u00f3n impactante sobre la Selecci\u00f3n argentina, sin dar ning\u00fan detalle. \u201cA \u00e9l le conviene que yo me calle. Hay cosas que s\u00e9 de la Selecci\u00f3n que no dije\u201d, afirm\u00f3.<br \/>\nExequiel Palacios (24) y Yesica Fr\u00edas (30) se separaron en t\u00e9rminos escandalosos luego de haberse casado casi en secreto en julio de 2021. Hace ya algunos meses la empresaria decidi\u00f3 hacer p\u00fablico el final de la pareja, como tambi\u00e9n una serie de graves acusaciones contra su ya exmarido.<\/span><\/div>\n<p><img decoding=\"async\" class=\"img-responsive\" src=\"https:\/\/tn.com.ar\/resizer\/MnJCPKCBnBz0pFadI7jMMUSAReI=\/1440x0\/smart\/filters:format(webp)\/cloudfront-us-east-1.images.arcpublishing.com\/artear\/7UM2WHFLBRDCFEPQF5S4XLVFWU.jpg\" width=\"700\" \/><\/p>\n<\/div>\n<\/div>\n<\/div>\n<\/div>\n","protected":false},"excerpt":{"rendered":"<p>La influencer hab\u00eda anticipado que vender\u00eda todos los recuerdos del mundial que ten\u00eda el tucumano. Cerca de la medianoche, comparti\u00f3 fotos con los compradores en Instagram. Y\u00e9sica Fr\u00edas, exesposa del futbolista tucumano Exequiel Palacios (nacido en Famaill\u00e1), finalmente vendi\u00f3 la camiseta y la medalla de campe\u00f3n del mundo de Qatar 2022 del futbolista. En medio &hellip;<\/p>\n","protected":false},"author":2,"featured_media":1438,"comment_status":"open","ping_status":"open","sticky":false,"template":"","format":"standard","meta":{"footnotes":""},"categories":[29,33],"tags":[171,172],"class_list":["post-1437","post","type-post","status-publish","format-standard","has-post-thumbnail","hentry","category-deportes","category-nacionales","tag-exequiel-palacios","tag-mundial-2022"],"_links":{"self":[{"href":"https:\/\/cafeprensa.com.ar\/index.php\/wp-json\/wp\/v2\/posts\/1437","targetHints":{"allow":["GET"]}}],"collection":[{"href":"https:\/\/cafeprensa.com.ar\/index.php\/wp-json\/wp\/v2\/posts"}],"about":[{"href":"https:\/\/cafeprensa.com.ar\/index.php\/wp-json\/wp\/v2\/types\/post"}],"author":[{"embeddable":true,"href":"https:\/\/cafeprensa.com.ar\/index.php\/wp-json\/wp\/v2\/users\/2"}],"replies":[{"embeddable":true,"href":"https:\/\/cafeprensa.com.ar\/index.php\/wp-json\/wp\/v2\/comments?post=1437"}],"version-history":[{"count":2,"href":"https:\/\/cafeprensa.com.ar\/index.php\/wp-json\/wp\/v2\/posts\/1437\/revisions"}],"predecessor-version":[{"id":1440,"href":"https:\/\/cafeprensa.com.ar\/index.php\/wp-json\/wp\/v2\/posts\/1437\/revisions\/1440"}],"wp:featuredmedia":[{"embeddable":true,"href":"https:\/\/cafeprensa.com.ar\/index.php\/wp-json\/wp\/v2\/media\/1438"}],"wp:attachment":[{"href":"https:\/\/cafeprensa.com.ar\/index.php\/wp-json\/wp\/v2\/media?parent=1437"}],"wp:term":[{"taxonomy":"category","embeddable":true,"href":"https:\/\/cafeprensa.com.ar\/index.php\/wp-json\/wp\/v2\/categories?post=1437"},{"taxonomy":"post_tag","embeddable":true,"href":"https:\/\/cafeprensa.com.ar\/index.php\/wp-json\/wp\/v2\/tags?post=1437"}],"curies":[{"name":"wp","href":"https:\/\/api.w.org\/{rel}","templated":true}]}}