{"id":1446,"date":"2024-02-29T22:17:02","date_gmt":"2024-02-29T21:17:02","guid":{"rendered":"https:\/\/cafeprensa.com.ar\/?p=1446"},"modified":"2024-02-29T22:17:02","modified_gmt":"2024-02-29T21:17:02","slug":"paro-de-colectivos-para-el-proximo-martes","status":"publish","type":"post","link":"https:\/\/cafeprensa.com.ar\/index.php\/2024\/02\/29\/paro-de-colectivos-para-el-proximo-martes\/","title":{"rendered":"Paro de colectivos para el pr\u00f3ximo martes"},"content":{"rendered":"<div class=\"col-xl-10 col-lg-10 col-md-10\">\n<div class=\"articleHead \">\n<p id=\"spksumary\">La medida de fuerza fue confirmada por la UTA luego de que finalizara la conciliaci\u00f3n obligatoria en la Secretar\u00eda de Trabajo.<\/p>\n<\/div>\n<\/div>\n<div class=\"col-xl-9 col-lg-10 col-md-12\">\n<div id=\"articleContent\" class=\"row justify-content-center\">\n<div class=\"col-xl-10\">\n<div class=\"articleBody\" data-mrf-recirculation=\"articleBody\">\n<p>La\u00a0<a href=\"https:\/\/www.lagaceta.com.ar\/tags\/1934\/union-tranviarios-automotor\" data-mrf-link=\"https:\/\/www.lagaceta.com.ar\/tags\/1934\/union-tranviarios-automotor\"><strong>Uni\u00f3n Tranviarios Automotor (UTA)<\/strong><\/a>\u00a0llevar\u00e1 adelante un nuevo\u00a0<a href=\"https:\/\/www.lagaceta.com.ar\/tags\/98358\/crisis-transporte\" data-mrf-link=\"https:\/\/www.lagaceta.com.ar\/tags\/98358\/crisis-transporte\"><strong>paro de colectivos<\/strong><\/a> en el interior del pa\u00eds. La medida de fuerza ser\u00e1 el pr\u00f3ximo martes 5 de marzo y se extender\u00e1 por 24 horas. El anuncio fue realizado por la Asociaci\u00f3n Argentina de Empresas de Transporte Automotor (Aaeta), entidad que representa a m\u00e1s de 40 empresas dedicadas al transporte terrestre de pasajeros.<\/p>\n<\/div>\n<\/div>\n<div class=\"col-xl-10\">\n<div class=\"articleBody\" data-mrf-recirculation=\"articleBody\">\n<p>La medida fue adoptada despu\u00e9s de que no se llegara a un acuerdo durante la audiencia entre las compa\u00f1\u00edas de transporte de todo el pa\u00eds y los trabajadores del sector, llevada a cabo en las instalaciones de la Secretar\u00eda de Trabajo.<\/p>\n<\/div>\n<\/div>\n<div class=\"col-xl-10\">\n<div class=\"articleBody\" data-mrf-recirculation=\"articleBody\">\n<p>A trav\u00e9s de un comunicado, AETAT inform\u00f3 que \u00aben atenci\u00f3n al vencimiento del per\u00edodo de conciliaci\u00f3n laboral impuesto, y tras dos meses sin ofrecimiento salarial alguno y a la profundizaci\u00f3n del conflicto, informamos que se ha resuelto la adopci\u00f3n de una medida de acci\u00f3n gremial, consistente en un paro por 24 horas durante toda la jornada del d\u00eda martes 5 de marzo de 2024\u00bb.<\/p>\n<\/div>\n<\/div>\n<div class=\"col-xl-10\">\n<div class=\"articleBody\" data-mrf-recirculation=\"articleBody\">\n<p>Y agreg\u00f3 que tendr\u00e1 una nueva audiencia virtual el 7 de marzo a las 13 para \u00abmonitorear el estado de la situaci\u00f3n\u00bb y establecer nuevas medidas.<\/p>\n<\/div>\n<\/div>\n<\/div>\n<\/div>\n","protected":false},"excerpt":{"rendered":"<p>La medida de fuerza fue confirmada por la UTA luego de que finalizara la conciliaci\u00f3n obligatoria en la Secretar\u00eda de Trabajo. La\u00a0Uni\u00f3n Tranviarios Automotor (UTA)\u00a0llevar\u00e1 adelante un nuevo\u00a0paro de colectivos en el interior del pa\u00eds. La medida de fuerza ser\u00e1 el pr\u00f3ximo martes 5 de marzo y se extender\u00e1 por 24 horas. El anuncio fue &hellip;<\/p>\n","protected":false},"author":2,"featured_media":1447,"comment_status":"open","ping_status":"open","sticky":false,"template":"","format":"standard","meta":{"footnotes":""},"categories":[54,33],"tags":[174,127],"class_list":["post-1446","post","type-post","status-publish","format-standard","has-post-thumbnail","hentry","category-interes-ganeral","category-nacionales","tag-paro-de-colectivo","tag-uta"],"_links":{"self":[{"href":"https:\/\/cafeprensa.com.ar\/index.php\/wp-json\/wp\/v2\/posts\/1446","targetHints":{"allow":["GET"]}}],"collection":[{"href":"https:\/\/cafeprensa.com.ar\/index.php\/wp-json\/wp\/v2\/posts"}],"about":[{"href":"https:\/\/cafeprensa.com.ar\/index.php\/wp-json\/wp\/v2\/types\/post"}],"author":[{"embeddable":true,"href":"https:\/\/cafeprensa.com.ar\/index.php\/wp-json\/wp\/v2\/users\/2"}],"replies":[{"embeddable":true,"href":"https:\/\/cafeprensa.com.ar\/index.php\/wp-json\/wp\/v2\/comments?post=1446"}],"version-history":[{"count":1,"href":"https:\/\/cafeprensa.com.ar\/index.php\/wp-json\/wp\/v2\/posts\/1446\/revisions"}],"predecessor-version":[{"id":1448,"href":"https:\/\/cafeprensa.com.ar\/index.php\/wp-json\/wp\/v2\/posts\/1446\/revisions\/1448"}],"wp:featuredmedia":[{"embeddable":true,"href":"https:\/\/cafeprensa.com.ar\/index.php\/wp-json\/wp\/v2\/media\/1447"}],"wp:attachment":[{"href":"https:\/\/cafeprensa.com.ar\/index.php\/wp-json\/wp\/v2\/media?parent=1446"}],"wp:term":[{"taxonomy":"category","embeddable":true,"href":"https:\/\/cafeprensa.com.ar\/index.php\/wp-json\/wp\/v2\/categories?post=1446"},{"taxonomy":"post_tag","embeddable":true,"href":"https:\/\/cafeprensa.com.ar\/index.php\/wp-json\/wp\/v2\/tags?post=1446"}],"curies":[{"name":"wp","href":"https:\/\/api.w.org\/{rel}","templated":true}]}}