{"id":14492,"date":"2026-02-02T15:10:52","date_gmt":"2026-02-02T14:10:52","guid":{"rendered":"https:\/\/cafeprensa.com.ar\/?p=14492"},"modified":"2026-02-02T15:10:52","modified_gmt":"2026-02-02T14:10:52","slug":"vuelven-los-creditos-anses-quienes-podrian-acceder-a-los-nuevos-prestamos-y-cual-seria-el-monto-maximo","status":"publish","type":"post","link":"https:\/\/cafeprensa.com.ar\/index.php\/2026\/02\/02\/vuelven-los-creditos-anses-quienes-podrian-acceder-a-los-nuevos-prestamos-y-cual-seria-el-monto-maximo\/","title":{"rendered":"\u00bfVuelven los cr\u00e9ditos ANSES?: qui\u00e9nes podr\u00edan acceder a los nuevos pr\u00e9stamos y cu\u00e1l ser\u00eda el monto m\u00e1ximo"},"content":{"rendered":"<header class=\"article-top\">\n<div class=\"epigraph full padding-lr\">De aprobarse la ley, el universo de beneficiarios ser\u00eda amplio e incluir\u00eda a sectores que tienen dificultades para acceder al sistema bancario tradicional<\/div>\n<\/header>\n<div class=\"article-content full padding-lr\">\n<p data-mrf-recirculation=\"Links art\u00edculo\"><strong>Luego de haber sido eliminados por el Decreto 421\/2025, los\u00a0cr\u00e9ditos\u00a0<a href=\"https:\/\/www.iprofesional.com\/actualidad\/445991-anses-aumenta-jubilaciones-y-asignaciones-tras-dato-inflacion-cuanto-se-cobrara-febrero-2026\" target=\"_blank\" rel=\"noopener noreferrer\" data-mrf-link=\"https:\/\/www.iprofesional.com\/actualidad\/445991-anses-aumenta-jubilaciones-y-asignaciones-tras-dato-inflacion-cuanto-se-cobrara-febrero-2026\">ANSES<\/a>\u00a0regresaron a la agenda legislativa. Diputados de distintos bloques opositores presentaron un proyecto de ley que busca restituir esta herramienta de financiamiento a partir de este a\u00f1o, bajo un nuevo esquema y con un destino espec\u00edfico.<\/strong><\/p>\n<p data-mrf-recirculation=\"Links art\u00edculo\">La iniciativa comenzar\u00e1 a debatirse desde el 1\u00b0 de marzo, con el inicio de las sesiones ordinarias del Congreso Nacional, y lleva el nombre de \u00ab<strong>Programa de desendeudamiento de las familias argentinas<\/strong>\u00ab.<\/p>\n<h2>Cr\u00e9dito ANSES: nuevo programa para cancelar deudas y evitar tasas abusivas<\/h2>\n<p data-mrf-recirculation=\"Links art\u00edculo\">A diferencia de versiones anteriores, el nuevo programa no permitir\u00eda el uso del dinero para consumo ni extracci\u00f3n de efectivo.\u00a0Los\u00a0<a href=\"https:\/\/www.iprofesional.com\/actualidad\/447142-saldo-negativo-en-sube-hasta-que-monto-se-puede-viajar-sin-credito-en-febrero-2026\" target=\"_blank\" rel=\"noopener noreferrer\" data-mrf-link=\"https:\/\/www.iprofesional.com\/actualidad\/447142-saldo-negativo-en-sube-hasta-que-monto-se-puede-viajar-sin-credito-en-febrero-2026\">cr\u00e9ditos<\/a>\u00a0estar\u00edan destinados exclusivamente a cancelar deudas existentes, como saldos de tarjetas de cr\u00e9dito o compromisos asumidos con bancos, financieras, fintechs o mutuales.<\/p>\n<p data-mrf-recirculation=\"Links art\u00edculo\"><strong>Seg\u00fan el proyecto, el objetivo central es evitar que los sectores m\u00e1s vulnerables contin\u00faen recurriendo a pr\u00e9stamos con tasas elevadas, ofreciendo en su lugar una alternativa con condiciones m\u00e1s favorables y controladas.<\/strong><\/p>\n<h2>Qui\u00e9nes podr\u00edan acceder a los nuevos cr\u00e9ditos ANSES<\/h2>\n<p data-mrf-recirculation=\"Links art\u00edculo\">De aprobarse la ley, el universo de beneficiarios ser\u00eda amplio e incluir\u00eda a sectores que hoy tienen dificultades para acceder al\u00a0<strong>sistema bancario tradicional<\/strong>. Podr\u00edan solicitar los nuevos cr\u00e9ditos ANSES:<\/p>\n<ul>\n<li><strong><a href=\"https:\/\/www.iprofesional.com\/salud\/447116-pami-lanzo-boton-emergencia-jubilados-y-pensionados\" target=\"_blank\" rel=\"noopener noreferrer\">Jubilados y pensionados<\/a>\u00a0del SIPA que cobren hasta seis haberes m\u00ednimos.<\/strong><\/li>\n<li><strong>Beneficiarios de la Asignaci\u00f3n Universal por Hijo (AUH).<\/strong><\/li>\n<li><strong>Titulares de la Asignaci\u00f3n por Embarazo.<\/strong><\/li>\n<li><strong>Beneficiarios de Pensiones No Contributivas (PNC).<\/strong><\/li>\n<li><strong>Trabajadores registrados con ingresos de hasta seis salarios m\u00ednimos.<\/strong><\/li>\n<li><strong>Empleados del servicio dom\u00e9stico registrados bajo la Ley 26.844.<\/strong><\/li>\n<li><strong>Monotributistas inscriptos en las categor\u00edas A, B, C y D.<\/strong><\/li>\n<\/ul>\n<h2>Montos, tasas y condiciones del programa<\/h2>\n<p data-mrf-recirculation=\"Links art\u00edculo\">El proyecto establece que el\u00a0<strong>monto m\u00e1ximo del pr\u00e9stamo ser\u00e1 de hasta $1.500.000 por solicitante<\/strong>, con actualizaciones autom\u00e1ticas en funci\u00f3n del Salario M\u00ednimo, Vital y M\u00f3vil.<\/p>\n<p data-mrf-recirculation=\"Links art\u00edculo\">En cuanto al costo financiero, la tasa de inter\u00e9s ser\u00eda la Tasa Mayorista de Argentina (TAMAR) m\u00e1s 10 puntos porcentuales, ubic\u00e1ndose por debajo de los costos habituales de las tarjetas de cr\u00e9dito. Adem\u00e1s, la cuota mensual no podr\u00e1 superar el 30% del ingreso neto del beneficiario, con el fin de garantizar la sostenibilidad del pago.<\/p>\n<h2>C\u00f3mo funcionar\u00e1 la operatoria del cr\u00e9dito<\/h2>\n<p data-mrf-recirculation=\"Links art\u00edculo\"><strong>La operatoria ser\u00eda completamente digital a trav\u00e9s de la web oficial de ANSES<\/strong>. Al momento de realizar la solicitud, el interesado deber\u00e1 indicar a qu\u00e9 entidad mantiene la deuda y el organismo previsional se encargar\u00e1 <strong>de transferir los fondos de manera directa para cancelarla.<\/strong><\/p>\n<p data-mrf-recirculation=\"Links art\u00edculo\"><strong>Luego, las cuotas del nuevo cr\u00e9dito se descontar\u00e1n autom\u00e1ticamente de los haberes previsionales, asignaciones o ingresos declarados, seg\u00fan corresponda.<\/strong><\/p>\n<p data-mrf-recirculation=\"Links art\u00edculo\">La fuente de financiamiento del programa ser\u00eda el\u00a0<strong>Fondo de Garant\u00eda de Sustentabilidad (FGS)<\/strong>. Seg\u00fan el texto del proyecto, los pr\u00e9stamos se otorgar\u00edan a tasas de mercado, sin comprometer el equilibrio fiscal del fondo.<\/p>\n<p data-mrf-recirculation=\"Links art\u00edculo\"><strong>Cabe recordar que al eliminar los cr\u00e9ditos ANSES en 2025, el presidente Javier Milei sostuvo que el financiamiento deb\u00eda quedar en manos del sector privado. Para que esta nueva propuesta avance, deber\u00e1 superar el debate parlamentario y obtener la aprobaci\u00f3n del Congreso en los pr\u00f3ximos meses.<\/strong><\/p>\n<\/div>\n","protected":false},"excerpt":{"rendered":"<p>De aprobarse la ley, el universo de beneficiarios ser\u00eda amplio e incluir\u00eda a sectores que tienen dificultades para acceder al sistema bancario tradicional Luego de haber sido eliminados por el Decreto 421\/2025, los\u00a0cr\u00e9ditos\u00a0ANSES\u00a0regresaron a la agenda legislativa. Diputados de distintos bloques opositores presentaron un proyecto de ley que busca restituir esta herramienta de financiamiento a &hellip;<\/p>\n","protected":false},"author":2,"featured_media":14493,"comment_status":"open","ping_status":"open","sticky":false,"template":"","format":"standard","meta":{"footnotes":""},"categories":[54,33],"tags":[2972],"class_list":["post-14492","post","type-post","status-publish","format-standard","has-post-thumbnail","hentry","category-interes-ganeral","category-nacionales","tag-anses-creditos"],"_links":{"self":[{"href":"https:\/\/cafeprensa.com.ar\/index.php\/wp-json\/wp\/v2\/posts\/14492","targetHints":{"allow":["GET"]}}],"collection":[{"href":"https:\/\/cafeprensa.com.ar\/index.php\/wp-json\/wp\/v2\/posts"}],"about":[{"href":"https:\/\/cafeprensa.com.ar\/index.php\/wp-json\/wp\/v2\/types\/post"}],"author":[{"embeddable":true,"href":"https:\/\/cafeprensa.com.ar\/index.php\/wp-json\/wp\/v2\/users\/2"}],"replies":[{"embeddable":true,"href":"https:\/\/cafeprensa.com.ar\/index.php\/wp-json\/wp\/v2\/comments?post=14492"}],"version-history":[{"count":1,"href":"https:\/\/cafeprensa.com.ar\/index.php\/wp-json\/wp\/v2\/posts\/14492\/revisions"}],"predecessor-version":[{"id":14494,"href":"https:\/\/cafeprensa.com.ar\/index.php\/wp-json\/wp\/v2\/posts\/14492\/revisions\/14494"}],"wp:featuredmedia":[{"embeddable":true,"href":"https:\/\/cafeprensa.com.ar\/index.php\/wp-json\/wp\/v2\/media\/14493"}],"wp:attachment":[{"href":"https:\/\/cafeprensa.com.ar\/index.php\/wp-json\/wp\/v2\/media?parent=14492"}],"wp:term":[{"taxonomy":"category","embeddable":true,"href":"https:\/\/cafeprensa.com.ar\/index.php\/wp-json\/wp\/v2\/categories?post=14492"},{"taxonomy":"post_tag","embeddable":true,"href":"https:\/\/cafeprensa.com.ar\/index.php\/wp-json\/wp\/v2\/tags?post=14492"}],"curies":[{"name":"wp","href":"https:\/\/api.w.org\/{rel}","templated":true}]}}