{"id":14512,"date":"2026-02-02T23:52:32","date_gmt":"2026-02-02T22:52:32","guid":{"rendered":"https:\/\/cafeprensa.com.ar\/?p=14512"},"modified":"2026-02-02T23:52:32","modified_gmt":"2026-02-02T22:52:32","slug":"el-gobernador-saenz-oficializo-los-test-toxicologicos-obligatorios-para-funcionarios","status":"publish","type":"post","link":"https:\/\/cafeprensa.com.ar\/index.php\/2026\/02\/02\/el-gobernador-saenz-oficializo-los-test-toxicologicos-obligatorios-para-funcionarios\/","title":{"rendered":"El gobernador Saenz oficializ\u00f3 los test toxicol\u00f3gicos obligatorios para funcionarios"},"content":{"rendered":"<div class=\"the-post-header s-head-modern s-head-modern-a has-share-meta-right\">\n<div class=\"post-meta post-meta-a post-meta-left post-meta-single has-below\">\n<div class=\"meta-below-has-right\">\n<div class=\"post-share post-share-b spc-social-colors  post-share-b3 post-share-b-circles post-share-b3-circles\">El Gobierno provincial public\u00f3 el decreto de necesidad y urgencia que impone ex\u00e1menes toxicol\u00f3gicos sorpresivos a funcionarios de los tres poderes del Estado y de los municipios.<\/div>\n<div class=\"post-share post-share-b spc-social-colors  post-share-b3 post-share-b-circles post-share-b3-circles\"><strong>El Gobierno de la Provincia de Salta oficializ\u00f3 este mi\u00e9rcoles, a trav\u00e9s del Bolet\u00edn Oficial, el Decreto de Necesidad y Urgencia N\u00ba 32, que establece la obligatoriedad de ex\u00e1menes toxicol\u00f3gicos para asumir o permanecer en cargos p\u00fablicos, tanto en el \u00e1mbito provincial como municipal.<\/strong><\/div>\n<div><img loading=\"lazy\" decoding=\"async\" class=\"alignnone wp-image-14488 size-full\" src=\"https:\/\/cafeprensa.com.ar\/wp-content\/uploads\/2026\/02\/970x250-2.gif\" alt=\"\" width=\"970\" height=\"250\" \/><\/div>\n<\/div>\n<\/div>\n<\/div>\n<div class=\"the-post s-post-modern\">\n<article id=\"post-82748\" class=\"post-82748 post type-post status-publish format-standard has-post-thumbnail category-salta\">\n<div class=\"post-content-wrap has-share-float\">\n<div class=\"post-content cf entry-content content-spacious\">\n<p>La medida alcanza a funcionarios de los tres poderes del Estado, organismos de control y autoridades municipales, incluyendo al gobernador y vicegobernador, ministros, legisladores, jueces, intendentes, concejales y a toda persona que ingrese a la administraci\u00f3n p\u00fablica en los cargos detallados por la norma.<\/p>\n<div class=\"code-block code-block-1\"><\/div>\n<p><strong>Seg\u00fan los fundamentos del decreto, el Ejecutivo sostiene que la iniciativa busca garantizar la idoneidad, la aptitud f\u00edsica y ps\u00edquica, y la integridad moral de quienes ejercen funciones p\u00fablicas, en l\u00ednea con los principios de transparencia y confianza ciudadana establecidos en la Constituci\u00f3n provincial.<img loading=\"lazy\" decoding=\"async\" class=\"alignnone wp-image-14514 size-full\" src=\"https:\/\/cafeprensa.com.ar\/wp-content\/uploads\/2026\/02\/gabinete-1024x576-1.jpg\" alt=\"\" width=\"1024\" height=\"576\" srcset=\"https:\/\/cafeprensa.com.ar\/wp-content\/uploads\/2026\/02\/gabinete-1024x576-1.jpg 1024w, https:\/\/cafeprensa.com.ar\/wp-content\/uploads\/2026\/02\/gabinete-1024x576-1-300x169.jpg 300w, https:\/\/cafeprensa.com.ar\/wp-content\/uploads\/2026\/02\/gabinete-1024x576-1-768x432.jpg 768w, https:\/\/cafeprensa.com.ar\/wp-content\/uploads\/2026\/02\/gabinete-1024x576-1-390x220.jpg 390w\" sizes=\"auto, (max-width: 1024px) 100vw, 1024px\" \/><\/strong><\/p>\n<p>El texto dispone que los test toxicol\u00f3gicos ser\u00e1n sorpresivos, se realizar\u00e1n en el lugar de trabajo y mediante pruebas r\u00e1pidas homologadas por la autoridad sanitaria, respetando principios como la confidencialidad, la protecci\u00f3n de datos personales y el debido proceso.<\/p>\n<p><strong>En caso de que el primer test arroje un resultado positivo, se deber\u00e1 efectuar de manera inmediata un an\u00e1lisis confirmatorio en un laboratorio habilitado, con resguardo de la cadena de custodia. Adem\u00e1s, el funcionario tendr\u00e1 derecho a solicitar una contraprueba dentro de las 24 horas, a su cargo y bajo control de la autoridad de aplicaci\u00f3n.<\/strong><\/p>\n<p>El decreto establece de manera expresa que la negativa injustificada a someterse al examen ser\u00e1 considerada equivalente a un resultado positivo, con las mismas consecuencias administrativas y pol\u00edticas.<\/p>\n<p><strong>Las sustancias a detectar incluyen, entre otras, coca\u00edna, marihuana, opioides, anfetaminas, benzodiacepinas y barbit\u00faricos, adem\u00e1s de cualquier otra que determine la autoridad competente conforme a criterios cient\u00edficos actualizados.<img loading=\"lazy\" decoding=\"async\" class=\"alignnone wp-image-14174 size-full\" src=\"https:\/\/cafeprensa.com.ar\/wp-content\/uploads\/2026\/01\/publicidades.imagen.afdf453de9248d2c.aW1hZ2VuLmdpZg-2.gif\" alt=\"\" width=\"728\" height=\"90\" \/><\/strong><\/p>\n<p>En cuanto a las sanciones, el DNU se\u00f1ala que, una vez confirmado un resultado positivo, se activar\u00e1n los mecanismos de remoci\u00f3n previstos por la Constituci\u00f3n o las normas vigentes, seg\u00fan el cargo que ocupe el funcionario. Para quienes a\u00fan no hayan asumido funciones, el resultado positivo ser\u00e1 causal de inadmisibilidad.<\/p>\n<p><strong>Finalmente, el Poder Ejecutivo deber\u00e1 remitir el decreto a la Legislatura provincial dentro de los pr\u00f3ximos cinco d\u00edas, conforme lo establece el art\u00edculo 145 de la Constituci\u00f3n de Salta.<\/strong><\/p>\n<\/div>\n<\/div>\n<\/article>\n<\/div>\n","protected":false},"excerpt":{"rendered":"<p>El Gobierno provincial public\u00f3 el decreto de necesidad y urgencia que impone ex\u00e1menes toxicol\u00f3gicos sorpresivos a funcionarios de los tres poderes del Estado y de los municipios. El Gobierno de la Provincia de Salta oficializ\u00f3 este mi\u00e9rcoles, a trav\u00e9s del Bolet\u00edn Oficial, el Decreto de Necesidad y Urgencia N\u00ba 32, que establece la obligatoriedad de &hellip;<\/p>\n","protected":false},"author":2,"featured_media":14513,"comment_status":"open","ping_status":"open","sticky":false,"template":"","format":"standard","meta":{"footnotes":""},"categories":[33,25],"tags":[2974,105,96],"class_list":["post-14512","post","type-post","status-publish","format-standard","has-post-thumbnail","hentry","category-nacionales","category-politica","tag-funcionarios","tag-gobernador-saenz","tag-salta"],"_links":{"self":[{"href":"https:\/\/cafeprensa.com.ar\/index.php\/wp-json\/wp\/v2\/posts\/14512","targetHints":{"allow":["GET"]}}],"collection":[{"href":"https:\/\/cafeprensa.com.ar\/index.php\/wp-json\/wp\/v2\/posts"}],"about":[{"href":"https:\/\/cafeprensa.com.ar\/index.php\/wp-json\/wp\/v2\/types\/post"}],"author":[{"embeddable":true,"href":"https:\/\/cafeprensa.com.ar\/index.php\/wp-json\/wp\/v2\/users\/2"}],"replies":[{"embeddable":true,"href":"https:\/\/cafeprensa.com.ar\/index.php\/wp-json\/wp\/v2\/comments?post=14512"}],"version-history":[{"count":1,"href":"https:\/\/cafeprensa.com.ar\/index.php\/wp-json\/wp\/v2\/posts\/14512\/revisions"}],"predecessor-version":[{"id":14515,"href":"https:\/\/cafeprensa.com.ar\/index.php\/wp-json\/wp\/v2\/posts\/14512\/revisions\/14515"}],"wp:featuredmedia":[{"embeddable":true,"href":"https:\/\/cafeprensa.com.ar\/index.php\/wp-json\/wp\/v2\/media\/14513"}],"wp:attachment":[{"href":"https:\/\/cafeprensa.com.ar\/index.php\/wp-json\/wp\/v2\/media?parent=14512"}],"wp:term":[{"taxonomy":"category","embeddable":true,"href":"https:\/\/cafeprensa.com.ar\/index.php\/wp-json\/wp\/v2\/categories?post=14512"},{"taxonomy":"post_tag","embeddable":true,"href":"https:\/\/cafeprensa.com.ar\/index.php\/wp-json\/wp\/v2\/tags?post=14512"}],"curies":[{"name":"wp","href":"https:\/\/api.w.org\/{rel}","templated":true}]}}