{"id":14779,"date":"2026-02-12T21:07:44","date_gmt":"2026-02-13T00:07:44","guid":{"rendered":"https:\/\/cafeprensa.com.ar\/?p=14779"},"modified":"2026-02-12T21:07:44","modified_gmt":"2026-02-13T00:07:44","slug":"catalan-en-aguilares-y-en-concepcion-avanza-en-el-armado-territorial-en-el-interior-tucumano","status":"publish","type":"post","link":"https:\/\/cafeprensa.com.ar\/index.php\/2026\/02\/12\/catalan-en-aguilares-y-en-concepcion-avanza-en-el-armado-territorial-en-el-interior-tucumano\/","title":{"rendered":"Catal\u00e1n en Aguilares y en Concepcion, avanza en el armado territorial en el interior tucumano"},"content":{"rendered":"<div class=\"td_block_wrap tdb_title tdi_59 tdb-single-title td-pb-border-top td_block_template_1\" data-td-block-uid=\"tdi_59\">\n<div class=\"tdb-block-inner td-fix-index\"><\/div>\n<\/div>\n<div class=\"vc_row_inner tdi_62  vc_row vc_inner wpb_row td-pb-row\">\n<div class=\"vc_column_inner tdi_68  wpb_column vc_column_container tdc-inner-column td-pb-span6\">\n<div class=\"vc_column-inner\">\n<div class=\"wpb_wrapper\">\n<div class=\"td_block_wrap tdb_single_post_share tdi_69  td-pb-border-top td_block_template_1\" data-td-block-uid=\"tdi_69\">\n<div id=\"tdi_69\" class=\"td-post-sharing tdb-block td-ps-bg td-ps-notext td-post-sharing-style1 \">\n<div class=\"td-post-sharing-visible\">\n<div class=\"td-social-but-icon\"><span style=\"font-size: 12pt;\"><span style=\"font-weight: bold;\">El presidente de <\/span><strong>La Libertad Avanza Tucum\u00e1n, Lisandro Catal\u00e1n<\/strong><span style=\"font-weight: bold;\">, encabez\u00f3 un acto en la ciudad de\u00a0<\/span><strong>Aguilares<\/strong><span style=\"font-weight: bold;\">\u00a0donde lanz\u00f3 fuertes cr\u00edticas contra el oficialismo provincial y cuestion\u00f3 tanto el funcionamiento de las comunas rurales como el rol de sectores de la oposici\u00f3n tradicional.<img loading=\"lazy\" decoding=\"async\" class=\"alignnone wp-image-14780 size-large\" src=\"https:\/\/cafeprensa.com.ar\/wp-content\/uploads\/2026\/02\/HA6gnxJbwAAzB-4-768x1024.jpg\" alt=\"\" width=\"768\" height=\"1024\" srcset=\"https:\/\/cafeprensa.com.ar\/wp-content\/uploads\/2026\/02\/HA6gnxJbwAAzB-4-768x1024.jpg 768w, https:\/\/cafeprensa.com.ar\/wp-content\/uploads\/2026\/02\/HA6gnxJbwAAzB-4-225x300.jpg 225w, https:\/\/cafeprensa.com.ar\/wp-content\/uploads\/2026\/02\/HA6gnxJbwAAzB-4.jpg 900w\" sizes=\"auto, (max-width: 768px) 100vw, 768px\" \/><\/span><\/span><\/div>\n<\/div>\n<\/div>\n<\/div>\n<\/div>\n<\/div>\n<\/div>\n<\/div>\n<div class=\"vc_row_inner tdi_72  vc_row vc_inner wpb_row td-pb-row\">\n<div class=\"vc_column_inner tdi_79  wpb_column vc_column_container tdc-inner-column td-pb-span8\">\n<div class=\"vc_column-inner\">\n<div class=\"wpb_wrapper\">\n<div class=\"td_block_wrap tdb_single_content tdi_80 td-pb-border-top td_block_template_1 td-post-content tagdiv-type\" data-td-block-uid=\"tdi_80\">\n<div class=\"tdb-block-inner td-fix-index\">\n<p>Durante su discurso, Catal\u00e1n apunt\u00f3 contra lo que defini\u00f3 como un esquema pol\u00edtico agotado.\u00a0<strong>\u201cEstamos hartos de delegados comunales con 4\u00d74, mansiones y escuelas sin vidrios\u201d<\/strong>, expres\u00f3 ante los presentes, en referencia a las condiciones edilicias de establecimientos educativos en zonas del interior. Seg\u00fan sostuvo, existe un contraste evidente entre el estilo de vida de algunos funcionarios comunales y la situaci\u00f3n que atraviesan muchos vecinos.<img loading=\"lazy\" decoding=\"async\" class=\"alignnone wp-image-14695 size-full\" src=\"https:\/\/cafeprensa.com.ar\/wp-content\/uploads\/2026\/02\/8_260108110520.gif\" alt=\"\" width=\"970\" height=\"90\" \/><\/p>\n<p>El dirigente libertario volvi\u00f3 a cuestionar el modelo de administraci\u00f3n territorial vigente y reiter\u00f3 su propuesta de eliminar las comunas rurales y transferir sus funciones a los municipios, en l\u00ednea con el plan de gobierno denominado<strong> \u201cPunto de Partida para la Libertad de los Tucumanos\u201d.<\/strong> En ese marco, afirm\u00f3 que el esquema actual se convirti\u00f3 en una estructura pol\u00edtica que no da respuestas eficientes a la ciudadan\u00eda.<img loading=\"lazy\" decoding=\"async\" class=\"alignnone wp-image-14781 size-large\" src=\"https:\/\/cafeprensa.com.ar\/wp-content\/uploads\/2026\/02\/content-image-IMG_6373-1770859969755-1024x558.jpg\" alt=\"\" width=\"1024\" height=\"558\" srcset=\"https:\/\/cafeprensa.com.ar\/wp-content\/uploads\/2026\/02\/content-image-IMG_6373-1770859969755-1024x558.jpg 1024w, https:\/\/cafeprensa.com.ar\/wp-content\/uploads\/2026\/02\/content-image-IMG_6373-1770859969755-300x163.jpg 300w, https:\/\/cafeprensa.com.ar\/wp-content\/uploads\/2026\/02\/content-image-IMG_6373-1770859969755-768x418.jpg 768w, https:\/\/cafeprensa.com.ar\/wp-content\/uploads\/2026\/02\/content-image-IMG_6373-1770859969755.jpg 1179w\" sizes=\"auto, (max-width: 1024px) 100vw, 1024px\" \/><\/p>\n<p>Catal\u00e1n tambi\u00e9n dirigi\u00f3 cr\u00edticas hacia la\u00a0<strong>Defensor\u00eda del Pueblo de Tucum\u00e1n<\/strong>, al cuestionar su estructura y funcionamiento.\u00a0<strong>\u201cHay cerca de 500 empleados y entre 600 y 700 contratos. No sabemos por qu\u00e9 no hay una verdadera ley de acceso a la informaci\u00f3n p\u00fablica\u201d<\/strong>, manifest\u00f3. Y agreg\u00f3 con dureza:\u00a0<strong>\u201cEs un organismo que podr\u00eda funcionar con 20 personas resolviendo de verdad los problemas de la gente\u201d.<\/strong><\/p>\n<p>Adem\u00e1s, el referente de La Libertad Avanza cuestion\u00f3 a sectores opositores a los que acus\u00f3 de no haber tenido vocaci\u00f3n real de disputar el poder en la provincia.\u00a0<strong>\u201cNunca tuvieron ganas reales de ganar. Se acomodaron por un cargo, haciendo de sparring del poder de turno\u201d<\/strong>, lanz\u00f3, en uno de los tramos m\u00e1s confrontativos de su discurso.<img loading=\"lazy\" decoding=\"async\" class=\"alignnone wp-image-14672 size-full\" src=\"https:\/\/cafeprensa.com.ar\/wp-content\/uploads\/2026\/02\/8_260108111211.gif\" alt=\"\" width=\"970\" height=\"90\" \/><\/p>\n<p>En el cierre de su intervenci\u00f3n, sostuvo que el espacio libertario busca consolidarse como una alternativa con proyecci\u00f3n concreta hacia los pr\u00f3ximos comicios.\u00a0<strong>\u201cDespu\u00e9s de 40 a\u00f1os, esta vez se est\u00e1 generando un espacio dispuesto a pelearle de verdad el poder al oficialismo\u201d, afirm\u00f3.<\/strong><\/p>\n<h3>Reuni\u00f3n en Concepci\u00f3n y armado territorial<\/h3>\n<figure id=\"attachment_6652\" class=\"wp-caption alignnone\" aria-describedby=\"caption-attachment-6652\"><img loading=\"lazy\" decoding=\"async\" class=\"td-animation-stack-type0-2 alignnone wp-image-6652 size-medium\" src=\"https:\/\/quediario.com.ar\/wp-content\/uploads\/2026\/02\/4a1742c9-0eb2-4528-a2a0-64a16c8a035e-201x300.jpeg\" sizes=\"auto, (max-width: 201px) 100vw, 201px\" srcset=\"https:\/\/quediario.com.ar\/wp-content\/uploads\/2026\/02\/4a1742c9-0eb2-4528-a2a0-64a16c8a035e-201x300.jpeg 201w, https:\/\/quediario.com.ar\/wp-content\/uploads\/2026\/02\/4a1742c9-0eb2-4528-a2a0-64a16c8a035e-685x1024.jpeg 685w, https:\/\/quediario.com.ar\/wp-content\/uploads\/2026\/02\/4a1742c9-0eb2-4528-a2a0-64a16c8a035e-768x1148.jpeg 768w, https:\/\/quediario.com.ar\/wp-content\/uploads\/2026\/02\/4a1742c9-0eb2-4528-a2a0-64a16c8a035e-696x1041.jpeg 696w, https:\/\/quediario.com.ar\/wp-content\/uploads\/2026\/02\/4a1742c9-0eb2-4528-a2a0-64a16c8a035e.jpeg 856w\" alt=\"Lisandro Catal\u00e1n y Alejandro Molinuevo durante el encuentro en Concepci\u00f3n, donde analizaron la situaci\u00f3n pol\u00edtica y avanzaron en el armado territorial de cara a los pr\u00f3ximos desaf\u00edos electorales.\" width=\"201\" height=\"300\" \/><figcaption id=\"caption-attachment-6652\" class=\"wp-caption-text\"><em><strong>Lisandro Catal\u00e1n y Alejandro Molinuevo<\/strong><\/em><\/figcaption><\/figure>\n<p>En el marco de su recorrida por el interior provincial, Catal\u00e1n tambi\u00e9n visit\u00f3 la ciudad de\u00a0<strong>Concepci\u00f3n<\/strong>, donde fue recibido por el intendente\u00a0<strong>Alejandro Molinuevo<\/strong>\u00a0y su equipo de trabajo.<\/p>\n<p><strong>Durante el encuentro, las autoridades analizaron la situaci\u00f3n pol\u00edtica, social y econ\u00f3mica de la provincia, as\u00ed como los principales desaf\u00edos que enfrenta el distrito. Seg\u00fan trascendi\u00f3, uno de los ejes centrales del di\u00e1logo fue el armado territorial con vistas al 2026 y 2027, con especial atenci\u00f3n al fortalecimiento de equipos locales en cada municipio.<\/strong><\/p>\n<p>Desde el espacio libertario destacaron la importancia de consolidar presencia en el interior y proyectar una estrategia pol\u00edtica con anclaje territorial. Por su parte, desde el municipio valoraron el intercambio institucional y el debate sobre el futuro de la provincia.<img loading=\"lazy\" decoding=\"async\" class=\"alignnone wp-image-14174 size-full\" src=\"https:\/\/cafeprensa.com.ar\/wp-content\/uploads\/2026\/01\/publicidades.imagen.afdf453de9248d2c.aW1hZ2VuLmdpZg-2.gif\" alt=\"\" width=\"728\" height=\"90\" \/><\/p>\n<p><strong>Con actos de fuerte tono cr\u00edtico, definiciones sin matices y reuniones estrat\u00e9gicas en el interior, Lisandro Catal\u00e1n profundiza su posicionamiento como uno de los dirigentes m\u00e1s confrontativos frente al esquema pol\u00edtico tradicional tucumano, en un escenario que comienza a recalentarse de cara a los pr\u00f3ximos desaf\u00edos electorales.<\/strong><\/p>\n<\/div>\n<\/div>\n<\/div>\n<\/div>\n<\/div>\n<\/div>\n","protected":false},"excerpt":{"rendered":"<p>El presidente de La Libertad Avanza Tucum\u00e1n, Lisandro Catal\u00e1n, encabez\u00f3 un acto en la ciudad de\u00a0Aguilares\u00a0donde lanz\u00f3 fuertes cr\u00edticas contra el oficialismo provincial y cuestion\u00f3 tanto el funcionamiento de las comunas rurales como el rol de sectores de la oposici\u00f3n tradicional. Durante su discurso, Catal\u00e1n apunt\u00f3 contra lo que defini\u00f3 como un esquema pol\u00edtico agotado.\u00a0\u201cEstamos &hellip;<\/p>\n","protected":false},"author":2,"featured_media":14782,"comment_status":"open","ping_status":"open","sticky":false,"template":"","format":"standard","meta":{"footnotes":""},"categories":[34,25],"tags":[1674,1804,1413],"class_list":["post-14779","post","type-post","status-publish","format-standard","has-post-thumbnail","hentry","category-locales","category-politica","tag-aguilares","tag-catalan","tag-municipalidad-de-concepcion"],"_links":{"self":[{"href":"https:\/\/cafeprensa.com.ar\/index.php\/wp-json\/wp\/v2\/posts\/14779","targetHints":{"allow":["GET"]}}],"collection":[{"href":"https:\/\/cafeprensa.com.ar\/index.php\/wp-json\/wp\/v2\/posts"}],"about":[{"href":"https:\/\/cafeprensa.com.ar\/index.php\/wp-json\/wp\/v2\/types\/post"}],"author":[{"embeddable":true,"href":"https:\/\/cafeprensa.com.ar\/index.php\/wp-json\/wp\/v2\/users\/2"}],"replies":[{"embeddable":true,"href":"https:\/\/cafeprensa.com.ar\/index.php\/wp-json\/wp\/v2\/comments?post=14779"}],"version-history":[{"count":1,"href":"https:\/\/cafeprensa.com.ar\/index.php\/wp-json\/wp\/v2\/posts\/14779\/revisions"}],"predecessor-version":[{"id":14784,"href":"https:\/\/cafeprensa.com.ar\/index.php\/wp-json\/wp\/v2\/posts\/14779\/revisions\/14784"}],"wp:featuredmedia":[{"embeddable":true,"href":"https:\/\/cafeprensa.com.ar\/index.php\/wp-json\/wp\/v2\/media\/14782"}],"wp:attachment":[{"href":"https:\/\/cafeprensa.com.ar\/index.php\/wp-json\/wp\/v2\/media?parent=14779"}],"wp:term":[{"taxonomy":"category","embeddable":true,"href":"https:\/\/cafeprensa.com.ar\/index.php\/wp-json\/wp\/v2\/categories?post=14779"},{"taxonomy":"post_tag","embeddable":true,"href":"https:\/\/cafeprensa.com.ar\/index.php\/wp-json\/wp\/v2\/tags?post=14779"}],"curies":[{"name":"wp","href":"https:\/\/api.w.org\/{rel}","templated":true}]}}