{"id":14816,"date":"2026-02-27T19:31:47","date_gmt":"2026-02-27T22:31:47","guid":{"rendered":"https:\/\/cafeprensa.com.ar\/?p=14816"},"modified":"2026-02-27T19:31:47","modified_gmt":"2026-02-27T22:31:47","slug":"a-214-anos-de-la-creacion-de-la-bandera-nacional-argentina","status":"publish","type":"post","link":"https:\/\/cafeprensa.com.ar\/index.php\/2026\/02\/27\/a-214-anos-de-la-creacion-de-la-bandera-nacional-argentina\/","title":{"rendered":"A 214 a\u00f1os de la creaci\u00f3n de la Bandera Nacional Argentina"},"content":{"rendered":"<div class=\"the-post-header s-head-modern s-head-modern-a has-share-meta-right\">\n<div class=\"post-meta post-meta-a post-meta-left post-meta-single has-below\">\n<p class=\"is-title post-title\"><strong>El legado de Manuel Belgrano:\u00a0 <\/strong><em>El pr\u00f3cer dijo en 1812: \u201cSiendo preciso enarbolar bandera y no teni\u00e9ndola, la mand\u00e9 hacer blanca y celeste conforme a los colores de la escarapela nacional\u201d.<\/em><\/p>\n<\/div>\n<\/div>\n<div class=\"the-post s-post-modern\">\n<article id=\"post-83683\" class=\"post-83683 post type-post status-publish format-standard has-post-thumbnail category-nacionales category-destacada-2 tag-27-de-febrero tag-creacion-de-la-bandera-argentina tag-manuel-jose-joaquin-del-corazon-de-jesus-belgrano tag-rio-parana-3 tag-rosario\">\n<div class=\"post-content-wrap has-share-float\">\n<div class=\"post-content cf entry-content content-spacious\">\n<div class=\"wp-block-image\">\n<figure class=\"aligncenter size-large\"><a href=\"https:\/\/elfederalnoticias.com.ar\/wp-content\/uploads\/2026\/02\/image-229.png\"><img loading=\"lazy\" decoding=\"async\" class=\"wp-image-83685\" src=\"https:\/\/elfederalnoticias.com.ar\/wp-content\/uploads\/2026\/02\/image-229-1024x576.png\" sizes=\"auto, (max-width: 1024px) 100vw, 1024px\" srcset=\"https:\/\/elfederalnoticias.com.ar\/wp-content\/uploads\/2026\/02\/image-229-1024x576.png 1024w, https:\/\/elfederalnoticias.com.ar\/wp-content\/uploads\/2026\/02\/image-229-300x169.png 300w, https:\/\/elfederalnoticias.com.ar\/wp-content\/uploads\/2026\/02\/image-229-768x432.png 768w, https:\/\/elfederalnoticias.com.ar\/wp-content\/uploads\/2026\/02\/image-229-1536x864.png 1536w, https:\/\/elfederalnoticias.com.ar\/wp-content\/uploads\/2026\/02\/image-229-150x84.png 150w, https:\/\/elfederalnoticias.com.ar\/wp-content\/uploads\/2026\/02\/image-229-450x253.png 450w, https:\/\/elfederalnoticias.com.ar\/wp-content\/uploads\/2026\/02\/image-229-1200x675.png 1200w, https:\/\/elfederalnoticias.com.ar\/wp-content\/uploads\/2026\/02\/image-229.png 1912w\" alt=\"\" width=\"1024\" height=\"576\" \/><\/a><\/figure>\n<\/div>\n<p>El 27 de febrero de 1812 se produjo un hecho destacado en nuestra historia, cuando a orillas del <strong>R\u00edo Paran\u00e1,<\/strong>\u00a0en\u00a0<strong>Rosario<\/strong>, se iz\u00f3 por primera vez la<strong>\u00a0Bandera Nacional Argentina<\/strong>. <strong>Manuel Jos\u00e9 Joaqu\u00edn del Coraz\u00f3n de Jes\u00fas Belgrano<\/strong>, fue abogado, economista, periodista y militar, y el art\u00edfice del s\u00edmbolo patrio, que surgi\u00f3 en un contexto de necesidad, durante la guerra por la independencia.<\/p>\n<p>El pr\u00f3cer encomendado con la tarea de fortificar las costas del Paran\u00e1, decidi\u00f3 enarbolar una bandera y, al no tener una disponible, mand\u00f3 confeccionar una blanca y celeste, siguiendo los colores de la escarapela nacional. Este acto simboliz\u00f3 la uni\u00f3n y la lucha por la libertad en tierras argentinas.<\/p>\n<p>La bandera tuvo que esperar su reconocimiento oficial, hasta el\u00a0<strong>25 de julio de 1816<\/strong>, cuando el\u00a0<strong>Congreso de Tucum\u00e1n<\/strong>, luego de la proclamaci\u00f3n de la independencia, estableci\u00f3 por ley la adopci\u00f3n de una bandera con los colores \u00abceleste y blanco\u00bb, en homenaje a la creada por Belgrano en 1812. Belgrano, naci\u00f3 el 3 de junio de 1770 en<strong>\u00a0Buenos Aires.<\/strong>\u00a0Fue uno de los 16 hijos del matrimonio de\u00a0<strong>Domingo Belgrano Peri\u00a0<\/strong>y\u00a0<strong>Mar\u00eda Josefa Gonz\u00e1lez Casero<\/strong>.<\/p>\n<p>No solo fue el creador de la bandera, sino una figura multifac\u00e9tica que dej\u00f3 un impacto en la historia argentina. Abogado formado en Europa durante la Revoluci\u00f3n Francesa, fue vocal de la\u00a0<strong>Primera Junta de Gobierno de 1810<\/strong>, particip\u00f3 activamente en las guerras de independencia y lider\u00f3 expediciones militares cruciales. Estuvo al frente del\u00a0<strong>Ej\u00e9rcito del Norte\u00a0<\/strong>y comand\u00f3 el \u00e9xodo juje\u00f1o.<\/p>\n<p><strong>Adem\u00e1s de su contribuci\u00f3n militar, Belgrano fue un defensor de la educaci\u00f3n, la industria nacional, la justicia social y los derechos de los pueblos originarios. Su legado incluye el impulso a la libertad y la construcci\u00f3n de una naci\u00f3n basada en principios democr\u00e1ticos y solidarios.<\/strong><\/p>\n<p>El general Belgrano falleci\u00f3 el\u00a0<strong>20 de junio de 1820\u00a0<\/strong>en la ciudad de Buenos Aires, dejando un legado imborrable en la historia de\u00a0<strong>Argentina<\/strong>.<\/p>\n<\/div>\n<\/div>\n<\/article>\n<\/div>\n","protected":false},"excerpt":{"rendered":"<p>El legado de Manuel Belgrano:\u00a0 El pr\u00f3cer dijo en 1812: \u201cSiendo preciso enarbolar bandera y no teni\u00e9ndola, la mand\u00e9 hacer blanca y celeste conforme a los colores de la escarapela nacional\u201d. El 27 de febrero de 1812 se produjo un hecho destacado en nuestra historia, cuando a orillas del R\u00edo Paran\u00e1,\u00a0en\u00a0Rosario, se iz\u00f3 por primera &hellip;<\/p>\n","protected":false},"author":2,"featured_media":14817,"comment_status":"open","ping_status":"open","sticky":false,"template":"","format":"standard","meta":{"footnotes":""},"categories":[54,33],"tags":[3015],"class_list":["post-14816","post","type-post","status-publish","format-standard","has-post-thumbnail","hentry","category-interes-ganeral","category-nacionales","tag-manuel-belgrano"],"_links":{"self":[{"href":"https:\/\/cafeprensa.com.ar\/index.php\/wp-json\/wp\/v2\/posts\/14816","targetHints":{"allow":["GET"]}}],"collection":[{"href":"https:\/\/cafeprensa.com.ar\/index.php\/wp-json\/wp\/v2\/posts"}],"about":[{"href":"https:\/\/cafeprensa.com.ar\/index.php\/wp-json\/wp\/v2\/types\/post"}],"author":[{"embeddable":true,"href":"https:\/\/cafeprensa.com.ar\/index.php\/wp-json\/wp\/v2\/users\/2"}],"replies":[{"embeddable":true,"href":"https:\/\/cafeprensa.com.ar\/index.php\/wp-json\/wp\/v2\/comments?post=14816"}],"version-history":[{"count":1,"href":"https:\/\/cafeprensa.com.ar\/index.php\/wp-json\/wp\/v2\/posts\/14816\/revisions"}],"predecessor-version":[{"id":14818,"href":"https:\/\/cafeprensa.com.ar\/index.php\/wp-json\/wp\/v2\/posts\/14816\/revisions\/14818"}],"wp:featuredmedia":[{"embeddable":true,"href":"https:\/\/cafeprensa.com.ar\/index.php\/wp-json\/wp\/v2\/media\/14817"}],"wp:attachment":[{"href":"https:\/\/cafeprensa.com.ar\/index.php\/wp-json\/wp\/v2\/media?parent=14816"}],"wp:term":[{"taxonomy":"category","embeddable":true,"href":"https:\/\/cafeprensa.com.ar\/index.php\/wp-json\/wp\/v2\/categories?post=14816"},{"taxonomy":"post_tag","embeddable":true,"href":"https:\/\/cafeprensa.com.ar\/index.php\/wp-json\/wp\/v2\/tags?post=14816"}],"curies":[{"name":"wp","href":"https:\/\/api.w.org\/{rel}","templated":true}]}}