{"id":14819,"date":"2026-02-27T19:36:08","date_gmt":"2026-02-27T22:36:08","guid":{"rendered":"https:\/\/cafeprensa.com.ar\/?p=14819"},"modified":"2026-02-27T19:36:15","modified_gmt":"2026-02-27T22:36:15","slug":"san-juan-tiene-una-de-las-minas-de-oro-cobre-y-plata-mas-grandes-del-mundo-2","status":"publish","type":"post","link":"https:\/\/cafeprensa.com.ar\/index.php\/2026\/02\/27\/san-juan-tiene-una-de-las-minas-de-oro-cobre-y-plata-mas-grandes-del-mundo-2\/","title":{"rendered":"San Juan tiene una de las minas de oro, cobre y plata m\u00e1s grandes del mundo"},"content":{"rendered":"<div class=\"the-post-header s-head-modern s-head-modern-a has-share-meta-right\">\n<div class=\"post-meta post-meta-a post-meta-left post-meta-single has-below\"><em>Lo confirm\u00f3 la empresa Vicu\u00f1a Corp, existen formaciones metal\u00edferas de enorme potencial en Filo del Sol.<\/em><\/div>\n<\/div>\n<div class=\"the-post s-post-modern\">\n<article id=\"post-74951\" class=\"post-74951 post type-post status-publish format-standard has-post-thumbnail category-san-juan tag-bhp tag-filo-del-sol tag-josemaria tag-lunding-mining-corparation tag-san-juan tag-vicuna-corp\">\n<div class=\"post-content-wrap has-share-float\">\n<div class=\"post-content cf entry-content content-spacious\">\n<div class=\"wp-block-image\">\n<figure class=\"aligncenter size-large is-resized\"><a href=\"https:\/\/elfederalnoticias.com.ar\/wp-content\/uploads\/2025\/05\/image-41.png\"><img loading=\"lazy\" decoding=\"async\" class=\"wp-image-74953\" src=\"https:\/\/elfederalnoticias.com.ar\/wp-content\/uploads\/2025\/05\/image-41-1024x1024.png\" sizes=\"auto, (max-width: 1024px) 100vw, 1024px\" srcset=\"https:\/\/elfederalnoticias.com.ar\/wp-content\/uploads\/2025\/05\/image-41-1024x1024.png 1024w, https:\/\/elfederalnoticias.com.ar\/wp-content\/uploads\/2025\/05\/image-41-300x300.png 300w, https:\/\/elfederalnoticias.com.ar\/wp-content\/uploads\/2025\/05\/image-41-150x150.png 150w, https:\/\/elfederalnoticias.com.ar\/wp-content\/uploads\/2025\/05\/image-41-768x768.png 768w, https:\/\/elfederalnoticias.com.ar\/wp-content\/uploads\/2025\/05\/image-41-450x450.png 450w, https:\/\/elfederalnoticias.com.ar\/wp-content\/uploads\/2025\/05\/image-41.png 1080w\" alt=\"\" width=\"1024\" height=\"1024\" \/><\/a><\/figure>\n<\/div>\n<p>SAN JUAN.- Este lunes la minera canadiense\u00a0<strong>Lundin Mining Corporation<\/strong>,\u00a0anunci\u00f3 que\u00a0<strong>Vicu\u00f1a Corp<\/strong>\u00a0complet\u00f3 una\u00a0estimaci\u00f3n inicial de recursos minerales\u00a0para los yacimientos de\u00a0<strong>Filo del Sol<\/strong>\u00a0y\u00a0<strong>Josemar\u00eda<\/strong>,\u00a0en la provincia de\u00a0<strong>San Juan<\/strong>, conocidos en conjunto como\u00a0<strong>Proyecto Vicu\u00f1a<\/strong>, el que pas\u00f3 a ser considerado por los socios propietarios como el\u00a0<strong>mayor descubrimiento de cobre de los \u00faltimos 30 a\u00f1os<\/strong>.<\/p>\n<p>Vicu\u00f1a Corp\u00a0es un acuerdo conjunto por partes iguales entre\u00a0Lundin Mining\u00a0y el gigante australiano\u00a0BHP, empresas que poseen los proyectos en\u00a0Filo del Sol\u00a0y\u00a0Josemar\u00eda, y quienes llevan adelante una\u00a0alianza estrat\u00e9gica a largo plazo para desarrollar los proyectos de manera conjunta\u00a0para aprovechar la\u00a0sinergia productiva\u00a0un\u00a0distrito emergente de cobre, oro y plata de clase mundial.<img loading=\"lazy\" decoding=\"async\" class=\"alignnone wp-image-14820 size-full\" src=\"https:\/\/cafeprensa.com.ar\/wp-content\/uploads\/2026\/02\/f5a581bde92b15169ab7a960aa9679d0.webp\" alt=\"\" width=\"800\" height=\"500\" srcset=\"https:\/\/cafeprensa.com.ar\/wp-content\/uploads\/2026\/02\/f5a581bde92b15169ab7a960aa9679d0.webp 800w, https:\/\/cafeprensa.com.ar\/wp-content\/uploads\/2026\/02\/f5a581bde92b15169ab7a960aa9679d0-300x188.webp 300w, https:\/\/cafeprensa.com.ar\/wp-content\/uploads\/2026\/02\/f5a581bde92b15169ab7a960aa9679d0-768x480.webp 768w\" sizes=\"auto, (max-width: 800px) 100vw, 800px\" \/><\/p>\n<p><strong>La\u00a0proximidad de los proyectos Filo del Sol y Josemar\u00eda\u00a0permite\u00a0mayores econom\u00edas de escala,\u00a0infraestructura compartida\u00a0y\u00a0mayor flexibilidad para expansiones graduales\u00a0que respalden un\u00a0complejo minero de renombre mundial. Esto fue lo que facilit\u00f3 el acuerdo entre dos de las\u00a0mayores mineras del mundo\u00a0para un emprendimiento conjunto anunciado en\u00a0julio de 2024.<\/strong><\/p>\n<p>Por entonces,\u00a0BHP\u00a0y\u00a0Lundin Mining\u00a0acordaron adquirir el\u00a0100% de Filo Corp., empresa que pose\u00eda el\u00a0100% del proyecto cupr\u00edfero Filo del Sol, y tambi\u00e9n formar una\u00a0empresa conjunta al 50%\u00a0para gestionar ese proyecto y\u00a0Josemar\u00eda, ubicados en el\u00a0distrito de<strong>\u00a0Vicu\u00f1a, San Juan<\/strong>. Como parte de esta\u00a0transacci\u00f3n de adquisici\u00f3n y fusi\u00f3n\u00a0se anunciaron\u00a0desembolsos por unos\u00a0<strong>U$S 3000 millones<\/strong>.<\/p>\n<p><strong>Ahora, entre los datos revelados al mercado se destac\u00f3 que\u00a0Vicu\u00f1as constituye\u00a0\u201cuno de los mayores recursos de cobre, oro y plata del mundo, que lo ubica entre los 10 primeros en recursos minerales de las minas de cobre de mayor producci\u00f3n\u201d. Es m\u00e1s, distintas estimaciones vienen se\u00f1alando que el desarrollo del\u00a0portfolio de proyectos de cobre\u00a0que tiene el pa\u00eds le permitir\u00eda\u00a0consolidarse entre los cinco primeros productores del planeta.<\/strong><\/p>\n<div class=\"wp-block-image\">\n<figure class=\"aligncenter size-full\"><a href=\"https:\/\/elfederalnoticias.com.ar\/wp-content\/uploads\/2025\/05\/image-43.png\"><img loading=\"lazy\" decoding=\"async\" class=\"wp-image-74955\" src=\"https:\/\/elfederalnoticias.com.ar\/wp-content\/uploads\/2025\/05\/image-43.png\" sizes=\"auto, (max-width: 768px) 100vw, 768px\" srcset=\"https:\/\/elfederalnoticias.com.ar\/wp-content\/uploads\/2025\/05\/image-43.png 768w, https:\/\/elfederalnoticias.com.ar\/wp-content\/uploads\/2025\/05\/image-43-300x156.png 300w, https:\/\/elfederalnoticias.com.ar\/wp-content\/uploads\/2025\/05\/image-43-150x78.png 150w, https:\/\/elfederalnoticias.com.ar\/wp-content\/uploads\/2025\/05\/image-43-450x234.png 450w\" alt=\"\" width=\"768\" height=\"400\" \/><\/a><figcaption class=\"wp-element-caption\"><em><strong>El mineral sanjuanino.<\/strong><\/em><\/figcaption><\/figure>\n<\/div>\n<p>Para lo socios se trata del\u00a0<strong>\u201cmayor descubrimiento de cobre en yacimientos no convencionales de los \u00faltimos 30 a\u00f1os\u201d<\/strong>, metal del cual contiene\u00a013 millones de toneladas (Mt) medido e indicado y 25 Mt inferidos; unas\u00a032 millones de onzas de oro y 49 inferidas; y\u00a0659 onzas de plata, y 808 inferidas, todas con una\u00a0mineralizaci\u00f3n significativa de alta ley. Esto significa un\u00a0aumento del\u00a0<strong>29%<\/strong>\u00a0en los recursos minerales de cobre medidos y del\u00a0<strong>650%<\/strong>\u00a0en los inferidos.<\/p>\n<p>Jack Lundin, presidente y director ejecutivo de la compa\u00f1\u00eda, coment\u00f3 en el comunicado que\u00a0\u201cFilo del Sol ha sido uno de los descubrimientos de yacimientos m\u00e1s significativos de los \u00faltimos 30 a\u00f1os\u201d\u00a0y que el\u00a0recurso mineral inicial\u00a0resalt\u00f3\u00a0\u201cel potencial para uno de los proyectos de cobre a cielo abierto sin desarrollar de mayor ley del mundo y uno de los mayores recursos de oro y plata\u201d.<\/p>\n<p>El directivo destac\u00f3 no solo el\u00a0<strong>tama\u00f1o y la escala de Vicu\u00f1a<\/strong>, sino tambi\u00e9n la\u00a0<strong>alta ley de sus yacimientos<\/strong>:\u00a0<strong>\u201cEn Filo del Sol hay m\u00e1s de 600 Mt con un 1,14% de Cu equivalente<\/strong>\u00a0(el valor monetario combinado de todos los metales de inter\u00e9s econ\u00f3mico en un yacimiento)\u00a0<strong>y en Josemar\u00eda casi 200 Mt con un 0,73% de CuEq\u201d<\/strong>.<\/p>\n<p><strong>\u201cVemos el potencial de Vicu\u00f1a para convertirse no solo en un importante productor de cobre, sino tambi\u00e9n en una de las minas de oro y plata m\u00e1s grandes del mundo, con un activo verdaderamente \u00fanico. Los grandes yacimientos tienden a crecer y vemos un claro potencial de expansi\u00f3n para aumentar el recurso\u201d<\/strong>, expres\u00f3 el l\u00edder de la compa\u00f1\u00eda canadiense.<img loading=\"lazy\" decoding=\"async\" class=\"alignnone wp-image-14821 size-large\" src=\"https:\/\/cafeprensa.com.ar\/wp-content\/uploads\/2026\/02\/GPA_Veladero_01-1024x683.jpg\" alt=\"\" width=\"1024\" height=\"683\" srcset=\"https:\/\/cafeprensa.com.ar\/wp-content\/uploads\/2026\/02\/GPA_Veladero_01-1024x683.jpg 1024w, https:\/\/cafeprensa.com.ar\/wp-content\/uploads\/2026\/02\/GPA_Veladero_01-300x200.jpg 300w, https:\/\/cafeprensa.com.ar\/wp-content\/uploads\/2026\/02\/GPA_Veladero_01-768x512.jpg 768w, https:\/\/cafeprensa.com.ar\/wp-content\/uploads\/2026\/02\/GPA_Veladero_01.jpg 1200w\" sizes=\"auto, (max-width: 1024px) 100vw, 1024px\" \/><\/p>\n<p><strong>La\u00a0definici\u00f3n del Recurso Mineral vigente al 15 de abril de 2025\u00a0es un\u00a0hito clave\u00a0y servir\u00e1 de base para el\u00a0informe t\u00e9cnico integrado\u00a0que delinear\u00e1 un\u00a0proyecto conjunto, el cual est\u00e1 previsto para completarse en el\u00a0primer trimestre de 2026, momento en que se espera la\u00a0decisi\u00f3n final de impulsar Vicu\u00f1a con el acuerdo de ambos socios.<\/strong><\/p>\n<p>El\u00a0yacimiento Filo del Sol\u00a0es un\u00a0proyecto de exploraci\u00f3n cupr\u00edfera en etapa avanzada, ubicado en la\u00a0frontera entre la provincia de San Juan, y la regi\u00f3n de<strong>\u00a0Atacama, en Chile<\/strong>, y las\u00a0perforaciones all\u00ed realizadas\u00a0fueron\u00a0extendiendo la mineralizaci\u00f3n a m\u00e1s de 6 km, con\u00a0m\u00faltiples intersecciones de perforaci\u00f3n de cobre de alta ley.<\/p>\n<p><strong>El\u00a0proyecto Josemar\u00eda, en tanto, es un\u00a0proyecto cupr\u00edfero en etapa avanzada, ubicado\u00a0unos a 10 km de Filo del Sol en la provincia de San Juan, y all\u00ed en\u00a0noviembre de 2020\u00a0se complet\u00f3 un\u00a0estudio de factibilidad\u00a0para el proyecto -ahora sustituido por la\u00a0estimaci\u00f3n de los Recursos Minerales de Vicu\u00f1a- y la\u00a0Autoridad Minera de San Juan aprob\u00f3 la Evaluaci\u00f3n de Impacto Social Ambiental en abril de 2022.<\/strong><\/p>\n<\/div>\n<\/div>\n<\/article>\n<\/div>\n","protected":false},"excerpt":{"rendered":"<p>Lo confirm\u00f3 la empresa Vicu\u00f1a Corp, existen formaciones metal\u00edferas de enorme potencial en Filo del Sol. SAN JUAN.- Este lunes la minera canadiense\u00a0Lundin Mining Corporation,\u00a0anunci\u00f3 que\u00a0Vicu\u00f1a Corp\u00a0complet\u00f3 una\u00a0estimaci\u00f3n inicial de recursos minerales\u00a0para los yacimientos de\u00a0Filo del Sol\u00a0y\u00a0Josemar\u00eda,\u00a0en la provincia de\u00a0San Juan, conocidos en conjunto como\u00a0Proyecto Vicu\u00f1a, el que pas\u00f3 a ser considerado por los socios &hellip;<\/p>\n","protected":false},"author":2,"featured_media":14822,"comment_status":"open","ping_status":"open","sticky":false,"template":"","format":"standard","meta":{"footnotes":""},"categories":[54,33],"tags":[943,824],"class_list":["post-14819","post","type-post","status-publish","format-standard","has-post-thumbnail","hentry","category-interes-ganeral","category-nacionales","tag-mina","tag-san-juan"],"_links":{"self":[{"href":"https:\/\/cafeprensa.com.ar\/index.php\/wp-json\/wp\/v2\/posts\/14819","targetHints":{"allow":["GET"]}}],"collection":[{"href":"https:\/\/cafeprensa.com.ar\/index.php\/wp-json\/wp\/v2\/posts"}],"about":[{"href":"https:\/\/cafeprensa.com.ar\/index.php\/wp-json\/wp\/v2\/types\/post"}],"author":[{"embeddable":true,"href":"https:\/\/cafeprensa.com.ar\/index.php\/wp-json\/wp\/v2\/users\/2"}],"replies":[{"embeddable":true,"href":"https:\/\/cafeprensa.com.ar\/index.php\/wp-json\/wp\/v2\/comments?post=14819"}],"version-history":[{"count":2,"href":"https:\/\/cafeprensa.com.ar\/index.php\/wp-json\/wp\/v2\/posts\/14819\/revisions"}],"predecessor-version":[{"id":14824,"href":"https:\/\/cafeprensa.com.ar\/index.php\/wp-json\/wp\/v2\/posts\/14819\/revisions\/14824"}],"wp:featuredmedia":[{"embeddable":true,"href":"https:\/\/cafeprensa.com.ar\/index.php\/wp-json\/wp\/v2\/media\/14822"}],"wp:attachment":[{"href":"https:\/\/cafeprensa.com.ar\/index.php\/wp-json\/wp\/v2\/media?parent=14819"}],"wp:term":[{"taxonomy":"category","embeddable":true,"href":"https:\/\/cafeprensa.com.ar\/index.php\/wp-json\/wp\/v2\/categories?post=14819"},{"taxonomy":"post_tag","embeddable":true,"href":"https:\/\/cafeprensa.com.ar\/index.php\/wp-json\/wp\/v2\/tags?post=14819"}],"curies":[{"name":"wp","href":"https:\/\/api.w.org\/{rel}","templated":true}]}}