{"id":14832,"date":"2026-02-27T20:09:37","date_gmt":"2026-02-27T23:09:37","guid":{"rendered":"https:\/\/cafeprensa.com.ar\/?p=14832"},"modified":"2026-02-27T20:09:37","modified_gmt":"2026-02-27T23:09:37","slug":"el-nuevo-romance-de-alberto-fernandez","status":"publish","type":"post","link":"https:\/\/cafeprensa.com.ar\/index.php\/2026\/02\/27\/el-nuevo-romance-de-alberto-fernandez\/","title":{"rendered":"El nuevo romance de Alberto Fern\u00e1ndez"},"content":{"rendered":"<header class=\"news__header\">\n<p class=\"news__title\">Con una exdiputada del PRO: \u00abSe conocen hace 20 a\u00f1os\u00bb. El expresidente de la Naci\u00f3n, tras finalizar su relaci\u00f3n con Fabiola Y\u00e1\u00f1ez, fue conquistado por una dirigente pol\u00edtica del partido de Mauricio Macri.<\/p>\n<\/header>\n<article id=\"article-content\" class=\"main-article\">\n<div class=\"news__body\">\n<div class=\"news__content\">\n<p>El nombre de\u00a0<strong><a href=\"https:\/\/caras.perfil.com\/noticias\/celebridades\/alberto-fernandez-hablo-sobre-llegada-fabiola-yanez-pais-volvio-reteniendo-ilegalmente-nuestro-hijo.phtml\" target=\"_blank\" rel=\"noopener\">Alberto Fern\u00e1ndez<\/a><\/strong>\u00a0vuelve a acaparar la atenci\u00f3n de todos los medios, pero esta vez lejos de los tribunales y de los debates pol\u00edticos. La bomba la lanz\u00f3 Fernanda Iglesias en Puro Show (El Trece). Seg\u00fan revel\u00f3,\u00a0<strong>el exmandatario estar\u00eda viviendo un romance \u201cprofundo y comprometido\u201d con\u00a0<a href=\"http:\/\/linkedin.com\/in\/anabella-hers-cabral-215ab3104?originalSubdomain=ar\" target=\"_blank\" rel=\"noopener\">Anabella Hers Cabral<\/a>, abogada y exdiputada vinculada al PRO. <\/strong><strong>\u201cLa persona que est\u00e1 muy enamorada, muy comprometida con su pareja, como nunca antes, es el se\u00f1or Alberto Fern\u00e1ndez\u201d,<\/strong>\u00a0afirm\u00f3 la periodista al aire, y agreg\u00f3 un dato que sorprendi\u00f3: \u201cSe conocen hace 20 a\u00f1os\u201d.<iframe loading=\"lazy\" title=\"YouTube video player\" src=\"https:\/\/www.youtube.com\/embed\/jerd6JWXPGI?si=gexwOi8XEUVJfm9r\" width=\"560\" height=\"315\" frameborder=\"0\" allowfullscreen=\"allowfullscreen\"><\/iframe><\/p>\n<p>La historia, siempre seg\u00fan su versi\u00f3n, comenz\u00f3 mucho antes de que<strong>\u00a0<a href=\"https:\/\/caras.perfil.com\/noticias\/celebridades\/murio-dylan-el-perro-de-alberto-fernandez.phtml\" target=\"_blank\" rel=\"noopener\">Alberto Fern\u00e1ndez<\/a>\u00a0<\/strong>llegara a la Casa Rosada. Ambos habr\u00edan compartido espacios de militancia cuando los dos se identificaban con el peronismo. Con el tiempo, cada uno tom\u00f3 su propio rumbo pol\u00edtico, pero el v\u00ednculo \u2014dice Iglesias\u2014 nunca se cort\u00f3 del todo.<\/p>\n<p><em><strong>Un v\u00ednculo que se afianz\u00f3 tras la separaci\u00f3n de Fabiola Y\u00e1\u00f1ez<\/strong><\/em><\/p>\n<p>El romance habr\u00eda tomado forma definitiva despu\u00e9s de la separaci\u00f3n de\u00a0<strong><a href=\"https:\/\/caras.perfil.com\/noticias\/celebridades\/fabiola-yanez-sobre-el-polemico-video-de-tamara-pettinato-y-alberto-fernandez-es-humillante.phtml\" target=\"_blank\" rel=\"noopener\">Fabiola Y\u00e1\u00f1ez<\/a><\/strong>, quien denunci\u00f3 al expresidente y se instal\u00f3 en Espa\u00f1a junto a su hijo. En ese contexto personal y judicial complejo,\u00a0<strong>Fern\u00e1ndez habr\u00eda retomado el contacto m\u00e1s frecuente con Hers Cabral.<img loading=\"lazy\" decoding=\"async\" class=\"alignnone wp-image-14834 size-large\" src=\"https:\/\/cafeprensa.com.ar\/wp-content\/uploads\/2026\/02\/Copia-de-424-20-1024x724.webp\" alt=\"\" width=\"1024\" height=\"724\" srcset=\"https:\/\/cafeprensa.com.ar\/wp-content\/uploads\/2026\/02\/Copia-de-424-20-1024x724.webp 1024w, https:\/\/cafeprensa.com.ar\/wp-content\/uploads\/2026\/02\/Copia-de-424-20-300x212.webp 300w, https:\/\/cafeprensa.com.ar\/wp-content\/uploads\/2026\/02\/Copia-de-424-20-768x543.webp 768w, https:\/\/cafeprensa.com.ar\/wp-content\/uploads\/2026\/02\/Copia-de-424-20-1536x1086.webp 1536w, https:\/\/cafeprensa.com.ar\/wp-content\/uploads\/2026\/02\/Copia-de-424-20.webp 1600w\" sizes=\"auto, (max-width: 1024px) 100vw, 1024px\" \/><\/strong><\/p>\n<p><strong>Fernanda Iglesias fue m\u00e1s all\u00e1 y habl\u00f3 incluso de convivencia. Seg\u00fan cont\u00f3, la exdiputada dejar\u00eda su casa en Belgrano para mudarse a Puerto Madero, donde reside el exmandatario.\u00a0\u201cSer\u00eda como un casamiento\u201d, grafic\u00f3 la periodista, al describir una etapa de mayor formalidad en la pareja y un proyecto que incluir\u00eda la din\u00e1mica familiar con el hijo menor de Fern\u00e1ndez.<\/strong><\/p>\n<p>El tema sentimental del exjefe de Estado no es menor si se tiene en cuenta que, meses atr\u00e1s, Y\u00e1\u00f1ez hab\u00eda dejado entrever en una entrevista con \u00c1ngel de Brito en LAM (Am\u00e9rica TV) que durante la relaci\u00f3n hubo sospechas de terceros en discordia.\u00a0<strong>\u201cEnga\u00f1\u00f3 a un mont\u00f3n de gente\u201d<\/strong>, lanz\u00f3 entonces, en una frase que reson\u00f3 fuerte y aliment\u00f3 versiones.<\/p>\n<p><em><strong>Qui\u00e9n es Anabella Hers Cabral, la nueva pareja de Alberto Fern\u00e1ndez<\/strong><\/em><\/p>\n<p><strong>Anabella Ruth Hers Cabral tiene 55 a\u00f1os, es abogada y cuenta con trayectoria en la pol\u00edtica porte\u00f1a<\/strong>. Fue diputada por el PRO \u2014en un armado que gener\u00f3 comentarios por su pasado peronista\u2014 y actualmente se desempe\u00f1a como directora general del Observatorio de Pol\u00edticas Penitenciarias y Derechos Humanos del Consejo de la Magistratura de la Ciudad de Buenos Aires.<\/p>\n<p>De bajo perfil medi\u00e1tico, evit\u00f3 confirmar abiertamente el romance, aunque sus respuestas dejaron la puerta entreabierta. En un intercambio de mensajes difundido por Iglesias, sostuvo:<strong>\u00a0\u201cCon el expresidente nos conocemos hace m\u00e1s de 20 a\u00f1os y en estos momentos ingratos e injustos que \u00e9l le toca vivir nos vemos m\u00e1s frecuentemente\u201d<\/strong>.<\/p>\n<div>\n<figure class=\"image pointer\" data-order=\"1\"><img decoding=\"async\" src=\"https:\/\/fotos.perfil.com\/\/2026\/02\/26\/900\/0\/anabella-hers-cabral-2193196.jpg\" alt=\"Anabella Hers Cabral\" \/><figcaption>Anabella Hers Cabral<\/figcaption><\/figure>\n<\/div>\n<p>Ante la consulta directa sobre si es su novia, respondi\u00f3 con cautela: \u201cYa te dije todo lo que tengo para decir\u201d. Y en otro tramo aclar\u00f3:\u00a0<strong>\u201cSomos amigos hace much\u00edsimos a\u00f1os y nunca dejamos de relacionarnos<\/strong>\u201d.<\/p>\n<p>Mientras\u00a0<strong>Alberto Fern\u00e1ndez\u00a0<\/strong>atraviesa un presente judicial delicado y un rol pol\u00edtico mucho m\u00e1s reservado que en sus a\u00f1os de gesti\u00f3n, su vida privada vuelve a quedar bajo la lupa. Esta vez, con una historia que \u2014seg\u00fan quienes la siguen de cerca\u2014 no empez\u00f3 ahora, sino hace dos d\u00e9cadas.<\/p>\n<\/div>\n<\/div>\n<\/article>\n","protected":false},"excerpt":{"rendered":"<p>Con una exdiputada del PRO: \u00abSe conocen hace 20 a\u00f1os\u00bb. El expresidente de la Naci\u00f3n, tras finalizar su relaci\u00f3n con Fabiola Y\u00e1\u00f1ez, fue conquistado por una dirigente pol\u00edtica del partido de Mauricio Macri. El nombre de\u00a0Alberto Fern\u00e1ndez\u00a0vuelve a acaparar la atenci\u00f3n de todos los medios, pero esta vez lejos de los tribunales y de los &hellip;<\/p>\n","protected":false},"author":2,"featured_media":14833,"comment_status":"open","ping_status":"open","sticky":false,"template":"","format":"standard","meta":{"footnotes":""},"categories":[33,26],"tags":[81,3016],"class_list":["post-14832","post","type-post","status-publish","format-standard","has-post-thumbnail","hentry","category-nacionales","category-policiales","tag-alberto-fernandez","tag-anabella-hers-cabral"],"_links":{"self":[{"href":"https:\/\/cafeprensa.com.ar\/index.php\/wp-json\/wp\/v2\/posts\/14832","targetHints":{"allow":["GET"]}}],"collection":[{"href":"https:\/\/cafeprensa.com.ar\/index.php\/wp-json\/wp\/v2\/posts"}],"about":[{"href":"https:\/\/cafeprensa.com.ar\/index.php\/wp-json\/wp\/v2\/types\/post"}],"author":[{"embeddable":true,"href":"https:\/\/cafeprensa.com.ar\/index.php\/wp-json\/wp\/v2\/users\/2"}],"replies":[{"embeddable":true,"href":"https:\/\/cafeprensa.com.ar\/index.php\/wp-json\/wp\/v2\/comments?post=14832"}],"version-history":[{"count":1,"href":"https:\/\/cafeprensa.com.ar\/index.php\/wp-json\/wp\/v2\/posts\/14832\/revisions"}],"predecessor-version":[{"id":14835,"href":"https:\/\/cafeprensa.com.ar\/index.php\/wp-json\/wp\/v2\/posts\/14832\/revisions\/14835"}],"wp:featuredmedia":[{"embeddable":true,"href":"https:\/\/cafeprensa.com.ar\/index.php\/wp-json\/wp\/v2\/media\/14833"}],"wp:attachment":[{"href":"https:\/\/cafeprensa.com.ar\/index.php\/wp-json\/wp\/v2\/media?parent=14832"}],"wp:term":[{"taxonomy":"category","embeddable":true,"href":"https:\/\/cafeprensa.com.ar\/index.php\/wp-json\/wp\/v2\/categories?post=14832"},{"taxonomy":"post_tag","embeddable":true,"href":"https:\/\/cafeprensa.com.ar\/index.php\/wp-json\/wp\/v2\/tags?post=14832"}],"curies":[{"name":"wp","href":"https:\/\/api.w.org\/{rel}","templated":true}]}}