{"id":1484,"date":"2024-03-02T14:07:08","date_gmt":"2024-03-02T13:07:08","guid":{"rendered":"https:\/\/cafeprensa.com.ar\/?p=1484"},"modified":"2024-03-02T14:08:04","modified_gmt":"2024-03-02T13:08:04","slug":"cobos-chahla-me-dejo-preocupado-porque-no-hablo-de-un-modelo-de-ciudad-sino-de-algunas-medidas-yesloganes","status":"publish","type":"post","link":"https:\/\/cafeprensa.com.ar\/index.php\/2024\/03\/02\/cobos-chahla-me-dejo-preocupado-porque-no-hablo-de-un-modelo-de-ciudad-sino-de-algunas-medidas-yesloganes\/","title":{"rendered":"Cobos: \u00abChahla me dej\u00f3 preocupado porque no habl\u00f3 de un modelo de Ciudad, sino de algunas medidas y esl\u00f3ganes\u00bb"},"content":{"rendered":"<p>El concejal radical <strong>Gustavo Cobos<\/strong> en di\u00e1logo con Caf\u00e9 Prensa se refiri\u00f3 al discurso de apertura del per\u00edodo de Sesiones Ordinarias en el Concejo Deliberante de SMT. Destac\u00f3 que el mensaje le dej\u00f3 una sensaci\u00f3n de \u00abvac\u00edo\u00bb ya que no estableci\u00f3 \u00abun modelo de ciudad, sino sobre algunas medidas aplicadas y esl\u00f3ganes\u00bb. Adem\u00e1s, se refiri\u00f3 a los problemas de agua, cloacas y transporte dentro de la Ciudad. Finalmente, describi\u00f3 cu\u00e1les ser\u00e1n sus pr\u00f3ximos proyectos a trabajar en su banca.<\/p>\n<p>Escucha la nota completa:<\/p>\n<audio class=\"wp-audio-shortcode\" id=\"audio-1484-1\" preload=\"none\" style=\"width: 100%;\" controls=\"controls\"><source type=\"audio\/mpeg\" src=\"https:\/\/cafeprensa.com.ar\/wp-content\/uploads\/2024\/03\/02-03-gustavo-cobos-parte-2-Cafe-prensa.mp3?_=1\" \/><a href=\"https:\/\/cafeprensa.com.ar\/wp-content\/uploads\/2024\/03\/02-03-gustavo-cobos-parte-2-Cafe-prensa.mp3\">https:\/\/cafeprensa.com.ar\/wp-content\/uploads\/2024\/03\/02-03-gustavo-cobos-parte-2-Cafe-prensa.mp3<\/a><\/audio>\n<audio class=\"wp-audio-shortcode\" id=\"audio-1484-2\" preload=\"none\" style=\"width: 100%;\" controls=\"controls\"><source type=\"audio\/mpeg\" src=\"https:\/\/cafeprensa.com.ar\/wp-content\/uploads\/2024\/03\/02-03-gustavo-cobos-parte-1-Cafe-prensa.mp3?_=2\" \/><a href=\"https:\/\/cafeprensa.com.ar\/wp-content\/uploads\/2024\/03\/02-03-gustavo-cobos-parte-1-Cafe-prensa.mp3\">https:\/\/cafeprensa.com.ar\/wp-content\/uploads\/2024\/03\/02-03-gustavo-cobos-parte-1-Cafe-prensa.mp3<\/a><\/audio>\n<p>&nbsp;<\/p>\n","protected":false},"excerpt":{"rendered":"<p>El concejal radical Gustavo Cobos en di\u00e1logo con Caf\u00e9 Prensa se refiri\u00f3 al discurso de apertura del per\u00edodo de Sesiones Ordinarias en el Concejo Deliberante de SMT. Destac\u00f3 que el mensaje le dej\u00f3 una sensaci\u00f3n de \u00abvac\u00edo\u00bb ya que no estableci\u00f3 \u00abun modelo de ciudad, sino sobre algunas medidas aplicadas y esl\u00f3ganes\u00bb. Adem\u00e1s, se refiri\u00f3 &hellip;<\/p>\n","protected":false},"author":2,"featured_media":1487,"comment_status":"open","ping_status":"open","sticky":false,"template":"","format":"standard","meta":{"footnotes":""},"categories":[34],"tags":[195,130,193,198,197,186,194,196],"class_list":["post-1484","post","type-post","status-publish","format-standard","has-post-thumbnail","hentry","category-locales","tag-apertura-de-sesiones","tag-concejo-deliberante","tag-gustavo-cobos","tag-logo","tag-modelo-de-ciudad","tag-rossana-chahla","tag-smt","tag-transparencia"],"_links":{"self":[{"href":"https:\/\/cafeprensa.com.ar\/index.php\/wp-json\/wp\/v2\/posts\/1484","targetHints":{"allow":["GET"]}}],"collection":[{"href":"https:\/\/cafeprensa.com.ar\/index.php\/wp-json\/wp\/v2\/posts"}],"about":[{"href":"https:\/\/cafeprensa.com.ar\/index.php\/wp-json\/wp\/v2\/types\/post"}],"author":[{"embeddable":true,"href":"https:\/\/cafeprensa.com.ar\/index.php\/wp-json\/wp\/v2\/users\/2"}],"replies":[{"embeddable":true,"href":"https:\/\/cafeprensa.com.ar\/index.php\/wp-json\/wp\/v2\/comments?post=1484"}],"version-history":[{"count":2,"href":"https:\/\/cafeprensa.com.ar\/index.php\/wp-json\/wp\/v2\/posts\/1484\/revisions"}],"predecessor-version":[{"id":1489,"href":"https:\/\/cafeprensa.com.ar\/index.php\/wp-json\/wp\/v2\/posts\/1484\/revisions\/1489"}],"wp:featuredmedia":[{"embeddable":true,"href":"https:\/\/cafeprensa.com.ar\/index.php\/wp-json\/wp\/v2\/media\/1487"}],"wp:attachment":[{"href":"https:\/\/cafeprensa.com.ar\/index.php\/wp-json\/wp\/v2\/media?parent=1484"}],"wp:term":[{"taxonomy":"category","embeddable":true,"href":"https:\/\/cafeprensa.com.ar\/index.php\/wp-json\/wp\/v2\/categories?post=1484"},{"taxonomy":"post_tag","embeddable":true,"href":"https:\/\/cafeprensa.com.ar\/index.php\/wp-json\/wp\/v2\/tags?post=1484"}],"curies":[{"name":"wp","href":"https:\/\/api.w.org\/{rel}","templated":true}]}}