{"id":14841,"date":"2026-02-28T09:46:42","date_gmt":"2026-02-28T12:46:42","guid":{"rendered":"https:\/\/cafeprensa.com.ar\/?p=14841"},"modified":"2026-02-28T09:47:17","modified_gmt":"2026-02-28T12:47:17","slug":"el-plan-educativo-tucumano-choca-con-un-informe-nacional","status":"publish","type":"post","link":"https:\/\/cafeprensa.com.ar\/index.php\/2026\/02\/28\/el-plan-educativo-tucumano-choca-con-un-informe-nacional\/","title":{"rendered":"El plan educativo tucumano choca con un informe nacional"},"content":{"rendered":"<div class=\"space-y-3\">\n<div class=\"max-w-4xl\">\n<p class=\"text-3xl md:text-4xl font-bold\">M\u00e1s horas en las aulas, menos tiempo efectivo:\u00a0Mientras la Provincia asegura que en 2026 todas las escuelas sumar\u00e1n tiempo de clases, un estudio advierte que el 72% de los alumnos tucumanos no alcanzar\u00e1 el m\u00ednimo anual de ense\u00f1anza fijado a nivel federal.<\/p>\n<\/div>\n<\/div>\n<div class=\"flex flex-col md:flex-row mt-3 gap-4 relative\">\n<div class=\"grow md:w-[856px] relative\">\n<div>\n<div class=\"relative -top-2\"><img loading=\"lazy\" decoding=\"async\" class=\"rounded w-full\" src=\"https:\/\/res.cloudinary.com\/dut4yhfgk\/image\/upload\/v1772215727\/Noticias\/tendencias\/mas-horas-en-las-aulas-menos-tiempo-efectivo-el-plan-educativo-tucumano-choca-con-un-informe-nacional\/ymxyhq622sw51m6ipv3w.jpg\" alt=\"M\u00e1s horas en las aulas, menos tiempo efectivo: El plan educativo tucumano choca con un informe nacional\" width=\"856\" height=\"422\" data-nimg=\"1\" \/><\/div>\n<\/div>\n<div class=\"md:flex md:items-start md:justify-between md:gap-8 relative \">\n<div class=\"pb-7 font-thin\">\n<p class=\"text-lg\"><strong>El Gobierno provincial confirm\u00f3 que el ciclo lectivo 2026 comenzar\u00e1 el 3 de marzo con la promesa de extender el tiempo escolar en el 100% de las escuelas tucumanas. Sin embargo, mientras las autoridades destacan la ampliaci\u00f3n horaria como una herramienta para mejorar la calidad educativa, un\u00a0<a class=\"content-link\" href=\"https:\/\/tendenciadenoticias.com.ar\/politica\/tucuman-en-el-centro-de-la-alerta-educativa-mas-del-70-de-sus-alumnos-de-primaria-no-alcanzaria-el-minimo-de-horas-de-clase-en-2026\" target=\"_blank\" rel=\"noopener noreferrer nofollow\">informe nacional<\/a>advirti\u00f3 que la mayor\u00eda de los alumnos de primaria en Tucum\u00e1n seguir\u00e1 sin alcanzar el m\u00ednimo de horas de clase establecido por el Consejo Federal de Educaci\u00f3n<\/strong>.<\/p>\n<p class=\"text-lg\">En una conferencia de prensa, el gobernador<strong>\u00a0Osvaldo Jaldo\u00a0<\/strong>oficializ\u00f3 el inicio\u00a0del calendario escolar el pr\u00f3ximo martes 3 de marzo y la ministra de Educaci\u00f3n,\u00a0<strong>Susana Montaldo<\/strong>, present\u00f3 los principales lineamientos para el nuevo a\u00f1o. La funcionaria record\u00f3 que durante 2025 se increment\u00f3 un 55% la cantidad de establecimientos con jornadas extendidas de siete horas o completas de ocho, una pol\u00edtica que continuar\u00e1 este a\u00f1o hasta abarcar a todo el sistema.<img loading=\"lazy\" decoding=\"async\" class=\"alignnone wp-image-14843 size-large\" src=\"https:\/\/cafeprensa.com.ar\/wp-content\/uploads\/2026\/02\/MINISTERIO-DE-EDUCACION_Mesa-de-trabajo-1-2-1024x305.png\" alt=\"\" width=\"1024\" height=\"305\" srcset=\"https:\/\/cafeprensa.com.ar\/wp-content\/uploads\/2026\/02\/MINISTERIO-DE-EDUCACION_Mesa-de-trabajo-1-2-1024x305.png 1024w, https:\/\/cafeprensa.com.ar\/wp-content\/uploads\/2026\/02\/MINISTERIO-DE-EDUCACION_Mesa-de-trabajo-1-2-300x89.png 300w, https:\/\/cafeprensa.com.ar\/wp-content\/uploads\/2026\/02\/MINISTERIO-DE-EDUCACION_Mesa-de-trabajo-1-2-768x229.png 768w, https:\/\/cafeprensa.com.ar\/wp-content\/uploads\/2026\/02\/MINISTERIO-DE-EDUCACION_Mesa-de-trabajo-1-2-1536x457.png 1536w, https:\/\/cafeprensa.com.ar\/wp-content\/uploads\/2026\/02\/MINISTERIO-DE-EDUCACION_Mesa-de-trabajo-1-2.png 2046w\" sizes=\"auto, (max-width: 1024px) 100vw, 1024px\" \/><\/p>\n<p class=\"text-lg\"><strong>Seg\u00fan explic\u00f3, la extensi\u00f3n de la permanencia en la escuela tuvo impacto tanto pedag\u00f3gico como social, al permitir que m\u00e1s estudiantes accedan al servicio alimentario. \u201cMuchos padres no regresan del trabajo al mediod\u00eda y hoy saben que sus hijos est\u00e1n en la escuela y que pueden comer en este momento tan dif\u00edcil\u201d, afirm\u00f3.<\/strong><\/p>\n<p><img decoding=\"async\" class=\"max-w-full h-auto object-contain\" title=\"MONTALDO.jpeg\" src=\"https:\/\/res.cloudinary.com\/dut4yhfgk\/image\/upload\/v1772215281\/Noticias\/general\/imagen-contenido\/content\/content-image-MONTALDO-1772215281051.jpg\" alt=\"MONTALDO.jpeg\" \/><\/p>\n<p class=\"text-lg\"><strong>El plan oficial prev\u00e9 que el 45% de las escuelas que a\u00fan no cuentan con jornada extendida incorporen desde este a\u00f1o una hora adicional de clases, lo que, de acuerdo con la cartera educativa, permitir\u00e1 completar la ampliaci\u00f3n horaria en toda la provincia.<\/strong><\/p>\n<p class=\"text-lg\">No obstante, el diagn\u00f3stico elaborado por la organizaci\u00f3n Argentinos por la Educaci\u00f3n introduce un contrapunto. El relevamiento proyecta que 718.712 alumnos de primaria en el pa\u00eds no alcanzar\u00e1n el piso anual de 760 horas de ense\u00f1anza y ubica a Tucum\u00e1n entre las jurisdicciones m\u00e1s comprometidas: el 72% de los estudiantes quedar\u00eda por debajo de ese est\u00e1ndar. El estudio atribuye esta situaci\u00f3n a calendarios m\u00e1s breves y a la persistencia de jornadas simples de entre cuatro y cinco horas diarias.<\/p>\n<p class=\"text-lg\"><strong>Desde el Ministerio de Educaci\u00f3n provincial sostienen que la ampliaci\u00f3n horaria tambi\u00e9n implica mejoras laborales. Montaldo indic\u00f3 que la medida representa un incremento aproximado del 20% en los ingresos de los docentes de grado y forma parte de una estrategia orientada a fortalecer tanto la ense\u00f1anza como el clima escolar. En ese sentido, se\u00f1al\u00f3 que se busca avanzar \u00abno solo en contenido, sino mejorar en calidad de convivencia, que nuestros chicos aprendan a resolver los conflictos, a tener autoestima, habilidades sociales\u00bb<\/strong>.<\/p>\n<p><img decoding=\"async\" class=\"max-w-full h-auto object-contain\" title=\"Captura de pantalla 2026-02-27 150525.png\" src=\"https:\/\/res.cloudinary.com\/dut4yhfgk\/image\/upload\/v1772215541\/Noticias\/general\/imagen-contenido\/content\/content-image-Captura%20-1772215539456.png\" alt=\"Captura de pantalla 2026-02-27 150525.png\" \/><\/p>\n<p class=\"text-lg\"><strong>El informe nacional analiza los calendarios oficiales de cada provincia y contempla fechas de inicio y cierre del ciclo lectivo, feriados, receso invernal y jornadas institucionales. Seg\u00fan sus conclusiones, 17 jurisdicciones cumplir\u00e1n con las 760 horas m\u00ednimas, mientras que otras siete, entre ellas Tucum\u00e1n, no lo har\u00e1n para una proporci\u00f3n importante de estudiantes.<\/strong><\/p>\n<p class=\"text-lg\">Especialistas advierten que el problema podr\u00eda ser a\u00fan mayor, ya que no existen registros sistem\u00e1ticos sobre los d\u00edas y horas de clase efectivamente dictados. Factores como conflictos laborales, ausentismo docente o dificultades edilicias suelen reducir el tiempo pedag\u00f3gico real respecto de lo planificado.<\/p>\n<p class=\"text-lg\"><strong>En paralelo con la ampliaci\u00f3n horaria, la Provincia prev\u00e9 realizar en junio el Segundo Congreso Provincial de Educaci\u00f3n, que tendr\u00e1 como ejes el fortalecimiento de la alfabetizaci\u00f3n en lengua y matem\u00e1tica, la incorporaci\u00f3n de inteligencia artificial y el desarrollo de habilidades socioemocionales.<\/strong><\/p>\n<p class=\"text-lg\"><strong>Montaldo destac\u00f3 que unos 15.000 docentes completaron el a\u00f1o pasado una capacitaci\u00f3n vinculada al uso de inteligencia artificial en la ense\u00f1anza (foto inferior) y adelant\u00f3 que en 2026 se repetir\u00e1 la formaci\u00f3n para quienes a\u00fan no la realizaron, adem\u00e1s de implementarse una segunda instancia destinada a profundizar su aplicaci\u00f3n pedag\u00f3gica.<\/strong><\/p>\n<p><img decoding=\"async\" class=\"max-w-full h-auto object-contain\" title=\"capacitacion docentes ia.jpeg\" src=\"https:\/\/res.cloudinary.com\/dut4yhfgk\/image\/upload\/v1772215636\/Noticias\/general\/imagen-contenido\/content\/content-image-capacita-1772215635590.jpg\" alt=\"capacitacion docentes ia.jpeg\" \/><\/p>\n<p class=\"text-lg\"><strong>Otra de las l\u00edneas de trabajo mencionadas por la funcionaria es la expansi\u00f3n de la ense\u00f1anza de idiomas. Seg\u00fan indic\u00f3, la asignatura Ingl\u00e9s ya se dicta en todos los grados de la escuela primaria y en parte del nivel secundario.<\/strong><\/p>\n<p class=\"text-lg\">El estudio sobre calendarios escolares tambi\u00e9n subraya que solo tres provincias alcanzar\u00e1n en 2026 la meta de 190 d\u00edas de clases \u2014Santiago del Estero, San Luis y Mendoza\u2014, mientras que el promedio nacional ser\u00e1 de 185 jornadas. En este contexto, Tucum\u00e1n integra el grupo de distritos donde la planificaci\u00f3n misma anticipa un d\u00e9ficit de horas de ense\u00f1anza, lo que plantea un desaf\u00edo adicional para cumplir con los est\u00e1ndares federales.<\/p>\n<p class=\"text-lg\"><strong>Como parte de las reformas previstas para este a\u00f1o, el Ministerio de Educaci\u00f3n anunci\u00f3 que 30 establecimientos iniciar\u00e1n un proceso de innovaci\u00f3n en el nivel secundario y que se increment\u00f3 la cantidad de supervisores para acompa\u00f1ar estos cambios institucionales.<\/strong><\/p>\n<p class=\"text-lg\">Al referirse a los objetivos de esta transformaci\u00f3n, Montaldo sostuvo que la actualizaci\u00f3n del sistema educativo busca responder a las demandas actuales. \u201cEl mundo ha cambiado mucho en este cuarto de siglo y queremos formar a nuestros j\u00f3venes para que puedan insertarse laboralmente y tener un mejor futuro\u201d, concluy\u00f3.<\/p>\n<div class=\"relative\">\n<div class=\"w-12 h-12 rounded-full bg-gradient-to-r from-[#423b8b] via-[#423b8bd9] to-[#423b8bb3] p-0.5 m-0.5\">\n<div class=\"w-full h-full rounded-full bg-background flex items-center justify-center\"><span style=\"font-size: 8pt;\"><img loading=\"lazy\" decoding=\"async\" class=\"rounded-full object-cover p-[2px]\" src=\"https:\/\/res.cloudinary.com\/dut4yhfgk\/image\/upload\/ar_1:1,c_auto,h_100,q_100,w_100\/v1760048499\/Administradores\/redactor\/enuncjzd5mfjiebpghng.jpg\" alt=\"Avatar de Gabriel Toledo\" width=\"33\" height=\"33\" data-nimg=\"1\" \/><b class=\"text-foreground capitalize text-sm leading-tight\" style=\"font-size: 8pt;\">Gabriel Toledo<\/b><\/span><\/div>\n<\/div>\n<\/div>\n<\/div>\n<\/div>\n<\/div>\n<\/div>\n","protected":false},"excerpt":{"rendered":"<p>M\u00e1s horas en las aulas, menos tiempo efectivo:\u00a0Mientras la Provincia asegura que en 2026 todas las escuelas sumar\u00e1n tiempo de clases, un estudio advierte que el 72% de los alumnos tucumanos no alcanzar\u00e1 el m\u00ednimo anual de ense\u00f1anza fijado a nivel federal. El Gobierno provincial confirm\u00f3 que el ciclo lectivo 2026 comenzar\u00e1 el 3 de &hellip;<\/p>\n","protected":false},"author":2,"featured_media":14842,"comment_status":"open","ping_status":"open","sticky":false,"template":"","format":"standard","meta":{"footnotes":""},"categories":[38,34],"tags":[3020,3018,94,3019],"class_list":["post-14841","post","type-post","status-publish","format-standard","has-post-thumbnail","hentry","category-educacion","category-locales","tag-clases-en-tucuman","tag-educacion-en-tucuman","tag-jaldo","tag-montqldo"],"_links":{"self":[{"href":"https:\/\/cafeprensa.com.ar\/index.php\/wp-json\/wp\/v2\/posts\/14841","targetHints":{"allow":["GET"]}}],"collection":[{"href":"https:\/\/cafeprensa.com.ar\/index.php\/wp-json\/wp\/v2\/posts"}],"about":[{"href":"https:\/\/cafeprensa.com.ar\/index.php\/wp-json\/wp\/v2\/types\/post"}],"author":[{"embeddable":true,"href":"https:\/\/cafeprensa.com.ar\/index.php\/wp-json\/wp\/v2\/users\/2"}],"replies":[{"embeddable":true,"href":"https:\/\/cafeprensa.com.ar\/index.php\/wp-json\/wp\/v2\/comments?post=14841"}],"version-history":[{"count":2,"href":"https:\/\/cafeprensa.com.ar\/index.php\/wp-json\/wp\/v2\/posts\/14841\/revisions"}],"predecessor-version":[{"id":14845,"href":"https:\/\/cafeprensa.com.ar\/index.php\/wp-json\/wp\/v2\/posts\/14841\/revisions\/14845"}],"wp:featuredmedia":[{"embeddable":true,"href":"https:\/\/cafeprensa.com.ar\/index.php\/wp-json\/wp\/v2\/media\/14842"}],"wp:attachment":[{"href":"https:\/\/cafeprensa.com.ar\/index.php\/wp-json\/wp\/v2\/media?parent=14841"}],"wp:term":[{"taxonomy":"category","embeddable":true,"href":"https:\/\/cafeprensa.com.ar\/index.php\/wp-json\/wp\/v2\/categories?post=14841"},{"taxonomy":"post_tag","embeddable":true,"href":"https:\/\/cafeprensa.com.ar\/index.php\/wp-json\/wp\/v2\/tags?post=14841"}],"curies":[{"name":"wp","href":"https:\/\/api.w.org\/{rel}","templated":true}]}}