{"id":14846,"date":"2026-02-28T10:12:39","date_gmt":"2026-02-28T13:12:39","guid":{"rendered":"https:\/\/cafeprensa.com.ar\/?p=14846"},"modified":"2026-02-28T10:13:47","modified_gmt":"2026-02-28T13:13:47","slug":"la-concejal-matar-se-reunio-con-el-gobernador-para-abordar-obras-comunitarias-para-alberdi","status":"publish","type":"post","link":"https:\/\/cafeprensa.com.ar\/index.php\/2026\/02\/28\/la-concejal-matar-se-reunio-con-el-gobernador-para-abordar-obras-comunitarias-para-alberdi\/","title":{"rendered":"La concejal Matar, se reuni\u00f2 con el gobernador para abordar obras comunitarias para Alberdi"},"content":{"rendered":"<header class=\"entry-header pos-rel\">\n<div class=\"read-details\">\n<div class=\"entry-header-details af-cat-widget-carousel\">\n<p class=\"entry-title\"><span style=\"font-size: 16px; font-weight: 400;\">La concejal de la ciudad de Alberdi, <\/span><strong style=\"font-size: 16px;\">Cinthia Matar<\/strong><span style=\"font-size: 16px; font-weight: 400;\">,\u00a0 se reuni\u00f3 el gobernador Osvaldo Jaldo.\u00a0 Con con quien dialog\u00f3 sobre cuestiones institucionales del municipio del sur tucumano as\u00ed como del desarrollo de obras y la gesti\u00f3n de servicios para mejorar la calidad de vida de los vecinos.<img loading=\"lazy\" decoding=\"async\" class=\"alignnone wp-image-14849 size-large\" src=\"https:\/\/cafeprensa.com.ar\/wp-content\/uploads\/2026\/02\/643860907_1488603739287588_4854404157257931939_n-1024x682.jpg\" alt=\"\" width=\"1024\" height=\"682\" srcset=\"https:\/\/cafeprensa.com.ar\/wp-content\/uploads\/2026\/02\/643860907_1488603739287588_4854404157257931939_n-1024x682.jpg 1024w, https:\/\/cafeprensa.com.ar\/wp-content\/uploads\/2026\/02\/643860907_1488603739287588_4854404157257931939_n-300x200.jpg 300w, https:\/\/cafeprensa.com.ar\/wp-content\/uploads\/2026\/02\/643860907_1488603739287588_4854404157257931939_n-768x512.jpg 768w, https:\/\/cafeprensa.com.ar\/wp-content\/uploads\/2026\/02\/643860907_1488603739287588_4854404157257931939_n.jpg 1150w\" sizes=\"auto, (max-width: 1024px) 100vw, 1024px\" \/><\/span><\/p>\n<\/div>\n<\/div>\n<\/header>\n<div class=\"color-pad\">\n<div class=\"entry-content read-details\">\n<p>Tras el encuentro, Matar explic\u00f3:<strong> \u201cTuve con el gobernador un encuentro totalmente positivo. Estuvimos hablando de distintas problem\u00e1ticas que tenemos en Juan Bautista Alberdi. El gobernador est\u00e1 dispuesto a colaborar y poder resolver estas cuestiones\u201d.\u00a0 <\/strong>En particular, la concejal expres\u00f3 que realiz\u00f3 pedidos para mejorar el servicio de agua potable sobre \u201cpozos de agua que tienen que ser pasados a la SAT\u201d, entre otras cuestiones.<\/p>\n<p><strong>Asimismo, Matar sostuvo: \u201ctengo la mejor predisposici\u00f3n para trabajar con el gobernador, como \u00e9l lo hace por Alberdi\u201d. <img loading=\"lazy\" decoding=\"async\" class=\"alignnone wp-image-14847 size-large\" src=\"https:\/\/cafeprensa.com.ar\/wp-content\/uploads\/2026\/02\/641642319_1488603772620918_1544751533018577291_n-1024x682.jpg\" alt=\"\" width=\"1024\" height=\"682\" srcset=\"https:\/\/cafeprensa.com.ar\/wp-content\/uploads\/2026\/02\/641642319_1488603772620918_1544751533018577291_n-1024x682.jpg 1024w, https:\/\/cafeprensa.com.ar\/wp-content\/uploads\/2026\/02\/641642319_1488603772620918_1544751533018577291_n-300x200.jpg 300w, https:\/\/cafeprensa.com.ar\/wp-content\/uploads\/2026\/02\/641642319_1488603772620918_1544751533018577291_n-768x512.jpg 768w, https:\/\/cafeprensa.com.ar\/wp-content\/uploads\/2026\/02\/641642319_1488603772620918_1544751533018577291_n.jpg 1372w\" sizes=\"auto, (max-width: 1024px) 100vw, 1024px\" \/><\/strong><\/p>\n<p><strong>Con respecto a las inclemencias clim\u00e1ticas que se han vivido en los \u00faltimos tiempos, sostuvo: \u201canoche justamente hubo una lluvia muy fuerte. S\u00e9 que hay algunas casas afectadas. Desde la intendencia de Juan Bautista Alberdi est\u00e1n tomando todos los recaudos necesarios para solucionarlos\u201d.<\/strong><\/p>\n<\/div>\n<\/div>\n","protected":false},"excerpt":{"rendered":"<p>La concejal de la ciudad de Alberdi, Cinthia Matar,\u00a0 se reuni\u00f3 el gobernador Osvaldo Jaldo.\u00a0 Con con quien dialog\u00f3 sobre cuestiones institucionales del municipio del sur tucumano as\u00ed como del desarrollo de obras y la gesti\u00f3n de servicios para mejorar la calidad de vida de los vecinos. Tras el encuentro, Matar explic\u00f3: \u201cTuve con el &hellip;<\/p>\n","protected":false},"author":2,"featured_media":14848,"comment_status":"open","ping_status":"open","sticky":false,"template":"","format":"standard","meta":{"footnotes":""},"categories":[1707,54],"tags":[3022,3021],"class_list":["post-14846","post","type-post","status-publish","format-standard","has-post-thumbnail","hentry","category-concejales-de-tucuman","category-interes-ganeral","tag-cinthia-matar","tag-concejal-de-la-ciudad-de-alberdi"],"_links":{"self":[{"href":"https:\/\/cafeprensa.com.ar\/index.php\/wp-json\/wp\/v2\/posts\/14846","targetHints":{"allow":["GET"]}}],"collection":[{"href":"https:\/\/cafeprensa.com.ar\/index.php\/wp-json\/wp\/v2\/posts"}],"about":[{"href":"https:\/\/cafeprensa.com.ar\/index.php\/wp-json\/wp\/v2\/types\/post"}],"author":[{"embeddable":true,"href":"https:\/\/cafeprensa.com.ar\/index.php\/wp-json\/wp\/v2\/users\/2"}],"replies":[{"embeddable":true,"href":"https:\/\/cafeprensa.com.ar\/index.php\/wp-json\/wp\/v2\/comments?post=14846"}],"version-history":[{"count":2,"href":"https:\/\/cafeprensa.com.ar\/index.php\/wp-json\/wp\/v2\/posts\/14846\/revisions"}],"predecessor-version":[{"id":14852,"href":"https:\/\/cafeprensa.com.ar\/index.php\/wp-json\/wp\/v2\/posts\/14846\/revisions\/14852"}],"wp:featuredmedia":[{"embeddable":true,"href":"https:\/\/cafeprensa.com.ar\/index.php\/wp-json\/wp\/v2\/media\/14848"}],"wp:attachment":[{"href":"https:\/\/cafeprensa.com.ar\/index.php\/wp-json\/wp\/v2\/media?parent=14846"}],"wp:term":[{"taxonomy":"category","embeddable":true,"href":"https:\/\/cafeprensa.com.ar\/index.php\/wp-json\/wp\/v2\/categories?post=14846"},{"taxonomy":"post_tag","embeddable":true,"href":"https:\/\/cafeprensa.com.ar\/index.php\/wp-json\/wp\/v2\/tags?post=14846"}],"curies":[{"name":"wp","href":"https:\/\/api.w.org\/{rel}","templated":true}]}}