{"id":14853,"date":"2026-02-28T10:18:05","date_gmt":"2026-02-28T13:18:05","guid":{"rendered":"https:\/\/cafeprensa.com.ar\/?p=14853"},"modified":"2026-02-28T10:18:05","modified_gmt":"2026-02-28T13:18:05","slug":"el-lunes-inicia-la-entrega-del-boleto-gratuito-para-jubilados","status":"publish","type":"post","link":"https:\/\/cafeprensa.com.ar\/index.php\/2026\/02\/28\/el-lunes-inicia-la-entrega-del-boleto-gratuito-para-jubilados\/","title":{"rendered":"El lunes inicia la entrega del Boleto Gratuito para Jubilados"},"content":{"rendered":"<div class=\"row ts-gutter-30 noticia\">\n<div class=\"col-lg-8 nota-left-section\">\n<div id=\"details-news-239649\" class=\"single-post\">\n<div class=\"post-content-area\">\n<div class=\"post-media\">\n<div class=\"post-header-area\">\n<p>El Ministerio de Obras P\u00fablicas inform\u00f3 que desde el 2 de marzo, se dar\u00e1 continuidad al operativo destinado a beneficiarios de San Miguel de Tucum\u00e1n. La entrega se realizar\u00e1 en el Complejo Belgrano.<\/p>\n<\/div>\n<\/div>\n<div class=\"articleBody\">\n<div>\n<p id=\"isPasted\"><strong>El Gobierno de Tucum\u00e1n comenzar\u00e1 el pr\u00f3ximo lunes 2 de marzo con una nueva etapa de entrega del Boleto Gratuito para Jubilados, destinada a beneficiarios de la Capital. El operativo se desarrollar\u00e1 hasta el viernes 6 de marzo, en el Complejo Belgrano, ubicado en avenida S\u00e1enz Pe\u00f1a y General Paz, en el horario de 7 a 13.<img loading=\"lazy\" decoding=\"async\" class=\"alignnone wp-image-14854 size-full\" src=\"https:\/\/cafeprensa.com.ar\/wp-content\/uploads\/2026\/02\/Captura_de_pantalla_2025-11-30_203627.webp\" alt=\"\" width=\"811\" height=\"556\" srcset=\"https:\/\/cafeprensa.com.ar\/wp-content\/uploads\/2026\/02\/Captura_de_pantalla_2025-11-30_203627.webp 811w, https:\/\/cafeprensa.com.ar\/wp-content\/uploads\/2026\/02\/Captura_de_pantalla_2025-11-30_203627-300x206.webp 300w, https:\/\/cafeprensa.com.ar\/wp-content\/uploads\/2026\/02\/Captura_de_pantalla_2025-11-30_203627-768x527.webp 768w, https:\/\/cafeprensa.com.ar\/wp-content\/uploads\/2026\/02\/Captura_de_pantalla_2025-11-30_203627-220x150.webp 220w\" sizes=\"auto, (max-width: 811px) 100vw, 811px\" \/><\/strong><\/p>\n<p>El secretario de Estado de Transporte de la Provincia,\u00a0<strong>Vicente Nicastro,<\/strong>\u00a0inform\u00f3 que el padr\u00f3n se mantiene sin modificaciones respecto al cierre del a\u00f1o anterior, ya que todav\u00eda no se habilitaron nuevas inscripciones.<\/p>\n<p><strong>\u201cDamos continuidad al operativo de entrega de boletos a los jubilados. Como ya es habitual, vamos a estar durante la primera semana de marzo en el Complejo Belgrano, entregando los boletos a los jubilados de San Miguel de Tucum\u00e1n que hayan optado por retirarlos all\u00ed\u201d, se\u00f1al\u00f3 el funcionario.<\/strong><\/p>\n<p>Asimismo, record\u00f3 que los beneficiarios deber\u00e1n presentar su DNI f\u00edsico vigente y que la entrega se organizar\u00e1 seg\u00fan la terminaci\u00f3n del documento.<\/p>\n<p>En cuanto al sistema, Nicastro confirm\u00f3 que se continuar\u00e1 utilizando el formato papel para los boletos.<\/p>\n<p><strong>Cronograma de entrega<\/strong><\/p>\n<p><em><strong>\u25cf\u00a0 \u00a0 \u00a0 \u00a0 \u00a0 \u00a0 \u00a0Lunes 2: DNI terminados en 0 y 1<\/strong><\/em><\/p>\n<p><em><strong>\u25cf\u00a0 \u00a0 \u00a0 \u00a0 \u00a0 \u00a0 \u00a0Martes 3: DNI terminados en 2 y 3<\/strong><\/em><\/p>\n<p><em><strong>\u25cf\u00a0 \u00a0 \u00a0 \u00a0 \u00a0 \u00a0 \u00a0Mi\u00e9rcoles 4: DNI terminados en 4 y 5<\/strong><\/em><\/p>\n<p><em><strong>\u25cf\u00a0 \u00a0 \u00a0 \u00a0 \u00a0 \u00a0 \u00a0Jueves 5: DNI terminados en 6 y 7<\/strong><\/em><\/p>\n<p><em><strong>\u25cf\u00a0 \u00a0 \u00a0 \u00a0 \u00a0 \u00a0 \u00a0Viernes 6: DNI terminados en 8 y 9<\/strong><\/em><\/p>\n<p>Durante el operativo, el Ministerio de Salud acompa\u00f1ar\u00e1 con agentes del SIPROSA para la realizaci\u00f3n de controles peri\u00f3dicos y vacunaci\u00f3n. Respecto a los jubilados del interior, el funcionario inform\u00f3 que la entrega se concretar\u00e1 la pr\u00f3xima semana, conforme al esquema de distribuci\u00f3n coordinado por el Ministerio del Interior en municipios y comunas.<\/p>\n<p><strong>Finalmente, confirm\u00f3 que se entregar\u00e1n boletos correspondientes a los meses de marzo, abril y mayo, con vencimiento el 10 de junio.<\/strong><\/p>\n<\/div>\n<\/div>\n<\/div>\n<\/div>\n<\/div>\n<\/div>\n","protected":false},"excerpt":{"rendered":"<p>El Ministerio de Obras P\u00fablicas inform\u00f3 que desde el 2 de marzo, se dar\u00e1 continuidad al operativo destinado a beneficiarios de San Miguel de Tucum\u00e1n. La entrega se realizar\u00e1 en el Complejo Belgrano. El Gobierno de Tucum\u00e1n comenzar\u00e1 el pr\u00f3ximo lunes 2 de marzo con una nueva etapa de entrega del Boleto Gratuito para Jubilados, &hellip;<\/p>\n","protected":false},"author":2,"featured_media":14855,"comment_status":"open","ping_status":"open","sticky":false,"template":"","format":"standard","meta":{"footnotes":""},"categories":[54,34],"tags":[1103,166],"class_list":["post-14853","post","type-post","status-publish","format-standard","has-post-thumbnail","hentry","category-interes-ganeral","category-locales","tag-boletos","tag-jubilados"],"_links":{"self":[{"href":"https:\/\/cafeprensa.com.ar\/index.php\/wp-json\/wp\/v2\/posts\/14853","targetHints":{"allow":["GET"]}}],"collection":[{"href":"https:\/\/cafeprensa.com.ar\/index.php\/wp-json\/wp\/v2\/posts"}],"about":[{"href":"https:\/\/cafeprensa.com.ar\/index.php\/wp-json\/wp\/v2\/types\/post"}],"author":[{"embeddable":true,"href":"https:\/\/cafeprensa.com.ar\/index.php\/wp-json\/wp\/v2\/users\/2"}],"replies":[{"embeddable":true,"href":"https:\/\/cafeprensa.com.ar\/index.php\/wp-json\/wp\/v2\/comments?post=14853"}],"version-history":[{"count":1,"href":"https:\/\/cafeprensa.com.ar\/index.php\/wp-json\/wp\/v2\/posts\/14853\/revisions"}],"predecessor-version":[{"id":14856,"href":"https:\/\/cafeprensa.com.ar\/index.php\/wp-json\/wp\/v2\/posts\/14853\/revisions\/14856"}],"wp:featuredmedia":[{"embeddable":true,"href":"https:\/\/cafeprensa.com.ar\/index.php\/wp-json\/wp\/v2\/media\/14855"}],"wp:attachment":[{"href":"https:\/\/cafeprensa.com.ar\/index.php\/wp-json\/wp\/v2\/media?parent=14853"}],"wp:term":[{"taxonomy":"category","embeddable":true,"href":"https:\/\/cafeprensa.com.ar\/index.php\/wp-json\/wp\/v2\/categories?post=14853"},{"taxonomy":"post_tag","embeddable":true,"href":"https:\/\/cafeprensa.com.ar\/index.php\/wp-json\/wp\/v2\/tags?post=14853"}],"curies":[{"name":"wp","href":"https:\/\/api.w.org\/{rel}","templated":true}]}}