{"id":14857,"date":"2026-02-28T10:31:03","date_gmt":"2026-02-28T13:31:03","guid":{"rendered":"https:\/\/cafeprensa.com.ar\/?p=14857"},"modified":"2026-02-28T10:31:03","modified_gmt":"2026-02-28T13:31:03","slug":"indemnizacion-por-despido-que-cambia-y-como-se-calculara-con-la-reforma-laboral","status":"publish","type":"post","link":"https:\/\/cafeprensa.com.ar\/index.php\/2026\/02\/28\/indemnizacion-por-despido-que-cambia-y-como-se-calculara-con-la-reforma-laboral\/","title":{"rendered":"Indemnizaci\u00f3n por despido: qu\u00e9 cambia y c\u00f3mo se calcular\u00e1 con la reforma laboral"},"content":{"rendered":"<header class=\"article-top\">\n<div class=\"epigraph full padding-lr\">Nueva base de c\u00e1lculo y la posibilidad de pagarla en cuotas, entre los principales cambios. \u00bfAplica para empleados contratados antes de la ley?<\/div>\n<\/header>\n<div class=\"article-content full padding-lr\">\n<p data-mrf-recirculation=\"Links art\u00edculo\"><a href=\"https:\/\/www.iprofesional.com\/politica\/449135-reforma-laboral-ya-es-ley-que-cambia-para-los-empleados-con-el-mayor-hito-de-milei\" target=\"_blank\" rel=\"noopener noreferrer\" data-mrf-link=\"https:\/\/www.iprofesional.com\/politica\/449135-reforma-laboral-ya-es-ley-que-cambia-para-los-empleados-con-el-mayor-hito-de-milei\">El\u00a0<\/a><strong><a href=\"https:\/\/www.iprofesional.com\/politica\/449135-reforma-laboral-ya-es-ley-que-cambia-para-los-empleados-con-el-mayor-hito-de-milei\" target=\"_blank\" rel=\"noopener noreferrer\" data-mrf-link=\"https:\/\/www.iprofesional.com\/politica\/449135-reforma-laboral-ya-es-ley-que-cambia-para-los-empleados-con-el-mayor-hito-de-milei\">Senado convirti\u00f3 en ley la reforma laboral<\/a><a href=\"https:\/\/www.iprofesional.com\/politica\/448593-que-establece-el-fondo-de-asistencia-laboral-y-como-impactara-en-empresas-y-trabajadores\" target=\"_blank\" rel=\"noopener noreferrer\" data-mrf-link=\"https:\/\/www.iprofesional.com\/politica\/448593-que-establece-el-fondo-de-asistencia-laboral-y-como-impactara-en-empresas-y-trabajadores\">,<\/a><\/strong><a href=\"https:\/\/www.iprofesional.com\/politica\/448593-que-establece-el-fondo-de-asistencia-laboral-y-como-impactara-en-empresas-y-trabajadores\" target=\"_blank\" rel=\"noopener noreferrer\" data-mrf-link=\"https:\/\/www.iprofesional.com\/politica\/448593-que-establece-el-fondo-de-asistencia-laboral-y-como-impactara-en-empresas-y-trabajadores\">\u00a0<\/a>luego de ser aprobada en\u00a0<strong>Diputados\u00a0<\/strong>y regresar a la C\u00e1mara Alta por la\u00a0<strong>eliminaci\u00f3n del art\u00edculo 44<\/strong>, que buscaba modificar las licencias por enfermedad. Finalmente, este viernes el Senado<strong>\u00a0termin\u00f3 de convertir en ley el proyecto del Gobierno<\/strong>, que impactar\u00e1 de lleno en empresas y empleados con cambios profundos. Una de las\u00a0<a href=\"https:\/\/www.iprofesional.com\/legales\/448625-que-indemnizacion-por-despido-recibira-un-empleado-contratado-pre-reforma-laboral\" target=\"_blank\" rel=\"noopener noreferrer\" data-mrf-link=\"https:\/\/www.iprofesional.com\/legales\/448625-que-indemnizacion-por-despido-recibira-un-empleado-contratado-pre-reforma-laboral\">modificaciones que m\u00e1s dudas y pol\u00e9mica gener\u00f3 fue en las indemnizaciones. <\/a>Una vez entre en vigencia la nueva ley, la forma de calcularlas se modificar\u00e1, a la vez que se incluye la posibilidad de pagarla en cuotas y se fija la manera de actualizarla. <img loading=\"lazy\" decoding=\"async\" class=\"alignnone wp-image-14859 size-full\" src=\"https:\/\/cafeprensa.com.ar\/wp-content\/uploads\/2026\/02\/603473.webp\" alt=\"\" width=\"768\" height=\"432\" srcset=\"https:\/\/cafeprensa.com.ar\/wp-content\/uploads\/2026\/02\/603473.webp 768w, https:\/\/cafeprensa.com.ar\/wp-content\/uploads\/2026\/02\/603473-300x169.webp 300w, https:\/\/cafeprensa.com.ar\/wp-content\/uploads\/2026\/02\/603473-390x220.webp 390w\" sizes=\"auto, (max-width: 768px) 100vw, 768px\" \/><\/p>\n<h2>Reforma laboral: cu\u00e1les son los cambios para las indemnizaciones<\/h2>\n<p data-mrf-recirculation=\"Links art\u00edculo\">Lo concreto es que la<a href=\"https:\/\/www.iprofesional.com\/impuestos\/448577-conflicto-9-ejes-reforma-laboral-terminaran-en-justicia\" target=\"_blank\" rel=\"noopener noreferrer\" data-mrf-link=\"https:\/\/www.iprofesional.com\/impuestos\/448577-conflicto-9-ejes-reforma-laboral-terminaran-en-justicia\">\u00a0reforma laboral introduce cambios<\/a>\u00a0relevantes en materia de<strong>\u00a0indemnizaciones por despido,<\/strong>\u00a0aunque mantiene la estructura b\u00e1sica del esquema vigente.<\/p>\n<h3>C\u00f3mo se calcula: un mes por a\u00f1o, pero con nueva base de c\u00e1lculo<\/h3>\n<p data-mrf-recirculation=\"Links art\u00edculo\">La nueva ley conserva el criterio tradicional:\u00a0un mes de sueldo por cada a\u00f1o de servicio o fracci\u00f3n mayor a tres meses, tomando como referencia la mejor remuneraci\u00f3n mensual, normal y habitual de los \u00faltimos doce meses.<\/p>\n<p data-mrf-recirculation=\"Links art\u00edculo\">Sin embargo, modifica qu\u00e9 conceptos integran esa base. A diferencia del r\u00e9gimen actual, s<strong>e excluyen del c\u00e1lculo sumas que no se abonan mensualmente, como el Sueldo Anual Complementario (aguinaldo) y premios extraordinarios. <\/strong>En la pr\u00e1ctica, esto puede<strong>\u00a0reducir el monto final a percibir<\/strong>, ya que limita la base indemnizatoria a componentes estrictamente mensuales y habituales.<img loading=\"lazy\" decoding=\"async\" class=\"alignnone wp-image-14861 size-large\" src=\"https:\/\/cafeprensa.com.ar\/wp-content\/uploads\/2026\/02\/FbXkXq7FU_2000x1500__1-1024x768.jpg\" alt=\"\" width=\"1024\" height=\"768\" srcset=\"https:\/\/cafeprensa.com.ar\/wp-content\/uploads\/2026\/02\/FbXkXq7FU_2000x1500__1-1024x768.jpg 1024w, https:\/\/cafeprensa.com.ar\/wp-content\/uploads\/2026\/02\/FbXkXq7FU_2000x1500__1-300x225.jpg 300w, https:\/\/cafeprensa.com.ar\/wp-content\/uploads\/2026\/02\/FbXkXq7FU_2000x1500__1-768x576.jpg 768w, https:\/\/cafeprensa.com.ar\/wp-content\/uploads\/2026\/02\/FbXkXq7FU_2000x1500__1-1536x1152.jpg 1536w, https:\/\/cafeprensa.com.ar\/wp-content\/uploads\/2026\/02\/FbXkXq7FU_2000x1500__1.jpg 2000w\" sizes=\"auto, (max-width: 1024px) 100vw, 1024px\" \/><\/p>\n<h3>Topes y piso m\u00ednimo<\/h3>\n<p data-mrf-recirculation=\"Links art\u00edculo\">El texto fija adem\u00e1s un tope m\u00e1ximo: la indemnizaci\u00f3n no podr\u00e1 superar tres veces el salario promedio establecido en el convenio colectivo aplicable. A su vez, introduce un piso de garant\u00eda: no podr\u00e1 ser inferior al 67% de la remuneraci\u00f3n mensual habitual ni menor a un mes de sueldo.\u00a0<strong>Para los trabajadores que no est\u00e9n encuadrados en un convenio colectivo, se aplicar\u00e1 el tope m\u00e1s favorable vigente en el establecimiento. De este modo, se intenta evitar que queden en una situaci\u00f3n m\u00e1s desfavorable por no estar bajo una negociaci\u00f3n colectiva espec\u00edfica.<\/strong><\/p>\n<h3>Cierre de reclamos posteriores<\/h3>\n<p data-mrf-recirculation=\"Links art\u00edculo\">Un punto clave es que\u00a0<strong>el cobro de la indemnizaci\u00f3n implicar\u00e1 la extinci\u00f3n de cualquier reclamo ulterior vinculado al despido<\/strong>, con excepci\u00f3n de eventuales delitos penales. Es decir, una vez percibida la suma correspondiente, el trabajador no podr\u00e1 iniciar nuevas acciones civiles o laborales por el mismo hecho.<\/p>\n<p data-mrf-recirculation=\"Links art\u00edculo\"><strong>Adem\u00e1s, habilita que los convenios colectivos puedan pactar, de manera opcional, la creaci\u00f3n de un fondo o sistema de cese laboral financiado por el empleador, que funcione como reemplazo del esquema indemnizatorio tradicional. Este mecanismo se asemeja al modelo de la construcci\u00f3n, donde existe un fondo acumulativo en lugar de una indemnizaci\u00f3n al momento del despido. <\/strong>En caso de muerte del trabajador, sus beneficiarios legales tendr\u00e1n derecho a percibir la misma indemnizaci\u00f3n prevista para un despido sin causa. El empleador -o quienes resulten responsables solidarios- deber\u00e1n abonar esa suma.<\/p>\n<p data-mrf-recirculation=\"Links art\u00edculo\">Si\u00a0<a href=\"https:\/\/www.iprofesional.com\/politica\/448587-diputados-aprobo-el-fal-el-articulo-mas-discutido-impulsado-por-caputo\" target=\"_blank\" rel=\"noopener noreferrer\" data-mrf-link=\"https:\/\/www.iprofesional.com\/politica\/448587-diputados-aprobo-el-fal-el-articulo-mas-discutido-impulsado-por-caputo\">se implementara un Fondo de Asistencia Laboral (FAL)<\/a>, la transferencia al trabajador deber\u00e1 concretarse dentro de los cinco d\u00edas h\u00e1biles posteriores a la notificaci\u00f3n correspondiente, lo que introduce un plazo concreto para efectivizar el pago.<\/p>\n<h3>Pago en cuotas y actualizaci\u00f3n<\/h3>\n<p data-mrf-recirculation=\"Links art\u00edculo\">Otro aspecto novedoso es\u00a0la posibilidad de abonar las indemnizaciones fijadas por sentencia judicial en cuotas: hasta seis pagos mensuales para grandes empresas y hasta doce para micro, peque\u00f1as y medianas empresas.\u00a0<strong>Esas cuotas se ajustar\u00edan por inflaci\u00f3n y devengar\u00edan un inter\u00e9s adicional del 3% anual. <\/strong>En t\u00e9rminos pr\u00e1cticos, esto implica que el trabajador podr\u00eda no cobrar el total de la indemnizaci\u00f3n de una sola vez, sino en un esquema financiado, aunque con actualizaci\u00f3n para compensar la p\u00e9rdida de valor.<\/p>\n<h3>Contratos a plazo fijo y eventuales<\/h3>\n<p data-mrf-recirculation=\"Links art\u00edculo\">Finalmente, la reforma laboral extiende el mismo criterio indemnizatorio a los contratos a plazo fijo y a los eventuales. Para calcular la compensaci\u00f3n, se considerar\u00e1 la antig\u00fcedad que el trabajador habr\u00eda alcanzado hasta el vencimiento original del contrato. En conjunto, se\u00a0<strong>mantiene la l\u00f3gica de \u00abun mes por a\u00f1o\u00bb<\/strong>, pero redefine la base de c\u00e1lculo, fija nuevos l\u00edmites y habilita mecanismos alternativos que podr\u00edan modificar en la pr\u00e1ctica el alcance econ\u00f3mico de las indemnizaciones.<\/p>\n<h2>La implementaci\u00f3n del Fondo de Asistencia Laboral<\/h2>\n<p data-mrf-recirculation=\"Links art\u00edculo\">Adem\u00e1s, la reforma laboral obliga a cada empresa a constituir una cuenta espec\u00edfica en una entidad financiera, destinada exclusivamente a afrontar eventuales indemnizaciones por despido.\u00a0Esos fondos estar\u00e1n bajo supervisi\u00f3n de la\u00a0<strong>Comisi\u00f3n Nacional de Valores<\/strong>, dependiente del Ministerio de Econom\u00eda, aunque a\u00fan restan definiciones sobre qu\u00e9 instituciones podr\u00e1n administrarlos y bajo qu\u00e9 condiciones. El dinero acumulado\u00a0<strong>generar\u00e1 rendimientos financieros y comisiones para las entidades gestoras.<\/strong><\/p>\n<p data-mrf-recirculation=\"Links art\u00edculo\"><a title=\"Avanza la reforma laboral: c\u00f3mo funcionar\u00e1 el nuevo fondo de asistencia para financiar despidos\" href=\"https:\/\/www.iprofesional.com\/legales\/448408-fondo-para-financiar-despidos-asi-funcionara-medida-clave-de-reforma-laboral\" target=\"_blank\" rel=\"noopener noreferrer\" data-mrf-link=\"https:\/\/www.iprofesional.com\/legales\/448408-fondo-para-financiar-despidos-asi-funcionara-medida-clave-de-reforma-laboral\">El financiamiento<\/a>\u00a0no implicar\u00e1, en principio, un costo adicional para el empleador. El aporte mensual obligatorio &#8211;<strong>1% de la masa salarial para grandes compa\u00f1\u00edas y 2,5% para pymes<\/strong>&#8211; se detraer\u00e1 de lo que hoy se destina a la ANSES. La cartera econ\u00f3mica podr\u00e1 elevar esos\u00a0<strong>porcentajes hasta 1,5% y 3%<\/strong>, respectivamente. Tambi\u00e9n se habilita la posibilidad de\u00a0<strong>aportes voluntarios adicionales<\/strong>, cuyos detalles quedar\u00e1n<a title=\"Indemnizaciones y reforma laboral: c\u00f3mo se calcular\u00e1 para los empleados contratados antes de la nueva norma\" href=\"https:\/\/www.iprofesional.com\/legales\/448591-reforma-laboral-que-pasa-con-la-indemnizacion-de-empleados-contratados-antes-del-cambio\" target=\"_blank\" rel=\"noopener noreferrer\" data-mrf-link=\"https:\/\/www.iprofesional.com\/legales\/448591-reforma-laboral-que-pasa-con-la-indemnizacion-de-empleados-contratados-antes-del-cambio\">\u00a0sujetos a la reglamentaci\u00f3n.<\/a><\/p>\n<p data-mrf-recirculation=\"Links art\u00edculo\">El nuevo marco cambia la forma en que se determina la compensaci\u00f3n por despido: deja afuera \u00edtems como\u00a0<strong>el aguinaldo, las vacaciones pendientes y las horas suplementarias,<\/strong> y habilita que el monto pueda cancelarse en pagos fraccionados. De todos modos, la creaci\u00f3n del FAL no modifica la obligaci\u00f3n patronal de pagar la indemnizaci\u00f3n completa; si el fondo no alcanza, la diferencia deber\u00e1 cubrirse con recursos propios de la empresa.<\/p>\n<p data-mrf-recirculation=\"Links art\u00edculo\">El fondo solo podr\u00e1 utilizarse para empleados registrados y con al menos un a\u00f1o de antig\u00fcedad.<\/p>\n<h2>Indemnizaciones: \u00bfse aplicar\u00e1 el nuevo c\u00e1lculo para contratos previos a la reforma laboral?<\/h2>\n<p data-mrf-recirculation=\"Links art\u00edculo\">Una de las grandes dudas que surgi\u00f3 luego de la aprobaci\u00f3n del proyecto en Diputados, es\u00a0si la nueva ley se podr\u00e1 aplicar tambi\u00e9n a la hora de calcular las indemnizaciones para trabajadores cuyos v\u00ednculos laborales son previos a la sanci\u00f3n de la norma.<\/p>\n<p data-mrf-recirculation=\"Links art\u00edculo\">El propio\u00a0<a href=\"https:\/\/www.iprofesional.com\/politica\/448585-sturzenegger-sobre-la-reforma-laboral-el-golpe-mas-trascendental-a-las-castas\" target=\"_blank\" rel=\"noopener noreferrer\" data-mrf-link=\"https:\/\/www.iprofesional.com\/politica\/448585-sturzenegger-sobre-la-reforma-laboral-el-golpe-mas-trascendental-a-las-castas\">ministro de Desregulaci\u00f3n Federico Sturzenegger\u00a0<\/a>lo hab\u00eda dejado en claro en una de sus explicaciones sobre el proyecto de modernizaci\u00f3n laboral:\u00a0<strong>\u00abLa reforma aplica a todos los empleos, no solo a los nuevos\u00bb.<\/strong><\/p>\n<p data-mrf-recirculation=\"Links art\u00edculo\"><strong>Esta definici\u00f3n corre, l\u00f3gicamente, para el caso de las indemnizaciones. \u00abEn principio,\u00a0en materia laboral rige el principio de aplicaci\u00f3n inmediata de la ley nueva a las consecuencias de las relaciones en curso\u00a0(art. 7 del C\u00f3digo Civil y Comercial). Esto significa que, si la ley entra en vigencia y luego se produce el despido, la indemnizaci\u00f3n deber\u00eda calcularse conforme al nuevo r\u00e9gimen, aunque la relaci\u00f3n laboral haya comenzado antes\u00bb, explic\u00f3 a\u00a0iProfesional\u00a0el abogado\u00a0Jorge Grispo.<\/strong><\/p>\n<p data-mrf-recirculation=\"Links art\u00edculo\">Quien, de todas formas, dijo que \u00abhay que distinguir dos cuestiones\u00bb:<\/p>\n<ol>\n<li>\u00abSi el despido ocurre\u00a0<strong>despu\u00e9s de la entrada en vigencia de la ley<\/strong>, el nuevo esquema indemnizatorio (base de c\u00e1lculo, tope, definici\u00f3n de habitualidad, eventual fondo de cese, etc.) se aplicar\u00eda en principio a ese distracto, aun cuando el v\u00ednculo sea anterior\u00bb, enumer\u00f3.<\/li>\n<li>\u00ab<strong>Si el despido ocurri\u00f3 antes de la vigencia de la ley<\/strong>, la indemnizaci\u00f3n ya qued\u00f3 \u2018devengada\u2019 bajo el r\u00e9gimen anterior y no puede ser modificada retroactivamente, porque eso afectar\u00eda un derecho ya incorporado al patrimonio del trabajador\u00bb, aclar\u00f3.<\/li>\n<\/ol>\n<p data-mrf-recirculation=\"Links art\u00edculo\">Por su parte, el abogado\u00a0<strong>Juli\u00e1n Ortiz Alonso,<\/strong> gerente del Departamento de Seguridad Social y Derecho del Trabajo del Estudio Lisicki, Litvin y Abelovich, sostuvo que\u00a0\u00abel proyecto no distingue entre nuevas relaciones o relaciones actualmente vigente, por lo que se aplica a todas\u00bb.\u00a0<strong>\u00abLa regla general, establecida en el art. 7\u00b0 del CCyCN, es que las normas no tienen efecto retroactivo, salvo que lo dispongan expresamente y no afecte garant\u00edas constitucionales\u00bb, se\u00f1al\u00f3 Ortiz Alonso, que asegur\u00f3 que la discusi\u00f3n entonces est\u00e1 \u00aben qu\u00e9 se considera un derecho adquirido y qu\u00e9 son derechos en expectativa\u00bb.<\/strong><\/p>\n<p data-mrf-recirculation=\"Links art\u00edculo\">En la misma l\u00edna,\u00a0<strong>Justo Espinosa Paz<\/strong>, del estudio Espinosa Paz y Asociados, sostuvo que la nueva f\u00f3rmula del c\u00e1lculo para las indemnizaciones\u00a0<strong>se aplicar\u00e1 \u00aba todo trabajador cuyo despido se produzca con posterioridad a la entrada en vigencia de la reforma\u00bb.<\/strong><\/p>\n<p data-mrf-recirculation=\"Links art\u00edculo\">\u00abLo determinante es cu\u00e1ndo se produce el despido.\u00a0Desde que el v\u00ednculo laboral est\u00e1 vigente,<strong>\u00a0la indemnizaci\u00f3n es un derecho en expectativa<\/strong>; y cuando se produce el despido, reci\u00e9n es un derecho adquirido. Si el trabajador fue despedido antes de la entrada en vigencia de la nueva ley, ya tiene un derecho adquirido a percibir una indemnizaci\u00f3n con el r\u00e9gimen vigente. No se podr\u00eda aplicar la reforma\u00bb, agreg\u00f3 el abogado.<\/p>\n<p data-mrf-recirculation=\"Links art\u00edculo\">A modo de ejemplo, podr\u00eda tratarse por caso de\u00a0<a href=\"https:\/\/www.iprofesional.com\/negocios\/448338-el-cierre-de-fate-genera-consecuencias-economicas-y-politicas-de-peso\" target=\"_blank\" rel=\"noopener noreferrer\" data-mrf-link=\"https:\/\/www.iprofesional.com\/negocios\/448338-el-cierre-de-fate-genera-consecuencias-economicas-y-politicas-de-peso\">los empleados despedidos recientemente por Fate<\/a>. Y aclar\u00f3 que, si el despido se produce despu\u00e9s de la entrada en vigencia,\u00a0<strong>\u00abse aplica el nuevo r\u00e9gimen\u00bb.<\/strong><\/p>\n<p data-mrf-recirculation=\"Links art\u00edculo\"><span style=\"font-size: 8pt;\"><strong>FUENTE: https:\/\/www.iprofesional.com\/politica\/449028-indemnizacion-por-despido-que-cambia-como-se-calculara-con-reforma-laboral<\/strong><\/span><\/p>\n<\/div>\n","protected":false},"excerpt":{"rendered":"<p>Nueva base de c\u00e1lculo y la posibilidad de pagarla en cuotas, entre los principales cambios. \u00bfAplica para empleados contratados antes de la ley? El\u00a0Senado convirti\u00f3 en ley la reforma laboral,\u00a0luego de ser aprobada en\u00a0Diputados\u00a0y regresar a la C\u00e1mara Alta por la\u00a0eliminaci\u00f3n del art\u00edculo 44, que buscaba modificar las licencias por enfermedad. Finalmente, este viernes el &hellip;<\/p>\n","protected":false},"author":2,"featured_media":14858,"comment_status":"open","ping_status":"open","sticky":false,"template":"","format":"standard","meta":{"footnotes":""},"categories":[28,33],"tags":[3023],"class_list":["post-14857","post","type-post","status-publish","format-standard","has-post-thumbnail","hentry","category-economia","category-nacionales","tag-las-indemnizaciones"],"_links":{"self":[{"href":"https:\/\/cafeprensa.com.ar\/index.php\/wp-json\/wp\/v2\/posts\/14857","targetHints":{"allow":["GET"]}}],"collection":[{"href":"https:\/\/cafeprensa.com.ar\/index.php\/wp-json\/wp\/v2\/posts"}],"about":[{"href":"https:\/\/cafeprensa.com.ar\/index.php\/wp-json\/wp\/v2\/types\/post"}],"author":[{"embeddable":true,"href":"https:\/\/cafeprensa.com.ar\/index.php\/wp-json\/wp\/v2\/users\/2"}],"replies":[{"embeddable":true,"href":"https:\/\/cafeprensa.com.ar\/index.php\/wp-json\/wp\/v2\/comments?post=14857"}],"version-history":[{"count":1,"href":"https:\/\/cafeprensa.com.ar\/index.php\/wp-json\/wp\/v2\/posts\/14857\/revisions"}],"predecessor-version":[{"id":14862,"href":"https:\/\/cafeprensa.com.ar\/index.php\/wp-json\/wp\/v2\/posts\/14857\/revisions\/14862"}],"wp:featuredmedia":[{"embeddable":true,"href":"https:\/\/cafeprensa.com.ar\/index.php\/wp-json\/wp\/v2\/media\/14858"}],"wp:attachment":[{"href":"https:\/\/cafeprensa.com.ar\/index.php\/wp-json\/wp\/v2\/media?parent=14857"}],"wp:term":[{"taxonomy":"category","embeddable":true,"href":"https:\/\/cafeprensa.com.ar\/index.php\/wp-json\/wp\/v2\/categories?post=14857"},{"taxonomy":"post_tag","embeddable":true,"href":"https:\/\/cafeprensa.com.ar\/index.php\/wp-json\/wp\/v2\/tags?post=14857"}],"curies":[{"name":"wp","href":"https:\/\/api.w.org\/{rel}","templated":true}]}}