{"id":14863,"date":"2026-02-28T10:42:51","date_gmt":"2026-02-28T13:42:51","guid":{"rendered":"https:\/\/cafeprensa.com.ar\/?p=14863"},"modified":"2026-02-28T10:46:20","modified_gmt":"2026-02-28T13:46:20","slug":"avanzan-las-obras-del-nuevo-via-crucis-de-choromoro-para-jerarquizar-el-turismo-religioso","status":"publish","type":"post","link":"https:\/\/cafeprensa.com.ar\/index.php\/2026\/02\/28\/avanzan-las-obras-del-nuevo-via-crucis-de-choromoro-para-jerarquizar-el-turismo-religioso\/","title":{"rendered":"Avanzan las obras del nuevo V\u00eda Crucis de Choromoro para jerarquizar el Turismo Religioso"},"content":{"rendered":"<header class=\"entry-header pos-rel\">\n<div class=\"read-details\">\n<div class=\"entry-header-details af-cat-widget-carousel\">\n<div class=\"aft-post-excerpt-and-meta color-pad\">\n<div class=\"entry-meta author-links\">El presidente del Ente Tucum\u00e1n Turismo, Domingo Amaya, recorri\u00f3 el sendero de 14 estaciones que se integra arm\u00f3nicamente al paisaje del Valle. El proyecto, que nace de una promesa vecinal y el apoyo provincial, busca ser inaugurado en Semana Santa.<\/div>\n<\/div>\n<\/div>\n<\/div>\n<\/header>\n<div class=\"color-pad\">\n<div class=\"entry-content read-details\">\n<p><strong>All\u00ed donde el verde de los cerros se vuelve infinito y el silencio solo es interrumpido por el latido de la fe, la comuna de Choromoro se prepara para ofrecer una experiencia conmovedora. En un entorno que evoca la m\u00edstica de las tierras sagradas, avanza la construcci\u00f3n del nuevo V\u00eda Crucis, un atractor que promete transformar el turismo religioso del norte tucumano.<img loading=\"lazy\" decoding=\"async\" class=\"alignnone wp-image-14867 size-large\" src=\"https:\/\/cafeprensa.com.ar\/wp-content\/uploads\/2026\/02\/ente-1-1-1024x575.png\" alt=\"\" width=\"1024\" height=\"575\" srcset=\"https:\/\/cafeprensa.com.ar\/wp-content\/uploads\/2026\/02\/ente-1-1-1024x575.png 1024w, https:\/\/cafeprensa.com.ar\/wp-content\/uploads\/2026\/02\/ente-1-1-300x168.png 300w, https:\/\/cafeprensa.com.ar\/wp-content\/uploads\/2026\/02\/ente-1-1-768x431.png 768w, https:\/\/cafeprensa.com.ar\/wp-content\/uploads\/2026\/02\/ente-1-1-390x220.png 390w, https:\/\/cafeprensa.com.ar\/wp-content\/uploads\/2026\/02\/ente-1-1.png 1441w\" sizes=\"auto, (max-width: 1024px) 100vw, 1024px\" \/><\/strong><\/p>\n<p>El presidente del Ente Tucum\u00e1n Turismo (ETT), Domingo Amaya, visit\u00f3 la localidad para supervisar el progreso de esta obra junto al comisionado comunal, Luis D\u00edaz, y la ex delegada Mar\u00eda D\u00edaz. El recorrido de 14 estaciones, que relata la pasi\u00f3n de Cristo, se encuentra en su etapa final de ejecuci\u00f3n con el objetivo de recibir a los fieles y turistas durante la pr\u00f3xima Semana Santa.<\/p>\n<p><strong>\u201cEste es un lugar muy especial. Quienes conocen Tierra Santa dicen que es muy similar al camino que recorri\u00f3 Jes\u00fas; es un espacio cargado de emotividad y naturaleza\u201d, destac\u00f3 Amaya durante la visita. El funcionario subray\u00f3 que este logro es fruto de una gesti\u00f3n articulada: \u201cTrabajamos bajo los lineamientos del gobernador Osvaldo Jaldo y en conjunto con el ministro del Interior, Dar\u00edo Montero, para generar atractores que jerarquicen el interior provincial\u201d.<img loading=\"lazy\" decoding=\"async\" class=\"alignnone wp-image-14864 size-full\" src=\"https:\/\/cafeprensa.com.ar\/wp-content\/uploads\/2026\/02\/730x473_260227102910_93890.webp\" alt=\"\" width=\"730\" height=\"473\" srcset=\"https:\/\/cafeprensa.com.ar\/wp-content\/uploads\/2026\/02\/730x473_260227102910_93890.webp 730w, https:\/\/cafeprensa.com.ar\/wp-content\/uploads\/2026\/02\/730x473_260227102910_93890-300x194.webp 300w\" sizes=\"auto, (max-width: 730px) 100vw, 730px\" \/><\/strong><\/p>\n<p>Un proyecto con identidad local La g\u00e9nesis de este V\u00eda Crucis tiene un fuerte componente comunitario. Naci\u00f3 a partir de una promesa y el gesto solidario de un vecino, Facundo Maldonado, quien don\u00f3 los cuadros con las estaciones. La comuna, con el apoyo t\u00e9cnico y financiero del Ente, se encarg\u00f3 de grabarlos en piedra y pintarlos, logrando que el arte sacro se funda con la geograf\u00eda del lugar.<\/p>\n<p><strong>El comisionado Luis D\u00edaz resalt\u00f3 que la obra se realiza \u00edntegramente con materiales y mano de obra local: \u201cUsamos piedras de los r\u00edos Choromoro y Vipos, y postes de pino de la zona de Gonzalo. Es un esfuerzo de mucha gente comprometida; empleados de la comuna que ponen todo su amor en este trabajo para recuperar un espacio que antes estaba desperdiciado\u201d.<img loading=\"lazy\" decoding=\"async\" class=\"alignnone wp-image-14866 size-full\" src=\"https:\/\/cafeprensa.com.ar\/wp-content\/uploads\/2026\/02\/643000800_18389773756152782_935573349336048452_n.jpg\" alt=\"\" width=\"590\" height=\"332\" srcset=\"https:\/\/cafeprensa.com.ar\/wp-content\/uploads\/2026\/02\/643000800_18389773756152782_935573349336048452_n.jpg 590w, https:\/\/cafeprensa.com.ar\/wp-content\/uploads\/2026\/02\/643000800_18389773756152782_935573349336048452_n-300x169.jpg 300w, https:\/\/cafeprensa.com.ar\/wp-content\/uploads\/2026\/02\/643000800_18389773756152782_935573349336048452_n-390x220.jpg 390w\" sizes=\"auto, (max-width: 590px) 100vw, 590px\" \/><\/strong><\/p>\n<p>Nuevas etapas de obra Durante la supervisi\u00f3n, las autoridades definieron los detalles t\u00e9cnicos para las etapas finales, que incluyen:<\/p>\n<p><em><strong>-Instalaci\u00f3n de sanitarios y \u00e1reas de servicio.<\/strong><\/em><\/p>\n<p><em><strong>-Colocaci\u00f3n de barandas de seguridad y mejoras en la accesibilidad del sendero.<\/strong><\/em><\/p>\n<p><em><strong>-Obras de iluminaci\u00f3n para potenciar el recorrido.<\/strong><\/em><\/p>\n<p><em><strong>-Creaci\u00f3n de un \u00e1rea de descanso con mirador panor\u00e1mico.<\/strong><\/em><\/p>\n<p>Por su parte, Mar\u00eda D\u00edaz record\u00f3 que este proyecto era un anhelo de larga data: \u201cHoy sentimos que esto es parte de todos. La misma gente de Choromoro sugiere d\u00f3nde poner una planta o qu\u00e9 mejorar. Gracias al impulso del contador Amaya, pudimos concretar este sue\u00f1o que hoy nos llena de orgullo\u201d.<\/p>\n<p><strong>Con la mirada puesta en abril, Tucum\u00e1n suma un nuevo hito a su Camino de la Fe, invitando a tucumanos y visitantes a un encuentro \u00edntimo con la fe en uno de los paisajes m\u00e1s aut\u00e9nticos de la provincia.<\/strong><\/p>\n<\/div>\n<\/div>\n","protected":false},"excerpt":{"rendered":"<p>El presidente del Ente Tucum\u00e1n Turismo, Domingo Amaya, recorri\u00f3 el sendero de 14 estaciones que se integra arm\u00f3nicamente al paisaje del Valle. El proyecto, que nace de una promesa vecinal y el apoyo provincial, busca ser inaugurado en Semana Santa. All\u00ed donde el verde de los cerros se vuelve infinito y el silencio solo es &hellip;<\/p>\n","protected":false},"author":2,"featured_media":14865,"comment_status":"open","ping_status":"open","sticky":false,"template":"","format":"standard","meta":{"footnotes":""},"categories":[34,170],"tags":[570,1565],"class_list":["post-14863","post","type-post","status-publish","format-standard","has-post-thumbnail","hentry","category-locales","category-turismo","tag-domingo-amaya","tag-ente-de-turismo-de-tucuman"],"_links":{"self":[{"href":"https:\/\/cafeprensa.com.ar\/index.php\/wp-json\/wp\/v2\/posts\/14863","targetHints":{"allow":["GET"]}}],"collection":[{"href":"https:\/\/cafeprensa.com.ar\/index.php\/wp-json\/wp\/v2\/posts"}],"about":[{"href":"https:\/\/cafeprensa.com.ar\/index.php\/wp-json\/wp\/v2\/types\/post"}],"author":[{"embeddable":true,"href":"https:\/\/cafeprensa.com.ar\/index.php\/wp-json\/wp\/v2\/users\/2"}],"replies":[{"embeddable":true,"href":"https:\/\/cafeprensa.com.ar\/index.php\/wp-json\/wp\/v2\/comments?post=14863"}],"version-history":[{"count":1,"href":"https:\/\/cafeprensa.com.ar\/index.php\/wp-json\/wp\/v2\/posts\/14863\/revisions"}],"predecessor-version":[{"id":14869,"href":"https:\/\/cafeprensa.com.ar\/index.php\/wp-json\/wp\/v2\/posts\/14863\/revisions\/14869"}],"wp:featuredmedia":[{"embeddable":true,"href":"https:\/\/cafeprensa.com.ar\/index.php\/wp-json\/wp\/v2\/media\/14865"}],"wp:attachment":[{"href":"https:\/\/cafeprensa.com.ar\/index.php\/wp-json\/wp\/v2\/media?parent=14863"}],"wp:term":[{"taxonomy":"category","embeddable":true,"href":"https:\/\/cafeprensa.com.ar\/index.php\/wp-json\/wp\/v2\/categories?post=14863"},{"taxonomy":"post_tag","embeddable":true,"href":"https:\/\/cafeprensa.com.ar\/index.php\/wp-json\/wp\/v2\/tags?post=14863"}],"curies":[{"name":"wp","href":"https:\/\/api.w.org\/{rel}","templated":true}]}}