{"id":1490,"date":"2024-03-02T14:53:28","date_gmt":"2024-03-02T13:53:28","guid":{"rendered":"https:\/\/cafeprensa.com.ar\/?p=1490"},"modified":"2024-03-02T14:53:28","modified_gmt":"2024-03-02T13:53:28","slug":"federico-romano-norri-milei-tiene-un-problema-sistematico-con-la-ucr-porque-vive-atacando-al-partido","status":"publish","type":"post","link":"https:\/\/cafeprensa.com.ar\/index.php\/2024\/03\/02\/federico-romano-norri-milei-tiene-un-problema-sistematico-con-la-ucr-porque-vive-atacando-al-partido\/","title":{"rendered":"Federico Romano Norri: \u00abMilei tiene un problema sistem\u00e1tico con la UCR porque vive atacando al partido\u00bb"},"content":{"rendered":"<p>El concejal radical de SMT <strong>Federico Romano Norri<\/strong> se refiri\u00f3 a las declaraciones de la intendenta capitalina Rossana Chahla durante el discurso de apertura de Sesiones Ordinarias del Concejo Deliberante. Adem\u00e1s, manifest\u00f3 su opini\u00f3n sobre la \u00faltima sesi\u00f3n extraordinaria donde se trato el aumento del boleto. Finalmente, analiz\u00f3 el contexto pol\u00edtico nacional tras el discurso en el Congreso del Presidente Javier Milei.<\/p>\n<p>Escucha la nota completa:<\/p>\n<audio class=\"wp-audio-shortcode\" id=\"audio-1490-1\" preload=\"none\" style=\"width: 100%;\" controls=\"controls\"><source type=\"audio\/mpeg\" src=\"https:\/\/cafeprensa.com.ar\/wp-content\/uploads\/2024\/03\/02-03-federico-romano-norri-parte-1-Cafe-prensa.mp3?_=1\" \/><a href=\"https:\/\/cafeprensa.com.ar\/wp-content\/uploads\/2024\/03\/02-03-federico-romano-norri-parte-1-Cafe-prensa.mp3\">https:\/\/cafeprensa.com.ar\/wp-content\/uploads\/2024\/03\/02-03-federico-romano-norri-parte-1-Cafe-prensa.mp3<\/a><\/audio>\n<audio class=\"wp-audio-shortcode\" id=\"audio-1490-2\" preload=\"none\" style=\"width: 100%;\" controls=\"controls\"><source type=\"audio\/mpeg\" src=\"https:\/\/cafeprensa.com.ar\/wp-content\/uploads\/2024\/03\/02-03-federico-romano-norri-parte-2-Cafe-prensa.mp3?_=2\" \/><a href=\"https:\/\/cafeprensa.com.ar\/wp-content\/uploads\/2024\/03\/02-03-federico-romano-norri-parte-2-Cafe-prensa.mp3\">https:\/\/cafeprensa.com.ar\/wp-content\/uploads\/2024\/03\/02-03-federico-romano-norri-parte-2-Cafe-prensa.mp3<\/a><\/audio>\n","protected":false},"excerpt":{"rendered":"<p>El concejal radical de SMT Federico Romano Norri se refiri\u00f3 a las declaraciones de la intendenta capitalina Rossana Chahla durante el discurso de apertura de Sesiones Ordinarias del Concejo Deliberante. Adem\u00e1s, manifest\u00f3 su opini\u00f3n sobre la \u00faltima sesi\u00f3n extraordinaria donde se trato el aumento del boleto. Finalmente, analiz\u00f3 el contexto pol\u00edtico nacional tras el discurso &hellip;<\/p>\n","protected":false},"author":2,"featured_media":1492,"comment_status":"open","ping_status":"open","sticky":false,"template":"","format":"standard","meta":{"footnotes":""},"categories":[34],"tags":[107,199,200,186],"class_list":["post-1490","post","type-post","status-publish","format-standard","has-post-thumbnail","hentry","category-locales","tag-aumento-del-boleto","tag-federico-romano-norri","tag-javier-milei","tag-rossana-chahla"],"_links":{"self":[{"href":"https:\/\/cafeprensa.com.ar\/index.php\/wp-json\/wp\/v2\/posts\/1490","targetHints":{"allow":["GET"]}}],"collection":[{"href":"https:\/\/cafeprensa.com.ar\/index.php\/wp-json\/wp\/v2\/posts"}],"about":[{"href":"https:\/\/cafeprensa.com.ar\/index.php\/wp-json\/wp\/v2\/types\/post"}],"author":[{"embeddable":true,"href":"https:\/\/cafeprensa.com.ar\/index.php\/wp-json\/wp\/v2\/users\/2"}],"replies":[{"embeddable":true,"href":"https:\/\/cafeprensa.com.ar\/index.php\/wp-json\/wp\/v2\/comments?post=1490"}],"version-history":[{"count":1,"href":"https:\/\/cafeprensa.com.ar\/index.php\/wp-json\/wp\/v2\/posts\/1490\/revisions"}],"predecessor-version":[{"id":1494,"href":"https:\/\/cafeprensa.com.ar\/index.php\/wp-json\/wp\/v2\/posts\/1490\/revisions\/1494"}],"wp:featuredmedia":[{"embeddable":true,"href":"https:\/\/cafeprensa.com.ar\/index.php\/wp-json\/wp\/v2\/media\/1492"}],"wp:attachment":[{"href":"https:\/\/cafeprensa.com.ar\/index.php\/wp-json\/wp\/v2\/media?parent=1490"}],"wp:term":[{"taxonomy":"category","embeddable":true,"href":"https:\/\/cafeprensa.com.ar\/index.php\/wp-json\/wp\/v2\/categories?post=1490"},{"taxonomy":"post_tag","embeddable":true,"href":"https:\/\/cafeprensa.com.ar\/index.php\/wp-json\/wp\/v2\/tags?post=1490"}],"curies":[{"name":"wp","href":"https:\/\/api.w.org\/{rel}","templated":true}]}}