{"id":14936,"date":"2026-03-03T18:15:44","date_gmt":"2026-03-03T21:15:44","guid":{"rendered":"https:\/\/cafeprensa.com.ar\/?p=14936"},"modified":"2026-03-03T18:15:44","modified_gmt":"2026-03-03T21:15:44","slug":"agustin-fernandez-el-nuevo-defensor-del-pueblo-de-tucuman","status":"publish","type":"post","link":"https:\/\/cafeprensa.com.ar\/index.php\/2026\/03\/03\/agustin-fernandez-el-nuevo-defensor-del-pueblo-de-tucuman\/","title":{"rendered":"Agust\u00edn Fern\u00e1ndez el nuevo Defensor del Pueblo de Tucum\u00e1n"},"content":{"rendered":"<div class=\"float-start col-md-12 col-lg-6 col-12 fotos-containers  mb-0 \">\n<div class=\"container-fluid p-0 galeria_fotos_nota\">\n<div class=\" row\"><b>La Legislatura de Tucum\u00e1n se reunir\u00e1 este viernes en sesi\u00f3n especial para elegir al nuevo titular de la Defensor\u00eda del Pueblo de Tucum\u00e1n, y todo indica que el cargo quedar\u00e1 en manos de Agust\u00edn Fern\u00e1ndez, quien cuenta con el respaldo pol\u00edtico del gobernador Osvaldo Jaldo y del bloque oficialista.<img loading=\"lazy\" decoding=\"async\" class=\"alignnone wp-image-14938 size-full\" src=\"https:\/\/cafeprensa.com.ar\/wp-content\/uploads\/2026\/03\/818x460_200102153011_71406.jpg\" alt=\"\" width=\"818\" height=\"460\" srcset=\"https:\/\/cafeprensa.com.ar\/wp-content\/uploads\/2026\/03\/818x460_200102153011_71406.jpg 818w, https:\/\/cafeprensa.com.ar\/wp-content\/uploads\/2026\/03\/818x460_200102153011_71406-300x169.jpg 300w, https:\/\/cafeprensa.com.ar\/wp-content\/uploads\/2026\/03\/818x460_200102153011_71406-768x432.jpg 768w, https:\/\/cafeprensa.com.ar\/wp-content\/uploads\/2026\/03\/818x460_200102153011_71406-390x220.jpg 390w\" sizes=\"auto, (max-width: 818px) 100vw, 818px\" \/> <\/b><\/div>\n<\/div>\n<\/div>\n<div class=\"col-md-12 col-12 col-lg-12 post-content p-lg-2\">La convocatoria fue confirmada por el vicegobernador Miguel Acevedo, quien precis\u00f3 que la sesi\u00f3n comenzar\u00e1 a las 9 y tendr\u00e1 como \u00fanico punto en el orden del d\u00eda la designaci\u00f3n del Ombudsman provincial.<\/div>\n<div class=\"col-md-12 col-12 col-lg-12 post-content p-lg-2\">El proceso de selecci\u00f3n se inici\u00f3 con 45 postulantes y se redujo a una terna integrada por Agust\u00edn Fern\u00e1ndez, Jos\u00e9 Antonio Alcaraz y Claudia Isabel Boyanovsky, tras las evaluaciones realizadas por las comisiones de Asuntos Constitucionales y de Peticiones y Acuerdos.<br \/>\n<strong>Aunque formalmente la votaci\u00f3n se realizar\u00e1 en el recinto, en el oficialismo dan por descontado que Fern\u00e1ndez reunir\u00e1 los votos necesarios para ser proclamado como nuevo Defensor del Pueblo. Su trayectoria pol\u00edtica y su alineamiento con el espacio que conduce Jaldo consolidaron los consensos internos dentro del peronismo tucumano, lo que le otorga una ventaja decisiva frente a los otros candidatos.<\/strong><br \/>\nFern\u00e1ndez es licenciado en Ciencias Pol\u00edticas por la UNSTA y fue diputado provincial entre 2019 y 2023, per\u00edodo en el que presidi\u00f3 el bloque Independencia, alineado con el actual gobernador. Anteriormente fue concejal e intendente de Aguilares durante tres mandatos consecutivos, lo que le permiti\u00f3 construir una estructura territorial y v\u00ednculos pol\u00edticos que hoy se reflejan en el respaldo legislativo.<br \/>\n<strong>Desde el oficialismo remarcan que el procedimiento cumpli\u00f3 con las exigencias establecidas por la Ley N\u00b0 6.644 y por la Constituci\u00f3n provincial. Las entrevistas a los postulantes ya fueron realizadas y la terna qued\u00f3 oficialmente habilitada para la votaci\u00f3n definitiva.<img loading=\"lazy\" decoding=\"async\" class=\"alignnone wp-image-14939 size-full\" src=\"https:\/\/cafeprensa.com.ar\/wp-content\/uploads\/2026\/03\/resize_1675856611.jpg\" alt=\"\" width=\"1024\" height=\"684\" srcset=\"https:\/\/cafeprensa.com.ar\/wp-content\/uploads\/2026\/03\/resize_1675856611.jpg 1024w, https:\/\/cafeprensa.com.ar\/wp-content\/uploads\/2026\/03\/resize_1675856611-300x200.jpg 300w, https:\/\/cafeprensa.com.ar\/wp-content\/uploads\/2026\/03\/resize_1675856611-768x513.jpg 768w\" sizes=\"auto, (max-width: 1024px) 100vw, 1024px\" \/><\/strong><br \/>\nLa Defensor\u00eda del Pueblo de Tucum\u00e1n es el organismo encargado de la defensa, protecci\u00f3n y promoci\u00f3n de los derechos humanos e intereses individuales y colectivos frente a actos u omisiones de la administraci\u00f3n p\u00fablica provincial y municipal, as\u00ed como de los prestadores de servicios p\u00fablicos. El titular del organismo act\u00faa con autonom\u00eda funcional y puede iniciar investigaciones, requerir documentaci\u00f3n e intervenir ante situaciones que afecten derechos constitucionales.<img loading=\"lazy\" decoding=\"async\" class=\"alignnone wp-image-14894 size-full\" src=\"https:\/\/cafeprensa.com.ar\/wp-content\/uploads\/2026\/03\/970x250-2.gif\" alt=\"\" width=\"970\" height=\"250\" \/><\/p>\n<div><strong>De confirmarse la elecci\u00f3n de Fern\u00e1ndez este viernes, el oficialismo provincial consolidar\u00e1 una posici\u00f3n clave dentro de la estructura institucional de control del Estado, en un a\u00f1o atravesado por tensiones entre Naci\u00f3n y provincias y por un escenario pol\u00edtico que ya comienza a proyectarse hacia 2027.<\/strong><\/div>\n<\/div>\n","protected":false},"excerpt":{"rendered":"<p>La Legislatura de Tucum\u00e1n se reunir\u00e1 este viernes en sesi\u00f3n especial para elegir al nuevo titular de la Defensor\u00eda del Pueblo de Tucum\u00e1n, y todo indica que el cargo quedar\u00e1 en manos de Agust\u00edn Fern\u00e1ndez, quien cuenta con el respaldo pol\u00edtico del gobernador Osvaldo Jaldo y del bloque oficialista. La convocatoria fue confirmada por el &hellip;<\/p>\n","protected":false},"author":2,"featured_media":14937,"comment_status":"open","ping_status":"open","sticky":false,"template":"","format":"standard","meta":{"footnotes":""},"categories":[34,25],"tags":[3029,3017],"class_list":["post-14936","post","type-post","status-publish","format-standard","has-post-thumbnail","hentry","category-locales","category-politica","tag-agustin-fernandez","tag-defensoria-del-pueblo"],"_links":{"self":[{"href":"https:\/\/cafeprensa.com.ar\/index.php\/wp-json\/wp\/v2\/posts\/14936","targetHints":{"allow":["GET"]}}],"collection":[{"href":"https:\/\/cafeprensa.com.ar\/index.php\/wp-json\/wp\/v2\/posts"}],"about":[{"href":"https:\/\/cafeprensa.com.ar\/index.php\/wp-json\/wp\/v2\/types\/post"}],"author":[{"embeddable":true,"href":"https:\/\/cafeprensa.com.ar\/index.php\/wp-json\/wp\/v2\/users\/2"}],"replies":[{"embeddable":true,"href":"https:\/\/cafeprensa.com.ar\/index.php\/wp-json\/wp\/v2\/comments?post=14936"}],"version-history":[{"count":1,"href":"https:\/\/cafeprensa.com.ar\/index.php\/wp-json\/wp\/v2\/posts\/14936\/revisions"}],"predecessor-version":[{"id":14940,"href":"https:\/\/cafeprensa.com.ar\/index.php\/wp-json\/wp\/v2\/posts\/14936\/revisions\/14940"}],"wp:featuredmedia":[{"embeddable":true,"href":"https:\/\/cafeprensa.com.ar\/index.php\/wp-json\/wp\/v2\/media\/14937"}],"wp:attachment":[{"href":"https:\/\/cafeprensa.com.ar\/index.php\/wp-json\/wp\/v2\/media?parent=14936"}],"wp:term":[{"taxonomy":"category","embeddable":true,"href":"https:\/\/cafeprensa.com.ar\/index.php\/wp-json\/wp\/v2\/categories?post=14936"},{"taxonomy":"post_tag","embeddable":true,"href":"https:\/\/cafeprensa.com.ar\/index.php\/wp-json\/wp\/v2\/tags?post=14936"}],"curies":[{"name":"wp","href":"https:\/\/api.w.org\/{rel}","templated":true}]}}