{"id":14947,"date":"2026-03-03T19:36:39","date_gmt":"2026-03-03T22:36:39","guid":{"rendered":"https:\/\/cafeprensa.com.ar\/?p=14947"},"modified":"2026-03-03T19:36:39","modified_gmt":"2026-03-03T22:36:39","slug":"osvaldofirmemos-juntos-un-compromiso-publico-de-ir-sin-acoples","status":"publish","type":"post","link":"https:\/\/cafeprensa.com.ar\/index.php\/2026\/03\/03\/osvaldofirmemos-juntos-un-compromiso-publico-de-ir-sin-acoples\/","title":{"rendered":"Osvaldo\u00bbFirmemos juntos un compromiso p\u00fablico de ir sin acoples\u00bb"},"content":{"rendered":"<p class=\"title\">Catal\u00e1n desafi\u00f3 a Jaldo: El presidente de La Libertad Avanza Tucum\u00e1n lanz\u00f3 un fuerte desaf\u00edo al gobernador al proponer la firma de un compromiso p\u00fablico para que en las pr\u00f3ximas elecciones provinciales se compita sin el sistema de acoples. A trav\u00e9s de un posteo en la red social <b data-path-to-node=\"20\" data-index-in-node=\"39\">X<\/b>,\u00a0<b>Lisandro<\/b>\u00a0<b data-path-to-node=\"20\" data-index-in-node=\"42\">Catal\u00e1n<\/b>\u00a0cuestion\u00f3 con dureza el discurso del mandatario en la apertura de sesiones legislativas. \u00ab<b data-path-to-node=\"20\" data-index-in-node=\"140\">Gobernador, escuch\u00e9 su discurso en la apertura de sesiones. En cuanto al sistema electoral usted habl\u00f3 de reglas claras, pero al parecer sus legisladores no impulsar\u00e1n ninguna reforma<\/b>\u00ab, expres\u00f3 el dirigente libertario.<\/p>\n<div class=\"at-vc\">\n<div id=\"vsmcontent\" class=\"content vsmcontent\">\n<p data-path-to-node=\"21\">La Boleta \u00danica de Papel como eje de la disputa<\/p>\n<p data-path-to-node=\"22\">El referente libertario tambi\u00e9n cruz\u00f3 al mandatario por sus declaraciones sobre la\u00a0<b data-path-to-node=\"22\" data-index-in-node=\"83\">Boleta \u00danica de Papel (BUP)<\/b>. Mientras el gobernador sostuvo que en Tucum\u00e1n se obtuvieron los mismos resultados con la\u00a0<b data-path-to-node=\"22\" data-index-in-node=\"201\">BUP<\/b>\u00a0que con el sistema de acoples,\u00a0<b data-path-to-node=\"22\" data-index-in-node=\"236\">Catal\u00e1n<\/b>\u00a0respondi\u00f3 que la herramienta impulsada por el presidente\u00a0<b data-path-to-node=\"22\" data-index-in-node=\"301\">Javier Milei<\/b>\u00a0vino a terminar con las trampas del sistema.<img loading=\"lazy\" decoding=\"async\" class=\"alignnone wp-image-14949 size-large\" src=\"https:\/\/cafeprensa.com.ar\/wp-content\/uploads\/2026\/03\/lisandro-catalan-osvaldo-jaldo-1024x576.webp\" alt=\"\" width=\"1024\" height=\"576\" srcset=\"https:\/\/cafeprensa.com.ar\/wp-content\/uploads\/2026\/03\/lisandro-catalan-osvaldo-jaldo-1024x576.webp 1024w, https:\/\/cafeprensa.com.ar\/wp-content\/uploads\/2026\/03\/lisandro-catalan-osvaldo-jaldo-300x169.webp 300w, https:\/\/cafeprensa.com.ar\/wp-content\/uploads\/2026\/03\/lisandro-catalan-osvaldo-jaldo-768x432.webp 768w, https:\/\/cafeprensa.com.ar\/wp-content\/uploads\/2026\/03\/lisandro-catalan-osvaldo-jaldo-390x220.webp 390w, https:\/\/cafeprensa.com.ar\/wp-content\/uploads\/2026\/03\/lisandro-catalan-osvaldo-jaldo.webp 1200w\" sizes=\"auto, (max-width: 1024px) 100vw, 1024px\" \/><\/p>\n<p data-path-to-node=\"23\">En esa l\u00ednea, remarc\u00f3 que el\u00a0<b data-path-to-node=\"23\" data-index-in-node=\"29\">Gobierno Nacional<\/b>\u00a0defini\u00f3 a la\u00a0<b data-path-to-node=\"23\" data-index-in-node=\"60\">BUP<\/b>\u00a0como una prioridad institucional para garantizar transparencia y equidad electoral.\u00a0<b data-path-to-node=\"23\" data-index-in-node=\"148\">Catal\u00e1n consider\u00f3 que, bajo el esquema actual de la provincia, parece una utop\u00eda hablar de Boleta \u00danica de Papel.<\/b><\/p>\n<figure class=\"vsmimage\" contenteditable=\"false\"><img loading=\"lazy\" decoding=\"async\" id=\"imgv76836v23\" src=\"https:\/\/www.enteratenoticias.com.ar\/files\/image\/49\/49093\/69a7428284346.webp?oe=jpg\" alt=\"Catal\u00e1n desafi\u00f3 a Jaldo: &quot;Firmemos juntos un compromiso p\u00fablico de ir sin acoples&quot;\" width=\"669\" height=\"554\" data-vsmid=\"49093\" data-owidth=\"669\" data-oheight=\"554\" \/><\/figure>\n<p><img loading=\"lazy\" decoding=\"async\" class=\"alignnone wp-image-14695 size-full\" src=\"https:\/\/cafeprensa.com.ar\/wp-content\/uploads\/2026\/02\/8_260108110520.gif\" alt=\"\" width=\"970\" height=\"90\" \/><\/p>\n<figure class=\"vsmimage\" contenteditable=\"false\"><img loading=\"lazy\" decoding=\"async\" id=\"imgv76836v24\" src=\"https:\/\/www.enteratenoticias.com.ar\/files\/image\/49\/49094\/69a7429fa23b9.webp?oe=jpg\" alt=\"Catal\u00e1n desafi\u00f3 a Jaldo: &quot;Firmemos juntos un compromiso p\u00fablico de ir sin acoples&quot;\" width=\"667\" height=\"495\" data-vsmid=\"49094\" data-owidth=\"667\" data-oheight=\"495\" \/><\/figure>\n<p>Una invitaci\u00f3n directa: lista \u00fanica contra el sistema de acoples<\/p>\n<p data-path-to-node=\"25\">La parte m\u00e1s contundente del mensaje fue la invitaci\u00f3n directa al mandatario provincial: \u00ab<b data-path-to-node=\"25\" data-index-in-node=\"90\">Firmemos juntos un compromiso p\u00fablico. Que La Libertad Avanza Tucum\u00e1n y el Partido Justicialista de Tucum\u00e1n presentemos lista \u00fanica, sin acoples<\/b>\u00ab.<\/p>\n<p data-path-to-node=\"26\"><b data-path-to-node=\"26\" data-index-in-node=\"0\">Catal\u00e1n<\/b>\u00a0fue m\u00e1s all\u00e1 y plante\u00f3 que la decisi\u00f3n depende exclusivamente de la voluntad pol\u00edtica de\u00a0<b data-path-to-node=\"26\" data-index-in-node=\"97\">Osvaldo Jaldo<\/b>. \u00ab<b data-path-to-node=\"26\" data-index-in-node=\"113\">Si realmente no le teme a la competencia, demu\u00e9strelo. No hace falta m\u00e1s que voluntad<\/b>\u00ab, sostuvo con firmeza. Finalmente, el referente de\u00a0<b data-path-to-node=\"27\" data-index-in-node=\"28\">La Libertad Avanza<\/b>\u00a0reforz\u00f3 su rechazo al sistema actual, calific\u00e1ndolo de obsoleto y fraudulento.\u00a0<b data-path-to-node=\"27\" data-index-in-node=\"126\">\u00abQue haya sido utilizado para elegir a quienes hoy gobiernan no lo convierte en un buen sistema; al contrario, debemos animarnos a cambiarlo por respeto a la democracia\u00bb<\/b>, concluy\u00f3.<\/p>\n<p data-path-to-node=\"26\"><span style=\"font-size: 8pt;\"><strong>fuente:https:\/\/www.enteratenoticias.com.ar\/politica\/lisandro-catalan-desafio-jaldo-acoples-tucuman-propuesta\/<\/strong><\/span><\/p>\n<\/div>\n<\/div>\n","protected":false},"excerpt":{"rendered":"<p>Catal\u00e1n desafi\u00f3 a Jaldo: El presidente de La Libertad Avanza Tucum\u00e1n lanz\u00f3 un fuerte desaf\u00edo al gobernador al proponer la firma de un compromiso p\u00fablico para que en las pr\u00f3ximas elecciones provinciales se compita sin el sistema de acoples. A trav\u00e9s de un posteo en la red social X,\u00a0Lisandro\u00a0Catal\u00e1n\u00a0cuestion\u00f3 con dureza el discurso del mandatario &hellip;<\/p>\n","protected":false},"author":2,"featured_media":14948,"comment_status":"open","ping_status":"open","sticky":false,"template":"","format":"standard","meta":{"footnotes":""},"categories":[1],"tags":[],"class_list":["post-14947","post","type-post","status-publish","format-standard","has-post-thumbnail","hentry","category-blog"],"_links":{"self":[{"href":"https:\/\/cafeprensa.com.ar\/index.php\/wp-json\/wp\/v2\/posts\/14947","targetHints":{"allow":["GET"]}}],"collection":[{"href":"https:\/\/cafeprensa.com.ar\/index.php\/wp-json\/wp\/v2\/posts"}],"about":[{"href":"https:\/\/cafeprensa.com.ar\/index.php\/wp-json\/wp\/v2\/types\/post"}],"author":[{"embeddable":true,"href":"https:\/\/cafeprensa.com.ar\/index.php\/wp-json\/wp\/v2\/users\/2"}],"replies":[{"embeddable":true,"href":"https:\/\/cafeprensa.com.ar\/index.php\/wp-json\/wp\/v2\/comments?post=14947"}],"version-history":[{"count":1,"href":"https:\/\/cafeprensa.com.ar\/index.php\/wp-json\/wp\/v2\/posts\/14947\/revisions"}],"predecessor-version":[{"id":14950,"href":"https:\/\/cafeprensa.com.ar\/index.php\/wp-json\/wp\/v2\/posts\/14947\/revisions\/14950"}],"wp:featuredmedia":[{"embeddable":true,"href":"https:\/\/cafeprensa.com.ar\/index.php\/wp-json\/wp\/v2\/media\/14948"}],"wp:attachment":[{"href":"https:\/\/cafeprensa.com.ar\/index.php\/wp-json\/wp\/v2\/media?parent=14947"}],"wp:term":[{"taxonomy":"category","embeddable":true,"href":"https:\/\/cafeprensa.com.ar\/index.php\/wp-json\/wp\/v2\/categories?post=14947"},{"taxonomy":"post_tag","embeddable":true,"href":"https:\/\/cafeprensa.com.ar\/index.php\/wp-json\/wp\/v2\/tags?post=14947"}],"curies":[{"name":"wp","href":"https:\/\/api.w.org\/{rel}","templated":true}]}}