{"id":14956,"date":"2026-03-04T07:37:07","date_gmt":"2026-03-04T10:37:07","guid":{"rendered":"https:\/\/cafeprensa.com.ar\/?p=14956"},"modified":"2026-03-04T07:37:58","modified_gmt":"2026-03-04T10:37:58","slug":"como-se-negocio-la-libertad-de-tres-de-los-acusados-de-encubrir-el-crimen-de-paulina-lebbos","status":"publish","type":"post","link":"https:\/\/cafeprensa.com.ar\/index.php\/2026\/03\/04\/como-se-negocio-la-libertad-de-tres-de-los-acusados-de-encubrir-el-crimen-de-paulina-lebbos\/","title":{"rendered":"Como se negoci\u00f3 la libertad de tres de los acusados de encubrir el crimen de Paulina Lebbos"},"content":{"rendered":"<div class=\"space-y-3\">\n<div class=\"max-w-4xl\">\n<p class=\"__className_c59aa5 text-lg pt-2\">Mediante tres juicios abreviados, las penas se redujeron a nada y los sospechosos quedaron en libertad, pese a que confesaron sus delitos.<\/p>\n<p class=\"__className_c59aa5 text-lg pt-2\"><em><strong>Nunca se le inform\u00f3 a la familia Lebbos.<\/strong><\/em><\/p>\n<\/div>\n<\/div>\n<div class=\"flex flex-col md:flex-row mt-3 gap-4 relative\">\n<div class=\"grow md:w-[856px] relative\">\n<div class=\"md:flex md:items-start md:justify-between md:gap-8 relative \">\n<div class=\"sticky left-0 top-44\">\n<div class=\"flex flex-col items-center gap-2 p-2 bg-white\/80 backdrop-blur-sm rounded-full shadow-lg border border-gray-200\">En el a\u00f1o 2019, la Justicia orden\u00f3 investigar a m\u00e1s de 40 personas, la mayor\u00eda, sospechosas de encubrir el crimen de<strong>\u00a0Paulina Lebbos<\/strong>. Las causas jam\u00e1s avanzaron. El a\u00f1o pasado, tres de esos acusados hicieron acuerdos con el Ministerio P\u00fablico Fiscal y confesaron sus delitos. A cambio,\u00a0<strong>quedaron en libertad<\/strong>.<\/div>\n<\/div>\n<div class=\"pb-7 font-thin\">\n<p class=\"text-lg\">Estas son sus tres historias: la de un subjefe de Polic\u00eda que\u00a0<strong>admiti\u00f3 haber falsificado documentaci\u00f3n<\/strong>; la del compadre de Paulina que<strong>\u00a0reconoci\u00f3 haber mentido en el juicio<\/strong>\u00a0y la del oscuro jefe de Inteligencia que colabor\u00f3 en la implantaci\u00f3n de<strong>\u00a0pistas falsas\u00a0<\/strong>en la investigaci\u00f3n.<\/p>\n<p><em><strong>Francisco Pic\u00f3n, el subjefe<\/strong><\/em><\/p>\n<p class=\"text-lg\">Su carrera fue mete\u00f3rica. Cuando mataron a Paulina,<strong>\u00a0Francisco Pic\u00f3n\u00a0<\/strong>era oficial principal en la Brigada de Investigaciones. Doce a\u00f1os despu\u00e9s, cuando declar\u00f3 el juicio, ya era el<strong>\u00a0subjefe de Polic\u00eda de la provincia<\/strong>, la segunda persona m\u00e1s poderosa de la fuerza. Sin embargo, al d\u00eda siguiente de la sentencia tuvo que renunciar a su cargo porque hab\u00edan quedado en evidencia las maniobras que hizo para ocultar los hechos. Hoy est\u00e1 condenado, pero a dos a\u00f1os de prisi\u00f3n en suspenso. El juicio abreviado en que reconoci\u00f3 su delito, parad\u00f3jicamente,\u00a0<strong>lo salv\u00f3 de las rejas<\/strong>.<\/p>\n<p><img decoding=\"async\" class=\"max-w-full h-auto object-contain\" title=\"foto picon la gaceta.jpg\" src=\"https:\/\/res.cloudinary.com\/dut4yhfgk\/image\/upload\/v1772410379\/Noticias\/general\/imagen-contenido\/content\/content-image-foto%20pic-1772410378746.jpg\" alt=\"foto picon la gaceta.jpg\" \/><\/p>\n<p class=\"text-lg\">Francisco Pic\u00f3n.<\/p>\n<p class=\"text-lg\">Pic\u00f3n fue quien<strong>\u00a0falsific\u00f3 las actas del hallazgo del cuerpo de Paulina Lebbos,\u00a0<\/strong>junto a los polic\u00edas de Raco. De haber tenido \u00e9xito la maniobra, la verdad hubiera quedado sepultada para siempre. Pero un detalle casi casual descubri\u00f3 su delito.<\/p>\n<p class=\"text-lg\">El cuerpo irreconocible de Paulina hab\u00eda sido hallado el s\u00e1bado 11 de marzo en la ruta 341, a la altura de Tapia, por dos baqueanos que iban en caballo a trabajar. Sin embargo, los polic\u00edas de Raco documentaron que hab\u00eda sido la polic\u00eda quien lo encontr\u00f3.\u00a0<strong>Alberto Lebbos<\/strong>, partido por el dolor a metros del cad\u00e1ver de su hija, le crey\u00f3 al jefe de Polic\u00eda de entonces,\u00a0<strong>Hugo Ra\u00fal S\u00e1nchez<\/strong>, cuando le dijo \u201cdon Lebbos, lo ha encontrado mi gente tras un intenso rastrillaje, ojal\u00e1 que no sea Paulina\u201d.<\/p>\n<p class=\"text-lg\">Minutos despu\u00e9s, se le acercaron<strong>\u00a0los verdaderos autores del hallazgo<\/strong>, los hermanos Goitea, que no ten\u00edan idea de la mentira policial. Uno de ellos le dio las condolencias y le cont\u00f3, casi con inocencia, c\u00f3mo lo hab\u00edan encontrado. Entonces,\u00a0<strong>Lebbos descubri\u00f3 que la Polic\u00eda ment\u00eda.\u00a0 <img loading=\"lazy\" decoding=\"async\" class=\"alignnone wp-image-14695 size-full\" src=\"https:\/\/cafeprensa.com.ar\/wp-content\/uploads\/2026\/02\/8_260108110520.gif\" alt=\"\" width=\"970\" height=\"90\" \/><\/strong><\/p>\n<p class=\"text-lg\">La mentira y la verdad corrieron como reguero de p\u00f3lvora y al d\u00eda siguiente, la ma\u00f1ana del 12 de marzo, los medios ya difund\u00edan la inconsistencia. En una estaci\u00f3n de servicio cercana al hallazgo, el entonces jefe de la Regional Norte,<strong>\u00a0H\u00e9ctor Rub\u00e9n Brito<\/strong>\u00a0(hoy condenado por el encubrimiento) tomaba un caf\u00e9 con leche cuando escuch\u00f3 por la radio la noticia del problema y envi\u00f3 a Pic\u00f3n a la comisar\u00eda a solucionarlo.<\/p>\n<p class=\"text-lg\">Pic\u00f3n obedeci\u00f3 pero,<strong>\u00a0en lugar de revelar la verdad y documentarla en las actas, profundiz\u00f3 la mentira<\/strong>, adulter\u00f3 los hechos, los horarios y los lugares y falsific\u00f3 el documento que consagraba la versi\u00f3n falsa del hallazgo.\u00a0Ese delito, el de la adulteraci\u00f3n de las actas, se conoci\u00f3 casi en el momento: el entonces jefe de la comisar\u00eda de Raco,\u00a0<strong>Enrique Garc\u00eda<\/strong>, confes\u00f3 a los pocos d\u00edas. Fue separado de su cargo y detenido pero, apenas baj\u00f3 el esc\u00e1ndalo medi\u00e1tico,<strong>\u00a0fue reincorporado a la Polic\u00eda e incluso ascendido.<\/strong>\u00a0Dos veces.<\/p>\n<p class=\"text-lg\">Pic\u00f3n tampoco pag\u00f3 las consecuencias. Siete a\u00f1os despu\u00e9s del hallazgo, cuando Garc\u00eda fue juzgado y condenado por lo que hab\u00eda hecho, Pic\u00f3n segu\u00eda ascendiendo sin pausa en la Polic\u00eda. As\u00ed lleg\u00f3 al a\u00f1o 2017, en que el entonces gobernador<strong>\u00a0Juan Manzur<\/strong>\u00a0lo design\u00f3 en el segundo cargo m\u00e1s alto al que puede aspirar un uniformado: lo convirti\u00f3 en subjefe de Polic\u00eda. Desde ese alto cargo se sent\u00f3 en junio de 2018 a declarar en el juicio y fueron sus propias palabras las que lo hundieron.<\/p>\n<p class=\"text-lg\">No pudo ocultar lo que hab\u00eda hecho, aunque trat\u00f3 de esbozar algunas justificaciones. Reconoci\u00f3 que \u00e9l ya sab\u00eda que la Polic\u00eda no hab\u00eda hallado el cuerpo y que el acta que hab\u00eda redactado el comisario Garc\u00eda era falsa. A\u00fan as\u00ed, ya de vuelta en la comisar\u00eda, alguien le dijo desde otra oficina \u201cesto se hace as\u00ed, la encontr\u00f3 la Polic\u00eda\u201d y \u00e9l lo acept\u00f3.<strong>\u00a0No sabe de qui\u00e9n era la voz<\/strong>. Al acta le agreg\u00f3 el dato falso de que hab\u00eda hablado con los Goitea, la imprimi\u00f3 y, sin leerla, la firm\u00f3.<img loading=\"lazy\" decoding=\"async\" class=\"alignnone wp-image-14894 size-full\" src=\"https:\/\/cafeprensa.com.ar\/wp-content\/uploads\/2026\/03\/970x250-2.gif\" alt=\"\" width=\"970\" height=\"250\" \/><\/p>\n<p class=\"text-lg\">La comisi\u00f3n del delito fue tan evidente que Pic\u00f3n parec\u00eda tener las horas contadas tras salir del juicio. Sin embargo, permaneci\u00f3 medio a\u00f1o m\u00e1s. En febrero de 2019, cuando se conoci\u00f3 la sentencia contra los encubridores del caso Lebbos, tuvo que renunciar. El fallo inclu\u00eda la orden de investigarlo a \u00e9l por lo que hab\u00eda hecho.<\/p>\n<p class=\"text-lg\">Ante la propia declaraci\u00f3n de Pic\u00f3n no hab\u00eda mucho para escudri\u00f1ar:<strong>\u00a0\u00e9l mismo hab\u00eda contado como falsific\u00f3 los documentos p\u00fablicos<\/strong>. Sin embargo, tuvo m\u00e1s suerte: la justicia tard\u00f3 seis a\u00f1os m\u00e1s en juzgarlo. Y cuando lo hizo, le ofreci\u00f3 un juicio abreviado: a cambio de su confesi\u00f3n, le propusieron dos a\u00f1os de prisi\u00f3n en suspenso.<strong>\u00a0Es decir, en libertad<\/strong>. Nadie le avis\u00f3 a la familia Lebbos.\u00a0 Durante el juicio abreviado\u00a0<strong>nadie le pregunt\u00f3 por qu\u00e9 lo hizo ni le pidi\u00f3 alg\u00fan dato sobre la identidad del asesino<\/strong>\u00a0a quien tantos funcionarios encubrieron. Hoy, Pic\u00f3n contin\u00faa en libertad.<\/p>\n<p><em><strong>Jorge Jim\u00e9nez, el compadre<\/strong><\/em><\/p>\n<p class=\"text-lg\">Es el padrino de Leticia, la hija de Paulina y<strong>\u00a0C\u00e9sar Soto<\/strong>. En 2006, seg\u00fan su propio relato, formaban un tr\u00edo de amigos que se divert\u00eda, sal\u00eda a bailar y conversaban todo el tiempo. Sin embargo, tras declarar en el juicio de 2018,<strong>\u00a0Jorge Jim\u00e9nez<\/strong>, el compadre de Paulina, fue detenido y se orden\u00f3 investigar si \u00e9l tuvo participaci\u00f3n en su muerte.<\/p>\n<p><img decoding=\"async\" class=\"max-w-full h-auto object-contain\" title=\"jimenez.jpg\" src=\"https:\/\/res.cloudinary.com\/dut4yhfgk\/image\/upload\/v1772410722\/Noticias\/general\/imagen-contenido\/content\/content-image-jimenez.-1772410721887.jpg\" alt=\"jimenez.jpg\" \/><\/p>\n<p class=\"text-lg\">Jim\u00e9nez era vecino de Soto (hoy acusado por el homicidio).<\/p>\n<p class=\"text-lg\"><strong>Su declaraci\u00f3n en el juicio no s\u00f3lo fue confusa y esquiva, sino, por momentos, hasta agresiva. Incurri\u00f3 en muchas contradicciones sobre la naturaleza de su relaci\u00f3n con Paulina y el motivo por el cual la llamaba tanto por tel\u00e9fono. Neg\u00f3 haber estado enamorado de ella o haberla acosado, aunque con el avance del testimonio termin\u00f3 reconociendo que no le gustaba que se vistiera con polleras cortas ni bailara de manera provocativa.\u00a0<\/strong><\/p>\n<p class=\"text-lg\">Uno de los pelos hallados en el cad\u00e1ver de Paulina mostraba coincidencias con el de Jim\u00e9nez, pero jam\u00e1s se pudo corroborar mediante prueba de ADN porque el fiscal no orden\u00f3 el peritaje y<strong>\u00a0la encargada de guardar la evidencia dej\u00f3 que se pudriera.<\/strong><\/p>\n<p class=\"text-lg\">La declaraci\u00f3n de Jim\u00e9nez era de suma importancia para determinar si la noche de su desaparici\u00f3n, Paulina lleg\u00f3 o no a la casa de su novio. Pero el testigo dijo no saberlo, porque esa noche \u00e9l estuvo en una fiesta. Siguiendo la hip\u00f3tesis de que la joven hubiera logrado llegar a la casa de Soto y hubiera sido asesinada por \u00e9l, el Tribunal orden\u00f3 que se lo investigue por su posible<strong>\u00a0participaci\u00f3n en la privaci\u00f3n ileg\u00edtima de la libertad seguida de homicidio. <img loading=\"lazy\" decoding=\"async\" class=\"alignnone wp-image-14958 size-full\" src=\"https:\/\/cafeprensa.com.ar\/wp-content\/uploads\/2026\/03\/970x90-1.gif\" alt=\"\" width=\"970\" height=\"90\" \/><\/strong><\/p>\n<p class=\"text-lg\">Jim\u00e9nez pas\u00f3 pocos d\u00edas preso y el Ministerio P\u00fablico Fiscal jam\u00e1s se ocup\u00f3 de cumplir la sentencia, que ordenaba investigarlo por el crimen. Siete a\u00f1os despu\u00e9s, le ofreci\u00f3 un convenio de juicio abreviado: si Jim\u00e9nez aceptaba que hab\u00eda mentido en el juicio, s\u00f3lo lo condenar\u00edan a dos a\u00f1os de prisi\u00f3n en suspenso (en libertad) por el delito de falso testimonio. Nada dice la sentencia sobre la orden del tribunal de\u00a0<strong>investigarlo por su posible participaci\u00f3n en el homicidio.\u00a0<\/strong><\/p>\n<p><em><strong>Fernando Maruf, el jefe de inteligencia<\/strong><\/em><\/p>\n<p class=\"text-lg\">Sali\u00f3 detenido y esposado de Tribunales tras declarar en el juicio de 2018. Doce a\u00f1os antes,<strong>\u00a0Fernando Maruf\u00a0<\/strong>era el jefe del departamento de Inteligencia Criminal de la Polic\u00eda, conocido popularmente como \u201c<strong>el D2<\/strong>\u201d tuvo al menos dos participaciones macabras en la investigaci\u00f3n.<\/p>\n<p><img decoding=\"async\" class=\"max-w-full h-auto object-contain\" title=\"maruf.jpg\" src=\"https:\/\/res.cloudinary.com\/dut4yhfgk\/image\/upload\/v1772410940\/Noticias\/general\/imagen-contenido\/content\/content-image-maruf.jp-1772410939648.jpg\" alt=\"maruf.jpg\" \/><\/p>\n<p class=\"text-lg\">El d\u00eda del hallazgo del cuerpo de Paulina, Maruf fue al lugar. Seg\u00fan su declaraci\u00f3n, ni \u00e9l ni sus subordinados filmaron nada porque ya lo estaba haciendo personal de Criminal\u00edstica. Sin embargo, ese mismo video de criminal\u00edstica\u00a0<strong>lo muestra a \u00e9l, c\u00e1mara en mano, grabando en video todo<\/strong>. Adem\u00e1s, \u00e9l mismo envi\u00f3 a la fiscal\u00eda un sobre marr\u00f3n con tres casetes que conten\u00edan las im\u00e1genes del hallazgo del cuerpo y de la autopsia.<\/p>\n<p><img decoding=\"async\" class=\"max-w-full h-auto object-contain\" title=\"maruf filmando.jpeg\" src=\"https:\/\/res.cloudinary.com\/dut4yhfgk\/image\/upload\/v1772411031\/Noticias\/general\/imagen-contenido\/content\/content-image-maruf%20fi-1772411030924.jpg\" alt=\"maruf filmando.jpeg\" \/><\/p>\n<p class=\"text-lg\"><span style=\"font-size: 8pt;\"><strong>Maruf aparece filmando el hallazgo del cuerpo<\/strong><\/span><\/p>\n<p class=\"text-lg\">El siguiente episodio tiene que ver con la llamada \u201c<strong>pista de Cruzado<\/strong>\u201d, una hip\u00f3tesis que se intent\u00f3 plantar en la causa para desviar la investigaci\u00f3n en el a\u00f1o 2006. Consisti\u00f3 en hacer que presente un hombre (<strong>Juan Pedro Cruzado<\/strong>) a declarar que \u00e9l era el remisero que hab\u00eda llevado a Paulina la noche de su desaparici\u00f3n. Fue Maruf quien le tom\u00f3 declaraci\u00f3n y luego minti\u00f3 que no hab\u00eda ning\u00fan superior presente. No era verdad, estaba el entonces jefe de Polic\u00eda, hoy condenado por encubridor.<\/p>\n<p class=\"text-lg\">La pista Cruzado es, probablemente<strong>, el intento m\u00e1s delirante de desviar la investigaci\u00f3n<\/strong>. De acuerdo a la sentencia sobre el encubrimiento -que ya se encuentra firme- desde la Casa de Gobierno contrataron a tres comisarios retirados para \u201cinvestigar\u201d el crimen. De todas las hip\u00f3tesis posibles (eran ocho en esa \u00e9poca), s\u00f3lo se centraron en la de Cruzado, el remisero que minti\u00f3 haber llevado a Paulina.<\/p>\n<p class=\"text-lg\">A tal punto fue escandalosa, reticente y flagrante la declaraci\u00f3n de Maruf en 2018 que\u00a0<strong>el tribunal orden\u00f3 que se lo investigara como posible encubridor<\/strong>, pero nunca se cumpli\u00f3 esa orden. Seis a\u00f1os m\u00e1s tarde, le ofrecieron declararse culpable a cambio de no ir a juicio y condenarlo a una pena en libertad. Maruf reconoci\u00f3 haber cometido el delito de encubrimiento,\u00a0<strong>pero nadie le pregunt\u00f3 a qui\u00e9n estaba protegiendo<\/strong>. Hoy, est\u00e1 en libertad.<\/p>\n<div class=\"relative\">\n<div class=\"w-12 h-12 rounded-full bg-gradient-to-r from-[#423b8b] via-[#423b8bd9] to-[#423b8bb3] p-0.5 m-0.5\">\n<div class=\"w-full h-full rounded-full bg-background flex items-center justify-center\"><img loading=\"lazy\" decoding=\"async\" class=\"rounded-full object-cover p-[2px]\" src=\"https:\/\/res.cloudinary.com\/dut4yhfgk\/image\/upload\/ar_1:1,c_auto,h_100,q_100,w_100\/v1760448590\/Administradores\/redactor\/vgho0n07d2izshtg2gul.jpg\" alt=\"Avatar de Mariana Romero\" width=\"34\" height=\"34\" data-nimg=\"1\" \/><span style=\"font-size: 8pt;\"><b class=\"text-foreground capitalize text-sm leading-tight\">Mariana Romero<\/b><\/span><\/div>\n<\/div>\n<\/div>\n<\/div>\n<\/div>\n<\/div>\n<\/div>\n","protected":false},"excerpt":{"rendered":"<p>Mediante tres juicios abreviados, las penas se redujeron a nada y los sospechosos quedaron en libertad, pese a que confesaron sus delitos. Nunca se le inform\u00f3 a la familia Lebbos. En el a\u00f1o 2019, la Justicia orden\u00f3 investigar a m\u00e1s de 40 personas, la mayor\u00eda, sospechosas de encubrir el crimen de\u00a0Paulina Lebbos. Las causas jam\u00e1s &hellip;<\/p>\n","protected":false},"author":2,"featured_media":14957,"comment_status":"open","ping_status":"open","sticky":false,"template":"","format":"standard","meta":{"footnotes":""},"categories":[47,34],"tags":[3012],"class_list":["post-14956","post","type-post","status-publish","format-standard","has-post-thumbnail","hentry","category-justicia","category-locales","tag-caso-lebbos"],"_links":{"self":[{"href":"https:\/\/cafeprensa.com.ar\/index.php\/wp-json\/wp\/v2\/posts\/14956","targetHints":{"allow":["GET"]}}],"collection":[{"href":"https:\/\/cafeprensa.com.ar\/index.php\/wp-json\/wp\/v2\/posts"}],"about":[{"href":"https:\/\/cafeprensa.com.ar\/index.php\/wp-json\/wp\/v2\/types\/post"}],"author":[{"embeddable":true,"href":"https:\/\/cafeprensa.com.ar\/index.php\/wp-json\/wp\/v2\/users\/2"}],"replies":[{"embeddable":true,"href":"https:\/\/cafeprensa.com.ar\/index.php\/wp-json\/wp\/v2\/comments?post=14956"}],"version-history":[{"count":2,"href":"https:\/\/cafeprensa.com.ar\/index.php\/wp-json\/wp\/v2\/posts\/14956\/revisions"}],"predecessor-version":[{"id":14960,"href":"https:\/\/cafeprensa.com.ar\/index.php\/wp-json\/wp\/v2\/posts\/14956\/revisions\/14960"}],"wp:featuredmedia":[{"embeddable":true,"href":"https:\/\/cafeprensa.com.ar\/index.php\/wp-json\/wp\/v2\/media\/14957"}],"wp:attachment":[{"href":"https:\/\/cafeprensa.com.ar\/index.php\/wp-json\/wp\/v2\/media?parent=14956"}],"wp:term":[{"taxonomy":"category","embeddable":true,"href":"https:\/\/cafeprensa.com.ar\/index.php\/wp-json\/wp\/v2\/categories?post=14956"},{"taxonomy":"post_tag","embeddable":true,"href":"https:\/\/cafeprensa.com.ar\/index.php\/wp-json\/wp\/v2\/tags?post=14956"}],"curies":[{"name":"wp","href":"https:\/\/api.w.org\/{rel}","templated":true}]}}