{"id":14961,"date":"2026-03-04T07:46:56","date_gmt":"2026-03-04T10:46:56","guid":{"rendered":"https:\/\/cafeprensa.com.ar\/?p=14961"},"modified":"2026-03-04T07:49:07","modified_gmt":"2026-03-04T10:49:07","slug":"catalan-no-se-cambia-con-un-tuit-ni-con-un-desafio-mediatico","status":"publish","type":"post","link":"https:\/\/cafeprensa.com.ar\/index.php\/2026\/03\/04\/catalan-no-se-cambia-con-un-tuit-ni-con-un-desafio-mediatico\/","title":{"rendered":"Dario Monteros \u201cNo se cambia el sistema electoral con un tuit medi\u00e1tico\u201d"},"content":{"rendered":"<div class=\"space-y-3\">\n<div class=\"max-w-4xl\">\n<p class=\"__className_c59aa5 text-lg pt-2\">El ministro del Interior respondi\u00f3 al planteo de La Libertad Avanza para competir sin acoples y acus\u00f3 al espacio libertario de adelantar una discusi\u00f3n electoral en medio de la crisis econ\u00f3mica. Reivindic\u00f3 la autonom\u00eda provincial y la vigencia de la Constituci\u00f3n. El ministro del Interior de Tucum\u00e1n, <strong>Dar\u00edo Monteros<\/strong>, sali\u00f3 al cruce del presidente de La Libertad Avanza (LLA) en la provincia,\u00a0<strong>Lisandro Catal\u00e1n<\/strong>, y defendi\u00f3 el sistema electoral vigente frente al desaf\u00edo lanzado por el dirigente libertario para\u00a0<a class=\"content-link\" href=\"https:\/\/tendenciadenoticias.com.ar\/politica\/catalan-desafio-a-jaldo-a-competir-sin-acoples-y-redoblo-la-presion-por-la-boleta-unica-en-tucuman\" target=\"_blank\" rel=\"noopener noreferrer nofollow\">competir \u201csin acoples\u201d.<\/a><\/p>\n<p class=\"__className_c59aa5 text-lg pt-2\">A trav\u00e9s de su cuenta en X, Monteros calific\u00f3 como \u201cadelantada\u201d la discusi\u00f3n planteada por Catal\u00e1n y sostuvo que Tucum\u00e1n enfrenta \u201cproblemas mucho m\u00e1s urgentes que una discusi\u00f3n electoral para las redes\u201d.<img loading=\"lazy\" decoding=\"async\" class=\"alignnone wp-image-14958 size-full\" src=\"https:\/\/cafeprensa.com.ar\/wp-content\/uploads\/2026\/03\/970x90-1.gif\" alt=\"\" width=\"970\" height=\"90\" \/><\/p>\n<\/div>\n<\/div>\n<div class=\"flex flex-col md:flex-row mt-3 gap-4 relative\">\n<div class=\"grow md:w-[856px] relative\">\n<div class=\"md:flex md:items-start md:justify-between md:gap-8 relative \">\n<div class=\"pb-7 font-thin\">\n<p class=\"text-lg\"><strong>\u201c#Tucum\u00e1n hoy tiene problemas mucho m\u00e1s urgentes que una discusi\u00f3n electoral adelantada para las redes\u201d, escribi\u00f3 el funcionario, en respuesta directa al planteo del referente libertario, quien hab\u00eda instado al gobernador\u00a0Osvaldo Jaldo\u00a0a firmar un compromiso p\u00fablico para que el Partido Justicialista y LLA compitan con lista \u00fanica y sin el sistema de acoples.<\/strong><\/p>\n<blockquote><p>\u201cEs demasiado pronto para hablar de elecciones\u201d<\/p><\/blockquote>\n<p class=\"text-lg\"><strong>Monteros vincul\u00f3 la coyuntura provincial con el contexto econ\u00f3mico nacional y mencion\u00f3 despidos en la empresa Pan Pack y la ca\u00edda de la actividad como prioridades de gesti\u00f3n. \u201cHay familias tucumanas preocupadas por su trabajo, el inicio de clases, los despidos en Pan Pack y la ca\u00edda de la actividad econ\u00f3mica que son una realidad que no podemos ignorar\u201d, afirm\u00f3.<\/strong><\/p>\n<p class=\"text-lg\">En esa l\u00ednea, se\u00f1al\u00f3 que la recaudaci\u00f3n del IVA cay\u00f3 un 13% producto del bajo consumo y advirti\u00f3 que ese escenario impacta directamente en las finanzas provinciales y en la capacidad del Estado para sostener servicios y obras en el interior.<strong> \u201cEs demasiado pronto para hablar de elecciones. Hoy lo importante es cuidar el empleo, sostener la producci\u00f3n y acompa\u00f1ar a los tucumanos que no la est\u00e1n pasando bien\u201d, enfatiz\u00f3.<img loading=\"lazy\" decoding=\"async\" class=\"alignnone wp-image-14964 size-full\" src=\"https:\/\/cafeprensa.com.ar\/wp-content\/uploads\/2026\/03\/484870325_1187697156358869_7971226872037387659_n.jpg\" alt=\"\" width=\"960\" height=\"960\" srcset=\"https:\/\/cafeprensa.com.ar\/wp-content\/uploads\/2026\/03\/484870325_1187697156358869_7971226872037387659_n.jpg 960w, https:\/\/cafeprensa.com.ar\/wp-content\/uploads\/2026\/03\/484870325_1187697156358869_7971226872037387659_n-300x300.jpg 300w, https:\/\/cafeprensa.com.ar\/wp-content\/uploads\/2026\/03\/484870325_1187697156358869_7971226872037387659_n-150x150.jpg 150w, https:\/\/cafeprensa.com.ar\/wp-content\/uploads\/2026\/03\/484870325_1187697156358869_7971226872037387659_n-768x768.jpg 768w\" sizes=\"auto, (max-width: 960px) 100vw, 960px\" \/><\/strong><\/p>\n<p class=\"text-lg\">Adem\u00e1s, apunt\u00f3 contra el rol de Catal\u00e1n como director de YPF, cargo en el que fue designado por el presidente\u00a0<strong>Javier Milei\u00a0<\/strong>tras el Ministerio del Interior de la Naci\u00f3n. \u201cUsted tiene un sueldo millonario como funcionario del gobierno nacional. H\u00e1galo valer trabajando por Tucum\u00e1n y no fabricando discusiones vac\u00edas para las redes\u201d, arremeti\u00f3 Monteros.<\/p>\n<blockquote><p>Defensa institucional<\/p><\/blockquote>\n<p class=\"text-lg\"><strong>El funcionario jaldista tambi\u00e9n defendi\u00f3 la legitimidad del sistema electoral tucumano y rechaz\u00f3 que pueda modificarse por una presi\u00f3n medi\u00e1tica que viene ejerciendo la oposici\u00f3n, que reclama la eliminaci\u00f3n de los acoples y la implementaci\u00f3n de la Boleta \u00danica de Papel. <\/strong><\/p>\n<p class=\"text-lg\">\u201cPor encima de cualquier declaraci\u00f3n de voluntad est\u00e1 la Constituci\u00f3n y las instituciones\u201d, sostuvo Monteros, que es uno de los dirigentes del peronismo tucumano m\u00e1s reacios a terminar con los acoples y el modelo de boletas partidarias que rige desde hace d\u00e9cadas.<\/p>\n<p class=\"text-lg\"><strong>\u201cTucum\u00e1n tiene un sistema electoral establecido por su Carta Magna y por leyes votadas en la Legislatura. No se cambia con un tuit ni con un desaf\u00edo medi\u00e1tico armado para redes\u201d, agreg\u00f3 el ministro para defender su postura<\/strong>.<img loading=\"lazy\" decoding=\"async\" class=\"alignnone wp-image-14894 size-full\" src=\"https:\/\/cafeprensa.com.ar\/wp-content\/uploads\/2026\/03\/970x250-2.gif\" alt=\"\" width=\"970\" height=\"250\" \/><\/p>\n<p class=\"text-lg\">Monteros remarc\u00f3 que cualquier modificaci\u00f3n debe debatirse en el \u00e1mbito legislativo y respetando la autonom\u00eda provincial. \u201cLas reglas institucionales se discuten donde corresponde: en la Legislatura y respetando la autonom\u00eda de la provincia\u201d, se\u00f1al\u00f3. El cruce se da luego de que Catal\u00e1n calificara al sistema de acoples como \u201cobsoleto, tramposo y fraudulento\u201d y propusiera competir sin ese mecanismo, reavivando el debate sobre la eventual implementaci\u00f3n de la Boleta \u00danica de Papel en Tucum\u00e1n.<\/p>\n<p class=\"text-lg\"><strong>Con este intercambio, el oficialismo provincial y La Libertad Avanza profundizan la confrontaci\u00f3n pol\u00edtica en torno a las reglas electorales, en un debate que ir\u00e1 ganando temperatura a medida que se aproximen las elecciones generales de 2027.<\/strong><\/p>\n<\/div>\n<\/div>\n<\/div>\n<\/div>\n","protected":false},"excerpt":{"rendered":"<p>El ministro del Interior respondi\u00f3 al planteo de La Libertad Avanza para competir sin acoples y acus\u00f3 al espacio libertario de adelantar una discusi\u00f3n electoral en medio de la crisis econ\u00f3mica. Reivindic\u00f3 la autonom\u00eda provincial y la vigencia de la Constituci\u00f3n. El ministro del Interior de Tucum\u00e1n, Dar\u00edo Monteros, sali\u00f3 al cruce del presidente de &hellip;<\/p>\n","protected":false},"author":2,"featured_media":14963,"comment_status":"open","ping_status":"open","sticky":false,"template":"","format":"standard","meta":{"footnotes":""},"categories":[34,25],"tags":[1804,3034,94],"class_list":["post-14961","post","type-post","status-publish","format-standard","has-post-thumbnail","hentry","category-locales","category-politica","tag-catalan","tag-dario-monteros","tag-jaldo"],"_links":{"self":[{"href":"https:\/\/cafeprensa.com.ar\/index.php\/wp-json\/wp\/v2\/posts\/14961","targetHints":{"allow":["GET"]}}],"collection":[{"href":"https:\/\/cafeprensa.com.ar\/index.php\/wp-json\/wp\/v2\/posts"}],"about":[{"href":"https:\/\/cafeprensa.com.ar\/index.php\/wp-json\/wp\/v2\/types\/post"}],"author":[{"embeddable":true,"href":"https:\/\/cafeprensa.com.ar\/index.php\/wp-json\/wp\/v2\/users\/2"}],"replies":[{"embeddable":true,"href":"https:\/\/cafeprensa.com.ar\/index.php\/wp-json\/wp\/v2\/comments?post=14961"}],"version-history":[{"count":3,"href":"https:\/\/cafeprensa.com.ar\/index.php\/wp-json\/wp\/v2\/posts\/14961\/revisions"}],"predecessor-version":[{"id":14967,"href":"https:\/\/cafeprensa.com.ar\/index.php\/wp-json\/wp\/v2\/posts\/14961\/revisions\/14967"}],"wp:featuredmedia":[{"embeddable":true,"href":"https:\/\/cafeprensa.com.ar\/index.php\/wp-json\/wp\/v2\/media\/14963"}],"wp:attachment":[{"href":"https:\/\/cafeprensa.com.ar\/index.php\/wp-json\/wp\/v2\/media?parent=14961"}],"wp:term":[{"taxonomy":"category","embeddable":true,"href":"https:\/\/cafeprensa.com.ar\/index.php\/wp-json\/wp\/v2\/categories?post=14961"},{"taxonomy":"post_tag","embeddable":true,"href":"https:\/\/cafeprensa.com.ar\/index.php\/wp-json\/wp\/v2\/tags?post=14961"}],"curies":[{"name":"wp","href":"https:\/\/api.w.org\/{rel}","templated":true}]}}