{"id":14972,"date":"2026-03-04T16:38:34","date_gmt":"2026-03-04T19:38:34","guid":{"rendered":"https:\/\/cafeprensa.com.ar\/?p=14972"},"modified":"2026-03-04T16:38:34","modified_gmt":"2026-03-04T19:38:34","slug":"catalan-habria-cobrado-1-145-millones-de-ypf-en-2025","status":"publish","type":"post","link":"https:\/\/cafeprensa.com.ar\/index.php\/2026\/03\/04\/catalan-habria-cobrado-1-145-millones-de-ypf-en-2025\/","title":{"rendered":"Catal\u00e1n habr\u00eda cobrado $1.145 millones de YPF en 2025"},"content":{"rendered":"<p><span style=\"font-size: 12pt;\">El dirigente y presidente de La Libertad Avanza Tucum\u00e1n integra el directorio de la petrolera estatal. Seg\u00fan el \u00faltimo balance de la empresa, el promedio de honorarios equivale a unos $95 millones mensuales por integrante.<\/span><\/p>\n<div class=\"col-md-12 col-12 col-lg-12 post-content p-lg-2\">\n<p><strong>Lisandro Catal\u00e1n, dirigente pol\u00edtico y actual presidente de La Libertad Avanza en Tucum\u00e1n, figura como integrante del directorio de YPF. Seg\u00fan los datos oficiales y p\u00fablicos del \u00faltimo balance de la compa\u00f1\u00eda, si se distribuyeran de manera equitativa los honorarios informados para directores y s\u00edndicos, cada integrante habr\u00eda percibido alrededor de $1.145 millones en 2025, lo que equivale a unos $95 millones por mes. Este a\u00f1o la cifra ser\u00eda a\u00fan mayor.<img loading=\"lazy\" decoding=\"async\" class=\"alignnone wp-image-14974 size-large\" src=\"https:\/\/cafeprensa.com.ar\/wp-content\/uploads\/2026\/03\/og4hl4tpdbx4kynq8hqd-1024x576.jpg\" alt=\"\" width=\"1024\" height=\"576\" srcset=\"https:\/\/cafeprensa.com.ar\/wp-content\/uploads\/2026\/03\/og4hl4tpdbx4kynq8hqd-1024x576.jpg 1024w, https:\/\/cafeprensa.com.ar\/wp-content\/uploads\/2026\/03\/og4hl4tpdbx4kynq8hqd-300x169.jpg 300w, https:\/\/cafeprensa.com.ar\/wp-content\/uploads\/2026\/03\/og4hl4tpdbx4kynq8hqd-768x432.jpg 768w, https:\/\/cafeprensa.com.ar\/wp-content\/uploads\/2026\/03\/og4hl4tpdbx4kynq8hqd-390x220.jpg 390w, https:\/\/cafeprensa.com.ar\/wp-content\/uploads\/2026\/03\/og4hl4tpdbx4kynq8hqd.jpg 1536w\" sizes=\"auto, (max-width: 1024px) 100vw, 1024px\" \/><\/strong><\/p>\n<p>El c\u00e1lculo surge de una nota del balance anual de la petrolera donde se detalla que $16.031 millones corresponden a \u201chonorarios y retribuciones devengados por todo concepto a directores integrantes del Directorio de YPF y s\u00edndicos\u201d. <strong>Si ese monto total se divide entre los 11 directores y tres s\u00edndicos que integran la estructura de control de la empresa \u201414 personas en total\u2014 el resultado arroja un promedio cercano a $1.145 millones anuales por integrante.<\/strong><\/p>\n<p>Entre los directores titulares figura Lisandro Catal\u00e1n, quien adem\u00e1s tiene protagonismo pol\u00edtico en la provincia como presidente de La Libertad Avanza Tucum\u00e1n. En sus redes sociales, Catal\u00e1n mantiene una fuerte actividad pol\u00edtica, donde publica con frecuencia posicionamientos y actividades partidarias vinculadas a La Libertad Avanza en la provincia, en un contexto donde distintos dirigentes del espacio ya comienzan a proyectar el escenario electoral hacia 2027.<img loading=\"lazy\" decoding=\"async\" class=\"alignnone wp-image-14958 size-full\" src=\"https:\/\/cafeprensa.com.ar\/wp-content\/uploads\/2026\/03\/970x90-1.gif\" alt=\"\" width=\"970\" height=\"90\" \/><\/p>\n<p><strong>De acuerdo con el c\u00e1lculo estimado a partir del balance, el ingreso promedio ser\u00eda de unos $95 millones mensuales por integrante del directorio. Sin embargo, el balance de YPF no detalla cu\u00e1nto cobra cada director en particular, sino el monto global destinado a honorarios y retribuciones del directorio y la sindicatura. Por ese motivo, la cifra surge de una estimaci\u00f3n promedio y no necesariamente refleja lo que percibe cada miembro de forma individual.<\/strong><\/p>\n<p>YPF es una sociedad an\u00f3nima con participaci\u00f3n mayoritaria del Estado nacional y su directorio est\u00e1 compuesto por representantes de distintas clases de acciones, adem\u00e1s de directores independientes y s\u00edndicos encargados de la fiscalizaci\u00f3n interna de la compa\u00f1\u00eda.<\/p>\n<div class=\"twitter-tweet twitter-tweet-rendered\"><iframe id=\"twitter-widget-0\" class=\"\" title=\"X Post\" src=\"https:\/\/platform.twitter.com\/embed\/Tweet.html?creatorScreenName=contextotuc&amp;dnt=false&amp;embedId=twitter-widget-0&amp;features=eyJ0ZndfdGltZWxpbmVfbGlzdCI6eyJidWNrZXQiOltdLCJ2ZXJzaW9uIjpudWxsfSwidGZ3X2ZvbGxvd2VyX2NvdW50X3N1bnNldCI6eyJidWNrZXQiOnRydWUsInZlcnNpb24iOm51bGx9LCJ0ZndfdHdlZXRfZWRpdF9iYWNrZW5kIjp7ImJ1Y2tldCI6Im9uIiwidmVyc2lvbiI6bnVsbH0sInRmd19yZWZzcmNfc2Vzc2lvbiI6eyJidWNrZXQiOiJvbiIsInZlcnNpb24iOm51bGx9LCJ0ZndfZm9zbnJfc29mdF9pbnRlcnZlbnRpb25zX2VuYWJsZWQiOnsiYnVja2V0Ijoib24iLCJ2ZXJzaW9uIjpudWxsfSwidGZ3X21peGVkX21lZGlhXzE1ODk3Ijp7ImJ1Y2tldCI6InRyZWF0bWVudCIsInZlcnNpb24iOm51bGx9LCJ0ZndfZXhwZXJpbWVudHNfY29va2llX2V4cGlyYXRpb24iOnsiYnVja2V0IjoxMjA5NjAwLCJ2ZXJzaW9uIjpudWxsfSwidGZ3X3Nob3dfYmlyZHdhdGNoX3Bpdm90c19lbmFibGVkIjp7ImJ1Y2tldCI6Im9uIiwidmVyc2lvbiI6bnVsbH0sInRmd19kdXBsaWNhdGVfc2NyaWJlc190b19zZXR0aW5ncyI6eyJidWNrZXQiOiJvbiIsInZlcnNpb24iOm51bGx9LCJ0ZndfdXNlX3Byb2ZpbGVfaW1hZ2Vfc2hhcGVfZW5hYmxlZCI6eyJidWNrZXQiOiJvbiIsInZlcnNpb24iOm51bGx9LCJ0ZndfdmlkZW9faGxzX2R5bmFtaWNfbWFuaWZlc3RzXzE1MDgyIjp7ImJ1Y2tldCI6InRydWVfYml0cmF0ZSIsInZlcnNpb24iOm51bGx9LCJ0ZndfbGVnYWN5X3RpbWVsaW5lX3N1bnNldCI6eyJidWNrZXQiOnRydWUsInZlcnNpb24iOm51bGx9LCJ0ZndfdHdlZXRfZWRpdF9mcm9udGVuZCI6eyJidWNrZXQiOiJvbiIsInZlcnNpb24iOm51bGx9fQ%3D%3D&amp;frame=false&amp;hideCard=false&amp;hideThread=false&amp;id=2028888140862373969&amp;lang=es&amp;origin=https%3A%2F%2Fwww.contextotucuman.com%2Fnota%2F375859%2Fmientras-se-dedica-a-hacer-campana-en-las-redes-catalan-habria-cobrado-%241-145-millones-de-ypf-en-2025.html&amp;sessionId=46e9e6f9f84987f763bc4d3203508790445aefd0&amp;siteScreenName=contextotuc&amp;theme=light&amp;widgetsVersion=2615f7e52b7e0%3A1702314776716&amp;width=550px\" frameborder=\"0\" scrolling=\"no\" allowfullscreen=\"allowfullscreen\" data-tweet-id=\"2028888140862373969\" data-mce-fragment=\"1\"><\/iframe><\/div>\n<p>Sin embargo, el balance de YPF no detalla cu\u00e1nto cobra cada director en particular, sino el monto global destinado a honorarios y retribuciones del directorio y la sindicatura.<\/p>\n<p><strong>YPF es una sociedad an\u00f3nima con participaci\u00f3n mayoritaria del Estado nacional y su directorio est\u00e1 compuesto por representantes de distintas clases de acciones, adem\u00e1s de directores independientes y s\u00edndicos encargados de la fiscalizaci\u00f3n interna de la compa\u00f1\u00eda.<\/strong><\/p>\n<p><img decoding=\"async\" class=\"img-responsive\" src=\"https:\/\/pbs.twimg.com\/media\/HCgOuZcWUAA1pl7?format=jpg&amp;name=large\" width=\"700\" \/><\/p>\n<div>\u00a0\u00a0<img decoding=\"async\" class=\"img-responsive\" src=\"https:\/\/pbs.twimg.com\/media\/HCgO4aLX0AEX8Lh?format=jpg&amp;name=900x900\" width=\"700\" \/><\/div>\n<div><\/div>\n<div><span style=\"font-size: 8pt;\"><strong>FUENTE: CONTEXTO https:\/\/www.contextotucuman.com\/nota\/375859\/mientras-se-dedica-a-hacer-campana-en-las-redes-catalan-habria-cobrado-$1-145-millones-de-ypf-en-2025.html<\/strong><\/span><\/div>\n<div><\/div>\n<\/div>\n","protected":false},"excerpt":{"rendered":"<p>El dirigente y presidente de La Libertad Avanza Tucum\u00e1n integra el directorio de la petrolera estatal. Seg\u00fan el \u00faltimo balance de la empresa, el promedio de honorarios equivale a unos $95 millones mensuales por integrante. Lisandro Catal\u00e1n, dirigente pol\u00edtico y actual presidente de La Libertad Avanza en Tucum\u00e1n, figura como integrante del directorio de YPF. &hellip;<\/p>\n","protected":false},"author":2,"featured_media":14973,"comment_status":"open","ping_status":"open","sticky":false,"template":"","format":"standard","meta":{"footnotes":""},"categories":[34,25],"tags":[1804,436],"class_list":["post-14972","post","type-post","status-publish","format-standard","has-post-thumbnail","hentry","category-locales","category-politica","tag-catalan","tag-ypf"],"_links":{"self":[{"href":"https:\/\/cafeprensa.com.ar\/index.php\/wp-json\/wp\/v2\/posts\/14972","targetHints":{"allow":["GET"]}}],"collection":[{"href":"https:\/\/cafeprensa.com.ar\/index.php\/wp-json\/wp\/v2\/posts"}],"about":[{"href":"https:\/\/cafeprensa.com.ar\/index.php\/wp-json\/wp\/v2\/types\/post"}],"author":[{"embeddable":true,"href":"https:\/\/cafeprensa.com.ar\/index.php\/wp-json\/wp\/v2\/users\/2"}],"replies":[{"embeddable":true,"href":"https:\/\/cafeprensa.com.ar\/index.php\/wp-json\/wp\/v2\/comments?post=14972"}],"version-history":[{"count":1,"href":"https:\/\/cafeprensa.com.ar\/index.php\/wp-json\/wp\/v2\/posts\/14972\/revisions"}],"predecessor-version":[{"id":14975,"href":"https:\/\/cafeprensa.com.ar\/index.php\/wp-json\/wp\/v2\/posts\/14972\/revisions\/14975"}],"wp:featuredmedia":[{"embeddable":true,"href":"https:\/\/cafeprensa.com.ar\/index.php\/wp-json\/wp\/v2\/media\/14973"}],"wp:attachment":[{"href":"https:\/\/cafeprensa.com.ar\/index.php\/wp-json\/wp\/v2\/media?parent=14972"}],"wp:term":[{"taxonomy":"category","embeddable":true,"href":"https:\/\/cafeprensa.com.ar\/index.php\/wp-json\/wp\/v2\/categories?post=14972"},{"taxonomy":"post_tag","embeddable":true,"href":"https:\/\/cafeprensa.com.ar\/index.php\/wp-json\/wp\/v2\/tags?post=14972"}],"curies":[{"name":"wp","href":"https:\/\/api.w.org\/{rel}","templated":true}]}}