{"id":14976,"date":"2026-03-04T16:49:05","date_gmt":"2026-03-04T19:49:05","guid":{"rendered":"https:\/\/cafeprensa.com.ar\/?p=14976"},"modified":"2026-03-04T16:49:05","modified_gmt":"2026-03-04T19:49:05","slug":"un-submarino-de-estados-unidos-hundio-un-barco-irani-cerca-de-sri-lanka","status":"publish","type":"post","link":"https:\/\/cafeprensa.com.ar\/index.php\/2026\/03\/04\/un-submarino-de-estados-unidos-hundio-un-barco-irani-cerca-de-sri-lanka\/","title":{"rendered":"Un submarino de Estados Unidos hundi\u00f3 un barco iran\u00ed cerca de Sri Lanka"},"content":{"rendered":"<div class=\"sc-808a5b4d-0 fiDTki normal-header false normal-header false\">\n<div class=\"sc-808a5b4d-0 fiDTki shared-header shared-header\">\n<div class=\"mt \">\n<p class=\"storyTitle \">Al menos 87 muertos y 61 desaparecidos<\/p>\n<ul>\n<li style=\"list-style-type: none;\">\n<ul>\n<li>Pete Hegseth, secretario de Guerra de EE.UU., anunci\u00f3 que el buque fue alcanzado por un torpedo en aguas internacionales.<\/li>\n<li>El barco llevaba 180 tripulantes y lleg\u00f3 a emitir una se\u00f1al de socorro.<\/li>\n<li>Las autoridades de la isla rescataron a 32 marineros, algunos gravemente heridos.<\/li>\n<\/ul>\n<\/li>\n<\/ul>\n<p><iframe loading=\"lazy\" title=\"YouTube video player\" src=\"https:\/\/www.youtube.com\/embed\/2-XHBfIaiME?si=BPGclO4BWsQ9pGJ3\" width=\"560\" height=\"315\" frameborder=\"0\" allowfullscreen=\"allowfullscreen\"><\/iframe><\/p>\n<\/div>\n<\/div>\n<\/div>\n<section class=\"sc-a24062eb-1 eFkiCz\">\n<article id=\"storyBody\" class=\"sc-a24062eb-2 eWDJua\">\n<div class=\"StoryTextContainer vsmcontent\" data-mrf-recirculation=\"Article Body\">\n<div id=\"cuerpo\">\n<div id=\"element-body-0\" class=\"sc-45461e9c-0 eqiBeF container-text text-embed \">\n<p><strong>Estados Unidos<\/strong>\u00a0hundi\u00f3 este mi\u00e9rcoles el\u00a0<strong>buque de guerra iran\u00ed IRIS Dena<\/strong>\u00a0cerca de las aguas territoriales de\u00a0<strong>Sri Lanka.<\/strong>\u00a0Hay al menos\u00a0<strong>87 muertos, m\u00e1s de 30 heridos y 61 desaparecidos<\/strong>. La confirmaci\u00f3n del ataque lleg\u00f3 de parte de <strong>Pete Hegseth<\/strong>, secretario de\u00a0<a title=\"Guerra de los Estados Unidos\" href=\"https:\/\/www.clarin.com\/mundo\/guerra-medio-oriente-hoy-participacion-francia-conflicto-iran_0_VJbwRz9ItR.html\" target=\"_blank\" rel=\"noopener\" data-mrf-link=\"https:\/\/www.clarin.com\/mundo\/guerra-medio-oriente-hoy-participacion-francia-conflicto-iran_0_VJbwRz9ItR.html\">Guerra de los Estados Unidos<\/a>, quien inform\u00f3 que un submarino norteamericano\u00a0<strong>torpede\u00f3 el barco iran\u00ed cuando se encontraba en aguas internacionales<\/strong>.<\/p>\n<\/div>\n<div id=\"element-body-2\" class=\"sc-45461e9c-0 eqiBeF container-text text-embed \">\n<p>\u00abUn submarino estadounidense hundi\u00f3 un buque de guerra iran\u00ed que\u00a0<strong>cre\u00eda estar a salvo en aguas internacionales<\/strong>. En cambio, fue hundido por un torpedo\u00bb, declar\u00f3 Hegseth a la prensa. Hegseth calific\u00f3 el ataque como una \u00abmuerte silenciosa\u00bb y dijo que es <strong>el primer hundimiento de un buque enemigo por un torpedo estadounidense desde la Segunda Guerra Mundial<\/strong>. \u00abComo en aquella guerra\u00bb, dijo, \u00abestamos luchando para ganar\u00bb.<\/p>\n<\/div>\n<div id=\"element-body-4\" class=\"sc-45461e9c-0 eqiBeF container-text text-embed \">\n<p>El Pent\u00e1gono se\u00f1ala que uno de los principales objetivos de la ofensiva de Estados Unidos e Israel contra Ir\u00e1n, iniciada el s\u00e1bado, es\u00a0<strong>destruir la Armada de ese pa\u00eds<\/strong>. Las primeras informaciones del hundimiento hab\u00edan llegado de parte del canciller de la isla, <strong>Vijitha Herath<\/strong>, cuando a\u00fan se desconoc\u00edan las causas. Ante el Parlamento inform\u00f3 que en la fragata<strong>\u00a0hab\u00edan 180 tripulantes<\/strong>, cuando emiti\u00f3 una se\u00f1al de socorro.<\/p>\n<\/div>\n<div id=\"element-body-6\" class=\"sc-98b114a2-0 bkqiHH image-embed image-embed \"><picture class=\"sc-98b114a2-1 jRUlDm\"><source srcset=\"https:\/\/www.clarin.com\/img\/2026\/03\/04\/ZwDuz3b3c_720x0__1.jpg\" media=\"(min-width: 975px)\" \/><img loading=\"lazy\" decoding=\"async\" src=\"https:\/\/www.clarin.com\/img\/2026\/03\/04\/ZwDuz3b3c_720x0__1.jpg\" alt=\"Pete Hegseth, al confirmar el ataque del submarino. Foto: AP\" width=\"720\" height=\"480\" data-nimg=\"1\" \/><\/picture><span class=\"epigraphe\" aria-hidden=\"true\">Pete <span style=\"font-size: 8pt;\"><strong>Hegseth, al confirmar el ataque del submarino.\u00a0<\/strong><\/span><\/span><\/div>\n<div id=\"element-body-7\" class=\"sc-45461e9c-0 eqiBeF container-text text-embed \">\n<p>\u00abEra un buque de la Armada iran\u00ed, el IRIS Dena. A las 06:00 de la ma\u00f1ana (21:30 del martes en Argentina) enviamos un primer nav\u00edo de la Marina y a las 07:00, un segundo buque\u00bb, detall\u00f3 Herath. All\u00ed\u00a0<strong>rescataron a 32 marineros<\/strong>. El doctor Anil Jasinghe, un alto funcionario del Ministerio de Salud, dijo que <strong>una de las personas rescatadas se encuentra en estado cr\u00edtico<\/strong>, siete reciben tratamiento de emergencia y las dem\u00e1s fueron atendidas por lesiones menores.<\/p>\n<\/div>\n<div id=\"element-body-9\" class=\"sc-45461e9c-0 eqiBeF container-text text-embed \">\n<p>La marina de Sri Lanka confirm\u00f3 luego que recuper\u00f3 87 cad\u00e1veres de tripulantes. En el Hospital Nacional de Galle, los cuerpos de los marineros iran\u00edes llegaban en camiones y estaban siendo almacenados en una morgue improvisada. Personal policial y naval proporcion\u00f3 seguridad al hospital, mientras los trabajadores descargaban los cuerpos fuera de la vista.<\/p>\n<\/div>\n<div id=\"element-body-10\" class=\"sc-45461e9c-0 eqiBeF container-text text-embed \">\n<p>Ahora contin\u00faa la b\u00fasqueda de\u00a0<strong>61 marineros desaparecidos<\/strong>.<\/p>\n<\/div>\n<div id=\"element-body-11\" class=\"sc-98b114a2-0 bkqiHH image-embed image-embed \"><picture class=\"sc-98b114a2-1 jRUlDm\"><source srcset=\"https:\/\/www.clarin.com\/img\/2026\/03\/04\/KN-Q_nUq7_720x0__1.jpg\" media=\"(min-width: 975px)\" \/><img loading=\"lazy\" decoding=\"async\" src=\"https:\/\/www.clarin.com\/img\/2026\/03\/04\/KN-Q_nUq7_720x0__1.jpg\" alt=\"Uno de los heridos ingresa al Hospital Galle de Sri Lanka. Foto: Reuters\" width=\"720\" height=\"480\" data-nimg=\"1\" \/><\/picture><span class=\"epigraphe\" aria-hidden=\"true\">Uno de los <span style=\"font-size: 8pt;\"><strong>Heridos ingresa al Hospital Galle de Sri Lanka<\/strong><\/span><\/span><\/div>\n<div id=\"element-body-12\" class=\"sc-45461e9c-0 eqiBeF container-text text-embed \">\n<p>El IRIS Dena \u2014uno de los buques de guerra m\u00e1s nuevos de Ir\u00e1n\u2014 era una fragata de la clase Moudge que patrullaba en aguas profundas para la Marina iran\u00ed. Estaba armada con ca\u00f1ones pesados, misiles tierra-aire, misiles antibuque y torpedos. Tambi\u00e9n transportaba un helic\u00f3ptero. Ahora se encontraba participando en\u00a0<strong>un ejercicio militar<\/strong>\u00a0en el puerto indio de Visakhapatnam.<\/p>\n<\/div>\n<div id=\"element-body-13\" class=\"sc-45461e9c-0 eqiBeF container-text text-embed \">\n<h2>El pedido de socorro<\/h2>\n<\/div>\n<div id=\"element-body-14\" class=\"sc-45461e9c-0 eqiBeF container-text text-embed \">\n<p>El mi\u00e9rcoles por la ma\u00f1ana temprano, la fragata emiti\u00f3 una llamada de socorro y, menos de una hora despu\u00e9s, un barco lleg\u00f3 a la zona, a unos 40 kil\u00f3metros al sur del puerto de Galle, seg\u00fan inform\u00f3 el ministro.<\/p>\n<\/div>\n<div id=\"element-body-15\" class=\"sc-45461e9c-0 eqiBeF container-text text-embed \">\n<p>La fragata\u00a0<strong>se hab\u00eda hundido por completo<\/strong>, dejando solo una mancha de petr\u00f3leo cuando llegaron los buques de la Armada de Sri Lanka. <strong>\u00abMientras llev\u00e1bamos a cabo la operaci\u00f3n de rescate en la zona, no observamos ning\u00fan barco en esa zona en particular. La Armada es la \u00fanica que realiza operaciones de b\u00fasqueda y rescate en la zona\u00bb, a\u00f1adi\u00f3 el portavoz de la Marina ceilandesa, Buddhika Sampath.<\/strong><\/p>\n<\/div>\n<div id=\"element-body-17\" class=\"sc-98b114a2-0 bkqiHH image-embed image-embed \"><picture class=\"sc-98b114a2-1 jRUlDm\"><source srcset=\"https:\/\/www.clarin.com\/img\/2026\/03\/04\/JBaE4LFMZ_720x0__1.jpg\" media=\"(min-width: 975px)\" \/><img loading=\"lazy\" decoding=\"async\" src=\"https:\/\/www.clarin.com\/img\/2026\/03\/04\/JBaE4LFMZ_720x0__1.jpg\" alt=\"Buddhika Sampath, portavoz de la Armada de Sri Lanza. Foto: Reuters\" width=\"720\" height=\"480\" data-nimg=\"1\" \/><\/picture><span class=\"epigraphe\" aria-hidden=\"true\">Buddhika <span style=\"font-size: 8pt;\"><strong>Sampath, portavoz de la Armada de Sri Lanza.\u00a0<\/strong><\/span><\/span><\/div>\n<div id=\"element-body-18\" class=\"sc-45461e9c-0 eqiBeF container-text text-embed \">\n<p>El ministro de Asuntos Exteriores de Sri Lanka, Vijitha Herath, inform\u00f3 previamente de que la Marina hab\u00eda rescatado al menos a\u00a0<strong>30 tripulantes gravemente heridos del buque<\/strong>, que fueron trasladados al Hospital General de Karapitiya, en la ciudad sure\u00f1a de Galle. Herath indic\u00f3 que dos buques de la Marina srilanquesa y un avi\u00f3n fueron desplegados para socorrer a 30 marinos heridos, que fueron llevados a un hospital del sur de la isla.<\/p>\n<\/div>\n<div id=\"element-body-20\" class=\"sc-45461e9c-0 eqiBeF container-text text-embed \">\n<p><strong>El ministro explic\u00f3 que la Marina y la Guardia Costera recibieron una se\u00f1al de socorro a las 05:08 hora local informando de que la embarcaci\u00f3n militar se estaba hundiendo fuera de las aguas territoriales de Sri Lanka. \u00abRespondimos a la alerta en conformidad con nuestras obligaciones internacionales, dado que est\u00e1 en nuestra zona de b\u00fasqueda y rescate del oc\u00e9ano \u00cdndico\u00bb, precis\u00f3 a la agencia de noticias AFP un portavoz de la marina srilanquesa, Buddhika Sampath.<\/strong><\/p>\n<\/div>\n<div id=\"element-body-22\" class=\"sc-98b114a2-0 bkqiHH image-embed image-embed \"><picture class=\"sc-98b114a2-1 jRUlDm\"><source srcset=\"https:\/\/www.clarin.com\/img\/2026\/03\/04\/HUmfQ5aAc_720x0__1.jpg\" media=\"(min-width: 975px)\" \/><img loading=\"lazy\" decoding=\"async\" src=\"https:\/\/www.clarin.com\/img\/2026\/03\/04\/HUmfQ5aAc_720x0__1.jpg\" alt=\"El ingreso de una ambulancia al Hospital Galle. Foto: Reuters\" width=\"720\" height=\"480\" data-nimg=\"1\" \/><\/picture><span class=\"epigraphe\" aria-hidden=\"true\">El ingreso <span style=\"font-size: 8pt;\"><strong>De una ambulancia al Hospital Galle.<\/strong><\/span><\/span><\/div>\n<div id=\"element-body-23\" class=\"sc-45461e9c-0 eqiBeF container-text text-embed \">\n<p>Los sobrevivientes fueron trasladados al Hospital General de Karapitiya, en la ciudad sure\u00f1a de Galle, mientras el Gobierno trabaja de forma expedita para evitar que el incidente genere \u00abproblemas de seguridad en la regi\u00f3n\u00bb, a\u00f1adi\u00f3 el titular de Exteriores.<\/p>\n<\/div>\n<div id=\"element-body-24\" class=\"sc-45461e9c-0 eqiBeF container-text text-embed \">\n<p><strong>El ataque se produce en medio de una escalada militar en Oriente Medio tras los recientes ataques conjuntos de Estados Unidos e Israel contra objetivos en Ir\u00e1n, una ofensiva que result\u00f3 en la muerte del l\u00edder supremo iran\u00ed, Al\u00ed Khamenei, y que ha desencadenado nuevas tensiones y amenazas de represalias.<\/strong><\/p>\n<\/div>\n<div id=\"element-body-25\" class=\"sc-45461e9c-0 eqiBeF container-text text-embed \">\n<p>Sri Lanka se ha mantenido neutral desde el inicio de la guerra en Oriente Medio, instando al di\u00e1logo. Poco m\u00e1s de un mill\u00f3n de esrilanqueses trabajan en Oriente Medio, lo que representa una fuente crucial de divisas para un pa\u00eds que a\u00fan se recupera de su peor crisis econ\u00f3mica en 2022.<\/p>\n<p><span style=\"font-size: 8pt;\"><strong>FUENTE: CLARIN &#8211; https:\/\/www.clarin.com\/mundo\/hundio-buque-guerra-irani-sri-lanka-100-desaparecidos-investigan-ataco-submarino_0_t0HKUUabzm.html<\/strong><\/span><\/p>\n<\/div>\n<\/div>\n<\/div>\n<\/article>\n<\/section>\n","protected":false},"excerpt":{"rendered":"<p>Al menos 87 muertos y 61 desaparecidos Pete Hegseth, secretario de Guerra de EE.UU., anunci\u00f3 que el buque fue alcanzado por un torpedo en aguas internacionales. El barco llevaba 180 tripulantes y lleg\u00f3 a emitir una se\u00f1al de socorro. Las autoridades de la isla rescataron a 32 marineros, algunos gravemente heridos. Estados Unidos\u00a0hundi\u00f3 este mi\u00e9rcoles &hellip;<\/p>\n","protected":false},"author":2,"featured_media":14977,"comment_status":"open","ping_status":"open","sticky":false,"template":"","format":"standard","meta":{"footnotes":""},"categories":[54,35],"tags":[3035,3036],"class_list":["post-14976","post","type-post","status-publish","format-standard","has-post-thumbnail","hentry","category-interes-ganeral","category-internacionales","tag-guerra","tag-iran"],"_links":{"self":[{"href":"https:\/\/cafeprensa.com.ar\/index.php\/wp-json\/wp\/v2\/posts\/14976","targetHints":{"allow":["GET"]}}],"collection":[{"href":"https:\/\/cafeprensa.com.ar\/index.php\/wp-json\/wp\/v2\/posts"}],"about":[{"href":"https:\/\/cafeprensa.com.ar\/index.php\/wp-json\/wp\/v2\/types\/post"}],"author":[{"embeddable":true,"href":"https:\/\/cafeprensa.com.ar\/index.php\/wp-json\/wp\/v2\/users\/2"}],"replies":[{"embeddable":true,"href":"https:\/\/cafeprensa.com.ar\/index.php\/wp-json\/wp\/v2\/comments?post=14976"}],"version-history":[{"count":1,"href":"https:\/\/cafeprensa.com.ar\/index.php\/wp-json\/wp\/v2\/posts\/14976\/revisions"}],"predecessor-version":[{"id":14978,"href":"https:\/\/cafeprensa.com.ar\/index.php\/wp-json\/wp\/v2\/posts\/14976\/revisions\/14978"}],"wp:featuredmedia":[{"embeddable":true,"href":"https:\/\/cafeprensa.com.ar\/index.php\/wp-json\/wp\/v2\/media\/14977"}],"wp:attachment":[{"href":"https:\/\/cafeprensa.com.ar\/index.php\/wp-json\/wp\/v2\/media?parent=14976"}],"wp:term":[{"taxonomy":"category","embeddable":true,"href":"https:\/\/cafeprensa.com.ar\/index.php\/wp-json\/wp\/v2\/categories?post=14976"},{"taxonomy":"post_tag","embeddable":true,"href":"https:\/\/cafeprensa.com.ar\/index.php\/wp-json\/wp\/v2\/tags?post=14976"}],"curies":[{"name":"wp","href":"https:\/\/api.w.org\/{rel}","templated":true}]}}