{"id":14984,"date":"2026-03-05T08:26:41","date_gmt":"2026-03-05T11:26:41","guid":{"rendered":"https:\/\/cafeprensa.com.ar\/?p=14984"},"modified":"2026-03-05T08:26:41","modified_gmt":"2026-03-05T11:26:41","slug":"cano-y-elias-de-perez-quieren-obligar-al-ejecutivo-a-dar-la-cara-ante-la-legislatura","status":"publish","type":"post","link":"https:\/\/cafeprensa.com.ar\/index.php\/2026\/03\/05\/cano-y-elias-de-perez-quieren-obligar-al-ejecutivo-a-dar-la-cara-ante-la-legislatura\/","title":{"rendered":"Cano y Elias de Perez quieren obligar al Ejecutivo a \u00abdar la cara\u00bb ante la Legislatura"},"content":{"rendered":"<div class=\"space-y-3\">\n<div class=\"max-w-4xl\">\n<p class=\"__className_c59aa5 text-lg pt-2\">Los parlamentarios <em><strong>Silvia El\u00edas de P\u00e9rez y Jos\u00e9 Cano<\/strong><\/em> pretenden que dos veces por a\u00f1o, en sesiones p\u00fablicas y transmitidas, el Gobierno deba detallar n\u00fameros, indicadores y estado de obras y responder preguntas para romper con la \u201ccaja cerrada\u201d del Estado provincial.<\/p>\n<\/div>\n<\/div>\n<div class=\"flex flex-col md:flex-row mt-3 gap-4 relative\">\n<div class=\"grow md:w-[856px] relative\">\n<div class=\"md:flex md:items-start md:justify-between md:gap-8 relative \">\n<div class=\"pb-7 font-thin\">\n<p class=\"text-lg\">Los legisladores radicales\u00a0<strong>Silvia El\u00edas de P\u00e9rez y Jos\u00e9 Cano<\/strong> presentaron un proyecto de ley con el objetivo de instituir la obligatoriedad de la presentaci\u00f3n de un \u00abInforme de Progreso de Gesti\u00f3n\u00bb por parte del Poder Ejecutivo ante la Legislatura de Tucum\u00e1n.<img loading=\"lazy\" decoding=\"async\" class=\"alignnone wp-image-14958 size-full\" src=\"https:\/\/cafeprensa.com.ar\/wp-content\/uploads\/2026\/03\/970x90-1.gif\" alt=\"\" width=\"970\" height=\"90\" \/><\/p>\n<p class=\"text-lg\"><strong>Esta iniciativa busca establecer en la provincia un mecanismo de control y rendici\u00f3n de cuentas similar al que se ejecuta en el \u00e1mbito nacional, donde el Jefe de Gabinete de Ministros comparece peri\u00f3dicamente ante ambas C\u00e1maras del Congreso para informar sobre la marcha del gobierno. <\/strong><strong>La propuesta de los parlamentarios tucumanos apunta a que el Ejecutivo deba informar sobre el desenvolvimiento de la gesti\u00f3n gubernamental dos veces al a\u00f1o, espec\u00edficamente en los meses de junio y noviembre, permitiendo un seguimiento cercano de la administraci\u00f3n de los recursos p\u00fablicos.<\/strong><\/p>\n<p class=\"text-lg\">De acuerdo con el articulado del proyecto, el Secretario General de la Gobernaci\u00f3n (<strong>Federico Nazur<\/strong>) ser\u00e1 el responsable de la presentaci\u00f3n del informe ante el pleno del Cuerpo legislativo. Asimismo, se establece que <strong>\u201clos Ministros de las respectivas carteras deber\u00e1n suministrar la informaci\u00f3n t\u00e9cnica de sus \u00e1reas y podr\u00e1n ser requeridos por la Legislatura para ampliar el informe en la misma sesi\u00f3n\u201d.<\/strong> Para asegurar un an\u00e1lisis exhaustivo, el Ejecutivo deber\u00e1 remitir el informe por escrito con una antelaci\u00f3n no menor a 20 d\u00edas corridos a la fecha de la sesi\u00f3n informativa, permitiendo que los legisladores env\u00eden preguntas ampliatorias hasta siete d\u00edas antes del encuentro, el cual tendr\u00e1 \u201ccar\u00e1cter p\u00fablico y ser\u00e1 transmitida por medios oficiales\u201d.<\/p>\n<p class=\"text-lg\"><strong>El contenido del informe deber\u00e1 ser detallado y t\u00e9cnico, incluyendo la ejecuci\u00f3n presupuestaria por jurisdicci\u00f3n y programa, el estado de avance de las metas f\u00edsicas y financieras de los planes estrat\u00e9gicos, e indicadores de impacto de las pol\u00edticas p\u00fablicas ejecutadas. Adem\u00e1s, la iniciativa prev\u00e9 sanciones por incumplimiento, determinando que la falta a los plazos y formas establecidos \u201cser\u00e1 considerado falta grave a los deberes de funcionario p\u00fablico, sin perjuicio de las facultades de interpelaci\u00f3n previstas en la Constituci\u00f3n Provincial\u201d.<img loading=\"lazy\" decoding=\"async\" class=\"alignnone wp-image-14986 size-full\" src=\"https:\/\/cafeprensa.com.ar\/wp-content\/uploads\/2026\/03\/Discurso-1-de-marzo-Jaldo.jpeg\" alt=\"\" width=\"1000\" height=\"666\" srcset=\"https:\/\/cafeprensa.com.ar\/wp-content\/uploads\/2026\/03\/Discurso-1-de-marzo-Jaldo.jpeg 1000w, https:\/\/cafeprensa.com.ar\/wp-content\/uploads\/2026\/03\/Discurso-1-de-marzo-Jaldo-300x200.jpeg 300w, https:\/\/cafeprensa.com.ar\/wp-content\/uploads\/2026\/03\/Discurso-1-de-marzo-Jaldo-768x511.jpeg 768w\" sizes=\"auto, (max-width: 1000px) 100vw, 1000px\" \/><\/strong><\/p>\n<p class=\"text-lg\">En los fundamentos de la medida, <strong>El\u00edas de P\u00e9rez y Cano<\/strong> sostienen que el v\u00ednculo entre el Estado y el ciudadano actualmente est\u00e1 roto y que la \u00fanica forma de repararlo es con la verdad sobre la mesa. \u201cLa pregunta que se hace el tucumano es simple: &#8216;\u00bfQu\u00e9 hacen con nuestra plata?&#8217;. Y este proyecto viene a responder eso. No busca ser una molestia burocr\u00e1tica para el Poder Ejecutivo, sino una herramienta de respeto al pueblo\u201d, afirman los autores. Los legisladores remarcan que rendir cuentas debe ser una \u201cobligaci\u00f3n natural en una democracia\u201d y no un acto excepcional.<img loading=\"lazy\" decoding=\"async\" class=\"alignnone wp-image-14764 size-full\" src=\"https:\/\/cafeprensa.com.ar\/wp-content\/uploads\/2026\/02\/970x250-2-4.gif\" alt=\"\" width=\"970\" height=\"250\" \/><\/p>\n<p class=\"text-lg\"><strong>Finalmente, los autores del proyecto enfatizan que buscan evitar la lectura de \u201cdiscursos vac\u00edos\u201d, exigiendo en cambio que los funcionarios \u201cvengan a dar la cara, a mostrar n\u00fameros, metas y resultados\u201d. El objetivo \u00faltimo es que el Estado tucumano deje de ser una \u201ccaja cerrada\u201d y se convierta en una \u201ccasa de cristal\u201d, donde se explique con claridad, por ejemplo, \u201cpor qu\u00e9 una obra en una comuna est\u00e1 parada o qu\u00e9 pas\u00f3 con el presupuesto para los canales que hoy est\u00e1n tapados\u201d, garantizando que los recursos se utilicen para que los ciudadanos puedan \u201cvivir mejor, estar m\u00e1s seguros y dejar de mirar al cielo con miedo cada vez que empieza a llover\u201d.<\/strong><\/p>\n<\/div>\n<\/div>\n<\/div>\n<\/div>\n","protected":false},"excerpt":{"rendered":"<p>Los parlamentarios Silvia El\u00edas de P\u00e9rez y Jos\u00e9 Cano pretenden que dos veces por a\u00f1o, en sesiones p\u00fablicas y transmitidas, el Gobierno deba detallar n\u00fameros, indicadores y estado de obras y responder preguntas para romper con la \u201ccaja cerrada\u201d del Estado provincial. Los legisladores radicales\u00a0Silvia El\u00edas de P\u00e9rez y Jos\u00e9 Cano presentaron un proyecto de &hellip;<\/p>\n","protected":false},"author":2,"featured_media":14985,"comment_status":"open","ping_status":"open","sticky":false,"template":"","format":"standard","meta":{"footnotes":""},"categories":[1611,25],"tags":[3038],"class_list":["post-14984","post","type-post","status-publish","format-standard","has-post-thumbnail","hentry","category-legislatura-de-tucuman","category-politica","tag-cano-y-elias-de-perez"],"_links":{"self":[{"href":"https:\/\/cafeprensa.com.ar\/index.php\/wp-json\/wp\/v2\/posts\/14984","targetHints":{"allow":["GET"]}}],"collection":[{"href":"https:\/\/cafeprensa.com.ar\/index.php\/wp-json\/wp\/v2\/posts"}],"about":[{"href":"https:\/\/cafeprensa.com.ar\/index.php\/wp-json\/wp\/v2\/types\/post"}],"author":[{"embeddable":true,"href":"https:\/\/cafeprensa.com.ar\/index.php\/wp-json\/wp\/v2\/users\/2"}],"replies":[{"embeddable":true,"href":"https:\/\/cafeprensa.com.ar\/index.php\/wp-json\/wp\/v2\/comments?post=14984"}],"version-history":[{"count":1,"href":"https:\/\/cafeprensa.com.ar\/index.php\/wp-json\/wp\/v2\/posts\/14984\/revisions"}],"predecessor-version":[{"id":14987,"href":"https:\/\/cafeprensa.com.ar\/index.php\/wp-json\/wp\/v2\/posts\/14984\/revisions\/14987"}],"wp:featuredmedia":[{"embeddable":true,"href":"https:\/\/cafeprensa.com.ar\/index.php\/wp-json\/wp\/v2\/media\/14985"}],"wp:attachment":[{"href":"https:\/\/cafeprensa.com.ar\/index.php\/wp-json\/wp\/v2\/media?parent=14984"}],"wp:term":[{"taxonomy":"category","embeddable":true,"href":"https:\/\/cafeprensa.com.ar\/index.php\/wp-json\/wp\/v2\/categories?post=14984"},{"taxonomy":"post_tag","embeddable":true,"href":"https:\/\/cafeprensa.com.ar\/index.php\/wp-json\/wp\/v2\/tags?post=14984"}],"curies":[{"name":"wp","href":"https:\/\/api.w.org\/{rel}","templated":true}]}}