{"id":14988,"date":"2026-03-05T08:49:04","date_gmt":"2026-03-05T11:49:04","guid":{"rendered":"https:\/\/cafeprensa.com.ar\/?p=14988"},"modified":"2026-03-05T08:54:28","modified_gmt":"2026-03-05T11:54:28","slug":"todo-listo-para-que-colalao-del-valle-viva-la-fiesta-de-la-vendimia","status":"publish","type":"post","link":"https:\/\/cafeprensa.com.ar\/index.php\/2026\/03\/05\/todo-listo-para-que-colalao-del-valle-viva-la-fiesta-de-la-vendimia\/","title":{"rendered":"Todo listo para que Colalao del Valle viva la Fiesta de la Vendimia"},"content":{"rendered":"<div class=\"row ts-gutter-30 noticia\">\n<div class=\"col-lg-8 nota-left-section\">\n<div id=\"details-news-239756\" class=\"single-post\">\n<div class=\"post-content-area\">\n<div class=\"post-media\">\n<div class=\"post-header-area\">\n<p>Este s\u00e1bado 7 de marzo, la plaza principal del destino vallisto concentrar\u00e1 toda la identidad y la fuerza productiva del vino tucumano en el marco de un megaevento. Tucum\u00e1n est\u00e1 listo para celebrar la <strong>Fiesta de la Vendimia<\/strong>, que se realizar\u00e1 el s\u00e1bado 7 de marzo, desde las 16 y hasta la medianoche, en la Plaza Miguel Critto de Colalao del Valle, con una propuesta \u00fanica y especial que reunir\u00e1 en una sola celebraci\u00f3n a las bodegas del Valle Calchaqu\u00ed.<img loading=\"lazy\" decoding=\"async\" class=\"alignnone wp-image-14993 size-large\" src=\"https:\/\/cafeprensa.com.ar\/wp-content\/uploads\/2026\/03\/Vendimiadiferente-1024x577.jpeg\" alt=\"\" width=\"1024\" height=\"577\" srcset=\"https:\/\/cafeprensa.com.ar\/wp-content\/uploads\/2026\/03\/Vendimiadiferente-1024x577.jpeg 1024w, https:\/\/cafeprensa.com.ar\/wp-content\/uploads\/2026\/03\/Vendimiadiferente-300x169.jpeg 300w, https:\/\/cafeprensa.com.ar\/wp-content\/uploads\/2026\/03\/Vendimiadiferente-768x433.jpeg 768w, https:\/\/cafeprensa.com.ar\/wp-content\/uploads\/2026\/03\/Vendimiadiferente-390x220.jpeg 390w, https:\/\/cafeprensa.com.ar\/wp-content\/uploads\/2026\/03\/Vendimiadiferente.jpeg 1280w\" sizes=\"auto, (max-width: 1024px) 100vw, 1024px\" \/><\/p>\n<\/div>\n<\/div>\n<div class=\"articleBody\">\n<div>\n<p>El lanzamiento oficial se llev\u00f3 a cabo en el Ente Tucum\u00e1n Turismo (ETT) y estuvo encabezado por el presidente del organismo,\u00a0<strong>Domingo Amaya<\/strong>; la vicepresidenta,\u00a0<strong>In\u00e9s Fr\u00edas Silva<\/strong>; el secretario de Relaciones Institucionales,\u00a0<strong>Ra\u00fal Albarrac\u00edn<\/strong>; el presidente de la Comisi\u00f3n de Turismo de la Honorable Legislatura,\u00a0<strong>Francisco Serra<\/strong>; el vicepresidente del Instituto de Desarrollo Productivo (IDEP),\u00a0<strong>Juan Casa\u00f1as<\/strong>; y\u00a0<strong>Josefina Carro<\/strong>, en representaci\u00f3n de la C\u00e1mara de Bodegas y Vi\u00f1edos de Tucum\u00e1n.<\/p>\n<p>La edici\u00f3n 2026 se enmarca en la promoci\u00f3n de la\u00a0<strong>Ruta del Vino de Altura<\/strong>\u00a0como producto tur\u00edstico estrat\u00e9gico de la provincia, una propuesta que pone en valor el trabajo de las bodegas de los Valles Calchaqu\u00edes y la identidad vitivin\u00edcola del territorio. En esta oportunidad, las bodegas de Colalao del Valle y zonas aleda\u00f1as celebrar\u00e1n la Vendimia de manera conjunta, consolidando una gran fiesta provincial del vino tucumano pensada para el encuentro entre productores, vecinos y visitantes.<img loading=\"lazy\" decoding=\"async\" class=\"alignnone wp-image-14992 size-large\" src=\"https:\/\/cafeprensa.com.ar\/wp-content\/uploads\/2026\/03\/Vendimia3-1024x577.jpeg\" alt=\"\" width=\"1024\" height=\"577\" srcset=\"https:\/\/cafeprensa.com.ar\/wp-content\/uploads\/2026\/03\/Vendimia3-1024x577.jpeg 1024w, https:\/\/cafeprensa.com.ar\/wp-content\/uploads\/2026\/03\/Vendimia3-300x169.jpeg 300w, https:\/\/cafeprensa.com.ar\/wp-content\/uploads\/2026\/03\/Vendimia3-768x433.jpeg 768w, https:\/\/cafeprensa.com.ar\/wp-content\/uploads\/2026\/03\/Vendimia3-390x220.jpeg 390w, https:\/\/cafeprensa.com.ar\/wp-content\/uploads\/2026\/03\/Vendimia3.jpeg 1280w\" sizes=\"auto, (max-width: 1024px) 100vw, 1024px\" \/><\/p>\n<p><strong>\u201cEl vino tucumano es \u00fanico y con esto no queremos decir que somos los mejores, solo que somos distintos, y esa experiencia es la que invitamos a disfrutar en el marco del evento\u201d<\/strong>, dijo Amaya. \u201cEn cada feria internacional a la que vamos llevamos este producto y lo mostramos con orgullo. Y pasa no solo con el vino, sino con todo lo que Tucum\u00e1n produce, porque es una indicaci\u00f3n del gobernador\u00a0<strong>Osvaldo Jaldo<\/strong>: poner a Tucum\u00e1n primero siempre, en su paisaje, su comercio y su industria\u201d, apunt\u00f3 el titular del Ente.<\/p>\n<p><strong>\u201cDesde el Ente apoyamos con todo nuestro esfuerzo porque es un horizonte de la gesti\u00f3n que llevamos adelante: que los tucumanos se convenzan de que el turismo es una alternativa o valor agregado que les otorga un plus a sus productos. En el caso del vino, m\u00e1s all\u00e1 de la calidad de la bebida, elaborada a m\u00e1s de 2000 metros de altura, hay una apuesta enorme de los privados por convertir su consumo en una experiencia\u201d, explic\u00f3 Fr\u00edas Silva, quien adem\u00e1s inform\u00f3 que lo recaudado en consumici\u00f3n ser\u00e1 destinado para la reparaci\u00f3n de la c\u00fapula de la iglesia de la localidad.<img loading=\"lazy\" decoding=\"async\" class=\"alignnone wp-image-14990 size-full\" src=\"https:\/\/cafeprensa.com.ar\/wp-content\/uploads\/2026\/03\/730x473_260305081921_27749.jpeg\" alt=\"\" width=\"730\" height=\"473\" srcset=\"https:\/\/cafeprensa.com.ar\/wp-content\/uploads\/2026\/03\/730x473_260305081921_27749.jpeg 730w, https:\/\/cafeprensa.com.ar\/wp-content\/uploads\/2026\/03\/730x473_260305081921_27749-300x194.jpeg 300w\" sizes=\"auto, (max-width: 730px) 100vw, 730px\" \/><\/strong><\/p>\n<p><strong><em>Un vino con car\u00e1cter<\/em><\/strong><\/p>\n<p>La Vendimia constituye una de las expresiones culturales m\u00e1s representativas del valle y, en Colalao, adquiere un significado especial por su v\u00ednculo con la producci\u00f3n local, la identidad comunitaria y el entorno natural que caracteriza a la regi\u00f3n. La celebraci\u00f3n busca\u00a0<strong>reconocer el trabajo de quienes sostienen la actividad vitivin\u00edcola en los Valles<\/strong>\u00a0y promover la creciente proyecci\u00f3n del vino tucumano.<\/p>\n<p>\u201cHay una variedad enorme de vinos y al mismo tiempo una variedad de bodegas, cada una cuenta a trav\u00e9s de sus etiquetas una historia diferente que se puede percibir en aroma y gusto.<strong>\u00a0El vino tucumano tiene esa particularidad: su sabor es \u00fanico pero tambi\u00e9n es \u00fanica la relaci\u00f3n que se establece entre quien nos visita y los productores,<\/strong>\u00a0porque somos nosotros quienes estamos al frente de cada establecimiento, recibiendo al turista\u201d, manifest\u00f3 Carro, propietaria de R\u00edo de Arena.<\/p>\n<p><strong><em>Mucho vino, s\u00ed, pero m\u00e1s que eso<\/em><\/strong><\/p>\n<p><strong>Durante la jornada, el p\u00fablico podr\u00e1 disfrutar de degustaciones de vinos locales, venta de productos regionales, un paseo por los stands de la Ruta del Artesano del Valle Calchaqu\u00ed, propuestas gastron\u00f3micas t\u00edpicas y una destacada grilla art\u00edstica con figuras de proyecci\u00f3n nacional. Asimismo, se desarrollar\u00e1n actividades vinculadas a la producci\u00f3n del vino que permitir\u00e1n conocer de cerca el proceso vitivin\u00edcola y la identidad cultural de los Valles Calchaqu\u00edes.<\/strong><\/p>\n<p>La Fiesta Provincial de la Vendimia se presenta as\u00ed como una oportunidad para descubrir Colalao del Valle a trav\u00e9s de sus sabores, su m\u00fasica y su gente, reafirmando el crecimiento de la cultura del vino como parte de la identidad tur\u00edstica de Tucum\u00e1n y sumando una propuesta de alto impacto al calendario de eventos de la temporada de verano en el norte argentino.<\/p>\n<\/div>\n<\/div>\n<\/div>\n<\/div>\n<\/div>\n<\/div>\n","protected":false},"excerpt":{"rendered":"<p>Este s\u00e1bado 7 de marzo, la plaza principal del destino vallisto concentrar\u00e1 toda la identidad y la fuerza productiva del vino tucumano en el marco de un megaevento. Tucum\u00e1n est\u00e1 listo para celebrar la Fiesta de la Vendimia, que se realizar\u00e1 el s\u00e1bado 7 de marzo, desde las 16 y hasta la medianoche, en la &hellip;<\/p>\n","protected":false},"author":2,"featured_media":14991,"comment_status":"open","ping_status":"open","sticky":false,"template":"","format":"standard","meta":{"footnotes":""},"categories":[34,170],"tags":[3039],"class_list":["post-14988","post","type-post","status-publish","format-standard","has-post-thumbnail","hentry","category-locales","category-turismo","tag-colalao-del-valle-viva-la-fiesta-de-la-vendimia"],"_links":{"self":[{"href":"https:\/\/cafeprensa.com.ar\/index.php\/wp-json\/wp\/v2\/posts\/14988","targetHints":{"allow":["GET"]}}],"collection":[{"href":"https:\/\/cafeprensa.com.ar\/index.php\/wp-json\/wp\/v2\/posts"}],"about":[{"href":"https:\/\/cafeprensa.com.ar\/index.php\/wp-json\/wp\/v2\/types\/post"}],"author":[{"embeddable":true,"href":"https:\/\/cafeprensa.com.ar\/index.php\/wp-json\/wp\/v2\/users\/2"}],"replies":[{"embeddable":true,"href":"https:\/\/cafeprensa.com.ar\/index.php\/wp-json\/wp\/v2\/comments?post=14988"}],"version-history":[{"count":1,"href":"https:\/\/cafeprensa.com.ar\/index.php\/wp-json\/wp\/v2\/posts\/14988\/revisions"}],"predecessor-version":[{"id":14994,"href":"https:\/\/cafeprensa.com.ar\/index.php\/wp-json\/wp\/v2\/posts\/14988\/revisions\/14994"}],"wp:featuredmedia":[{"embeddable":true,"href":"https:\/\/cafeprensa.com.ar\/index.php\/wp-json\/wp\/v2\/media\/14991"}],"wp:attachment":[{"href":"https:\/\/cafeprensa.com.ar\/index.php\/wp-json\/wp\/v2\/media?parent=14988"}],"wp:term":[{"taxonomy":"category","embeddable":true,"href":"https:\/\/cafeprensa.com.ar\/index.php\/wp-json\/wp\/v2\/categories?post=14988"},{"taxonomy":"post_tag","embeddable":true,"href":"https:\/\/cafeprensa.com.ar\/index.php\/wp-json\/wp\/v2\/tags?post=14988"}],"curies":[{"name":"wp","href":"https:\/\/api.w.org\/{rel}","templated":true}]}}