{"id":15001,"date":"2026-03-05T12:34:32","date_gmt":"2026-03-05T15:34:32","guid":{"rendered":"https:\/\/cafeprensa.com.ar\/?p=15001"},"modified":"2026-03-05T12:34:32","modified_gmt":"2026-03-05T15:34:32","slug":"que-catalan-tiene-que-exigirle-a-milei-que-mande-los-fondos-que-le-debe-a-tucuman","status":"publish","type":"post","link":"https:\/\/cafeprensa.com.ar\/index.php\/2026\/03\/05\/que-catalan-tiene-que-exigirle-a-milei-que-mande-los-fondos-que-le-debe-a-tucuman\/","title":{"rendered":"\u201cQue Catal\u00e1n, tiene que exigirle a Milei que mande los fondos que le debe a Tucum\u00e1n\u201d"},"content":{"rendered":"<p><strong data-end=\"182\" data-start=\"51\">Durante una visita al barrio San Gabriel, donde visit\u00f3 un Centro Comunitario junto al Legislador Ernesto G\u00f3mez Rossi, el\u00a0<b>concejal<\/b>\u00a0Gast\u00f3n G\u00f3mez,\u00a0<b>vicepresidente 2\u00b0 del Honorable Concejo Deliberante de San Miguel de Tucum\u00e1n y referente de Libres del Sur<\/b>, cruz\u00f3 a\u00a0<b>Lisandro Catal\u00e1n<\/b>, referente de la LLA. <img loading=\"lazy\" decoding=\"async\" class=\"alignnone wp-image-15004 size-full\" src=\"https:\/\/cafeprensa.com.ar\/wp-content\/uploads\/2026\/03\/818x460_260216125353_67297.jpg\" alt=\"\" width=\"818\" height=\"460\" srcset=\"https:\/\/cafeprensa.com.ar\/wp-content\/uploads\/2026\/03\/818x460_260216125353_67297.jpg 818w, https:\/\/cafeprensa.com.ar\/wp-content\/uploads\/2026\/03\/818x460_260216125353_67297-300x169.jpg 300w, https:\/\/cafeprensa.com.ar\/wp-content\/uploads\/2026\/03\/818x460_260216125353_67297-768x432.jpg 768w, https:\/\/cafeprensa.com.ar\/wp-content\/uploads\/2026\/03\/818x460_260216125353_67297-390x220.jpg 390w\" sizes=\"auto, (max-width: 818px) 100vw, 818px\" \/><\/strong><\/p>\n<p data-end=\"896\" data-start=\"705\"><i>\u201cLisandro Catal\u00e1n deber\u00eda desactivar de una vez por todas el modo campa\u00f1a y ponerse a trabajar para ayudar a sacar al pa\u00eds de la profunda crisis que hoy viven millones de argentinos\u201d,\u00a0<\/i>afirm\u00f3.<img loading=\"lazy\" decoding=\"async\" class=\"alignnone wp-image-14958 size-full\" src=\"https:\/\/cafeprensa.com.ar\/wp-content\/uploads\/2026\/03\/970x90-1.gif\" alt=\"\" width=\"970\" height=\"90\" \/><\/p>\n<p data-end=\"1265\" data-start=\"898\"><em><strong>El dirigente de Libres del Sur se\u00f1al\u00f3 que\u00a0\u00abla situaci\u00f3n de estancamiento econ\u00f3mico y ca\u00edda de los ingresos es cada vez m\u00e1s compleja\u00bb.\u00a0Y a\u00f1adi\u00f3:\u00a0\u201cLa gente la est\u00e1 pasando mal. No llega a fin de mes, siguen aumentando los precios de los alimentos y los servicios, cierran f\u00e1bricas e industrias y crece el desempleo, cae el consumo. Sin embargo, el gobierno nacional no se le caen m\u00e1s ideas m\u00e1s que m\u00e1s ajuste y motosierra\u201d.<img loading=\"lazy\" decoding=\"async\" class=\"alignnone wp-image-15005 size-full\" src=\"https:\/\/cafeprensa.com.ar\/wp-content\/uploads\/2026\/03\/lisandro-catalan-10092025-2096482.jpg\" alt=\"\" width=\"987\" height=\"555\" srcset=\"https:\/\/cafeprensa.com.ar\/wp-content\/uploads\/2026\/03\/lisandro-catalan-10092025-2096482.jpg 987w, https:\/\/cafeprensa.com.ar\/wp-content\/uploads\/2026\/03\/lisandro-catalan-10092025-2096482-300x169.jpg 300w, https:\/\/cafeprensa.com.ar\/wp-content\/uploads\/2026\/03\/lisandro-catalan-10092025-2096482-768x432.jpg 768w, https:\/\/cafeprensa.com.ar\/wp-content\/uploads\/2026\/03\/lisandro-catalan-10092025-2096482-390x220.jpg 390w\" sizes=\"auto, (max-width: 987px) 100vw, 987px\" \/><\/strong><\/em><\/p>\n<p data-end=\"1265\" data-start=\"898\">En ese sentido,\u00a0<b>G\u00f3mez<\/b>\u00a0cuestion\u00f3 duramente al dirigente de La Libertad Avanza en Tucum\u00e1n:\u00a0<i>\u201cLe pedimos que deje la politiquer\u00eda barata, que abandone la posici\u00f3n c\u00f3moda como \u00f1oqui de lujo en YPF, cobrando fortunas que le pagamos todos los argentinos; y que se ponga a trabajar en serio por Tucum\u00e1n\u201d.<\/i><\/p>\n<p data-end=\"1943\" data-start=\"1678\"><strong><i>\u201cSi realmente le interesa Tucum\u00e1n y el bienestar de los tucumanos, lo invito a que firmemos un Acta Compromiso para ir a Bs As. junto al gobierno de\u00a0Osvaldo Jaldo, para exigirle a\u00a0Milei\u00a0que env\u00ede los fondos que la Naci\u00f3n le adeuda a Tucum\u00e1n\u201d,<\/i>\u00a0sostuvo.<\/strong><\/p>\n<p data-end=\"2186\" data-start=\"1945\">Finalmente,\u00a0<b>G\u00f3mez<\/b>\u00a0remarc\u00f3 que \u201cen momentos de angustia social como los que vivimos necesitamos dirigentes que trabajen en serio y defiendan los intereses de Tucumanos, no dirigentes que anden de campa\u00f1a pol\u00edtica a m\u00e1s de un a\u00f1o de las pr\u00f3ximas elecciones solo por inter\u00e9s partidario\u201d.<img loading=\"lazy\" decoding=\"async\" class=\"alignnone wp-image-15003 size-full\" src=\"https:\/\/cafeprensa.com.ar\/wp-content\/uploads\/2026\/03\/600x400_sesin-preparatoria-juraron-como-autoridades-ortega-juri-gomez-1126645-161053.webp\" alt=\"\" width=\"600\" height=\"400\" srcset=\"https:\/\/cafeprensa.com.ar\/wp-content\/uploads\/2026\/03\/600x400_sesin-preparatoria-juraron-como-autoridades-ortega-juri-gomez-1126645-161053.webp 600w, https:\/\/cafeprensa.com.ar\/wp-content\/uploads\/2026\/03\/600x400_sesin-preparatoria-juraron-como-autoridades-ortega-juri-gomez-1126645-161053-300x200.webp 300w\" sizes=\"auto, (max-width: 600px) 100vw, 600px\" \/><\/p>\n<p data-end=\"2431\" data-is-last-node=\"\" data-is-only-node=\"\" data-start=\"2188\"><strong>Desde\u00a0Libres del Sur Tucum\u00e1n\u00a0se\u00f1alaron que continuar\u00e1n recorriendo los barrios de la capital y del interior provincial para escuchar a los vecinos y acompa\u00f1ar las gestiones que permitan mejorar la calidad de vida de las familias tucumanas.<\/strong><\/p>\n","protected":false},"excerpt":{"rendered":"<p>Durante una visita al barrio San Gabriel, donde visit\u00f3 un Centro Comunitario junto al Legislador Ernesto G\u00f3mez Rossi, el\u00a0concejal\u00a0Gast\u00f3n G\u00f3mez,\u00a0vicepresidente 2\u00b0 del Honorable Concejo Deliberante de San Miguel de Tucum\u00e1n y referente de Libres del Sur, cruz\u00f3 a\u00a0Lisandro Catal\u00e1n, referente de la LLA. \u201cLisandro Catal\u00e1n deber\u00eda desactivar de una vez por todas el modo campa\u00f1a &hellip;<\/p>\n","protected":false},"author":2,"featured_media":15002,"comment_status":"open","ping_status":"open","sticky":false,"template":"","format":"standard","meta":{"footnotes":""},"categories":[1707,25],"tags":[1804,565],"class_list":["post-15001","post","type-post","status-publish","format-standard","has-post-thumbnail","hentry","category-concejales-de-tucuman","category-politica","tag-catalan","tag-concejal-gomez"],"_links":{"self":[{"href":"https:\/\/cafeprensa.com.ar\/index.php\/wp-json\/wp\/v2\/posts\/15001","targetHints":{"allow":["GET"]}}],"collection":[{"href":"https:\/\/cafeprensa.com.ar\/index.php\/wp-json\/wp\/v2\/posts"}],"about":[{"href":"https:\/\/cafeprensa.com.ar\/index.php\/wp-json\/wp\/v2\/types\/post"}],"author":[{"embeddable":true,"href":"https:\/\/cafeprensa.com.ar\/index.php\/wp-json\/wp\/v2\/users\/2"}],"replies":[{"embeddable":true,"href":"https:\/\/cafeprensa.com.ar\/index.php\/wp-json\/wp\/v2\/comments?post=15001"}],"version-history":[{"count":1,"href":"https:\/\/cafeprensa.com.ar\/index.php\/wp-json\/wp\/v2\/posts\/15001\/revisions"}],"predecessor-version":[{"id":15006,"href":"https:\/\/cafeprensa.com.ar\/index.php\/wp-json\/wp\/v2\/posts\/15001\/revisions\/15006"}],"wp:featuredmedia":[{"embeddable":true,"href":"https:\/\/cafeprensa.com.ar\/index.php\/wp-json\/wp\/v2\/media\/15002"}],"wp:attachment":[{"href":"https:\/\/cafeprensa.com.ar\/index.php\/wp-json\/wp\/v2\/media?parent=15001"}],"wp:term":[{"taxonomy":"category","embeddable":true,"href":"https:\/\/cafeprensa.com.ar\/index.php\/wp-json\/wp\/v2\/categories?post=15001"},{"taxonomy":"post_tag","embeddable":true,"href":"https:\/\/cafeprensa.com.ar\/index.php\/wp-json\/wp\/v2\/tags?post=15001"}],"curies":[{"name":"wp","href":"https:\/\/api.w.org\/{rel}","templated":true}]}}