{"id":15007,"date":"2026-03-06T07:27:55","date_gmt":"2026-03-06T10:27:55","guid":{"rendered":"https:\/\/cafeprensa.com.ar\/?p=15007"},"modified":"2026-03-06T07:27:55","modified_gmt":"2026-03-06T10:27:55","slug":"el-gobierno-y-ate-sellaron-un-nuevo-acuerdo-salarial","status":"publish","type":"post","link":"https:\/\/cafeprensa.com.ar\/index.php\/2026\/03\/06\/el-gobierno-y-ate-sellaron-un-nuevo-acuerdo-salarial\/","title":{"rendered":"El Gobierno y ATE sellaron un nuevo acuerdo salarial"},"content":{"rendered":"<h2 class=\"post-title title-lg\"><span style=\"font-size: 16px; font-weight: 400;\">Luego de la firma, los trabajadores de ATE posaron junto al vicegobernador a cargo del Ejecutivo, Miguel Acevedo y los funcionarios provinciales.<\/span><\/h2>\n<div class=\"row ts-gutter-30 noticia\">\n<div class=\"col-lg-8 nota-left-section\">\n<div id=\"details-news-239785\" class=\"single-post\">\n<div class=\"post-content-area\">\n<div class=\"post-media\">\n<div class=\"post-header-area\">\n<p class=\"sumario\"><strong>El acta firmada contempla un incremento del 11% que elevar\u00e1 el piso salarial del sector a $970 mil.<\/strong><\/p>\n<\/div>\n<\/div>\n<div class=\"articleBody\">\n<div>\n<p id=\"isPasted\">El vicegobernador a cargo del Poder Ejecutivo,\u00a0<strong>Miguel Acevedo<\/strong>, encabez\u00f3 este jueves por la tarde en Casa de Gobierno la firma de un nuevo acuerdo salarial con la Asociaci\u00f3n de Trabajadores del Estado (ATE). El convenio establece un incremento del 11% al b\u00e1sico y una recomposici\u00f3n integral que busca sostener el poder adquisitivo frente al contexto econ\u00f3mico nacional.<img loading=\"lazy\" decoding=\"async\" class=\"alignnone wp-image-14958 size-full\" src=\"https:\/\/cafeprensa.com.ar\/wp-content\/uploads\/2026\/03\/970x90-1.gif\" alt=\"\" width=\"970\" height=\"90\" \/><\/p>\n<p>De la r\u00fabrica participaron tambi\u00e9n el ministro de Gobierno y Justicia,<strong>\u00a0Regino Amado<\/strong>; el secretario de Gobierno y Relaciones Institucionales,<strong>\u00a0Ra\u00fal Albarrac\u00edn<\/strong>; y el secretario de Acci\u00f3n Pol\u00edtica y Comunitaria,<strong>\u00a0Daniel Garc\u00eda<\/strong>. Por el sector gremial, el acuerdo fue refrendado por el secretario general de ATE,\u00a0<strong>Jorge Flores<\/strong>.<\/p>\n<p><strong>Detalles del acuerdo<\/strong><\/p>\n<p>El acta firmada contempla una serie de beneficios que impactar\u00e1n de manera directa en el bolsillo de los agentes estatales a partir del mes de marzo:<\/p>\n<p><strong>Aumento salarial:<\/strong>\u00a0Incremento del 11% al b\u00e1sico.<\/p>\n<p><strong>Monto total:<\/strong>\u00a0El acuerdo representa una mejora de <strong>$120.000.<\/strong><\/p>\n<p><strong>Piso salarial:<\/strong>\u00a0Se garantiz\u00f3 que ning\u00fan trabajador percibir\u00e1 menos de<strong> $970.000.<\/strong><\/p>\n<p><strong>Asignaciones Familiares:<\/strong>\u00a0Un aumento del 60%, pasando de <strong>$25.000 a $40.000.<\/strong><\/p>\n<p><strong>Ayuda Escolar:<\/strong>\u00a0Se duplic\u00f3 el monto, elev\u00e1ndolo de<strong> $15.000 a $30.000.<\/strong><\/p>\n<p>\u00abSalimos satisfechos. Sabemos que siempre que firmamos un acuerdo no es lo que pretendemos, pero es uno de los mejores convenios que hemos logrado \u00faltimamente\u00bb, expres\u00f3 Jorge Flores tras el encuentro.<\/p>\n<p><strong>El referente sindical destac\u00f3 la evoluci\u00f3n de los haberes en el \u00faltimo periodo: \u00abEs un logro significativo que ning\u00fan trabajador cobre menos de 970 mil pesos. Hemos tenido un avance que supera la inflaci\u00f3n. Para ponerlo en perspectiva, en noviembre de 2023 un trabajador ganaba 228 mil pesos; hoy esa realidad ha cambiado sustancialmente en beneficio de la familia estatal\u00bb.<img loading=\"lazy\" decoding=\"async\" class=\"alignnone wp-image-14894 size-full\" src=\"https:\/\/cafeprensa.com.ar\/wp-content\/uploads\/2026\/03\/970x250-2.gif\" alt=\"\" width=\"970\" height=\"250\" \/><\/strong><\/p>\n<p>Con esta firma, el Gobierno de la Provincia reafirma su compromiso de mantener el di\u00e1logo abierto con los distintos sectores y priorizar la estabilidad del empleo p\u00fablico y el bienestar de los trabajadores tucumanos.<\/p>\n<\/div>\n<\/div>\n<\/div>\n<\/div>\n<\/div>\n<\/div>\n","protected":false},"excerpt":{"rendered":"<p>Luego de la firma, los trabajadores de ATE posaron junto al vicegobernador a cargo del Ejecutivo, Miguel Acevedo y los funcionarios provinciales. El acta firmada contempla un incremento del 11% que elevar\u00e1 el piso salarial del sector a $970 mil. El vicegobernador a cargo del Poder Ejecutivo,\u00a0Miguel Acevedo, encabez\u00f3 este jueves por la tarde en &hellip;<\/p>\n","protected":false},"author":2,"featured_media":15008,"comment_status":"open","ping_status":"open","sticky":false,"template":"","format":"standard","meta":{"footnotes":""},"categories":[28,34],"tags":[1581,498,610],"class_list":["post-15007","post","type-post","status-publish","format-standard","has-post-thumbnail","hentry","category-economia","category-locales","tag-acevedo","tag-raul-albarracin","tag-regino-amado"],"_links":{"self":[{"href":"https:\/\/cafeprensa.com.ar\/index.php\/wp-json\/wp\/v2\/posts\/15007","targetHints":{"allow":["GET"]}}],"collection":[{"href":"https:\/\/cafeprensa.com.ar\/index.php\/wp-json\/wp\/v2\/posts"}],"about":[{"href":"https:\/\/cafeprensa.com.ar\/index.php\/wp-json\/wp\/v2\/types\/post"}],"author":[{"embeddable":true,"href":"https:\/\/cafeprensa.com.ar\/index.php\/wp-json\/wp\/v2\/users\/2"}],"replies":[{"embeddable":true,"href":"https:\/\/cafeprensa.com.ar\/index.php\/wp-json\/wp\/v2\/comments?post=15007"}],"version-history":[{"count":1,"href":"https:\/\/cafeprensa.com.ar\/index.php\/wp-json\/wp\/v2\/posts\/15007\/revisions"}],"predecessor-version":[{"id":15009,"href":"https:\/\/cafeprensa.com.ar\/index.php\/wp-json\/wp\/v2\/posts\/15007\/revisions\/15009"}],"wp:featuredmedia":[{"embeddable":true,"href":"https:\/\/cafeprensa.com.ar\/index.php\/wp-json\/wp\/v2\/media\/15008"}],"wp:attachment":[{"href":"https:\/\/cafeprensa.com.ar\/index.php\/wp-json\/wp\/v2\/media?parent=15007"}],"wp:term":[{"taxonomy":"category","embeddable":true,"href":"https:\/\/cafeprensa.com.ar\/index.php\/wp-json\/wp\/v2\/categories?post=15007"},{"taxonomy":"post_tag","embeddable":true,"href":"https:\/\/cafeprensa.com.ar\/index.php\/wp-json\/wp\/v2\/tags?post=15007"}],"curies":[{"name":"wp","href":"https:\/\/api.w.org\/{rel}","templated":true}]}}